{"id":83950,"date":"2026-04-08T23:23:06","date_gmt":"2026-04-08T23:23:06","guid":{"rendered":"https:\/\/www.europesays.com\/ch-fr\/83950\/"},"modified":"2026-04-08T23:23:06","modified_gmt":"2026-04-08T23:23:06","slug":"cet-endroit-paradisiaque-ou-il-adore-se-rendre-avec-son-bateau-quil-conduit-mal","status":"publish","type":"post","link":"https:\/\/www.europesays.com\/ch-fr\/83950\/","title":{"rendered":"cet endroit paradisiaque o\u00f9 il adore se rendre avec son \u00ab\u00a0bateau qu&rsquo;il conduit mal\u00a0\u00bb"},"content":{"rendered":"<p>\n                            Si G\u00e9rard Jugnot est l&rsquo;un des com\u00e9diens pr\u00e9f\u00e9r\u00e9s des Fran\u00e7ais, il n&rsquo;en reste pas moins un homme discret qui pr\u00e9f\u00e8re le sud de la France \u00e0 l&rsquo;agitation parisienne. Il y a trente ans, il y a m\u00eame trouv\u00e9 une terre d&rsquo;accueil \u00e0 son image.<\/p>\n<p>Depuis le 1er avril, <a href=\"https:\/\/www.journaldesfemmes.fr\/people\/personnalites\/2676233-gerard-jugnot-retraite-fils-femme-vie-privee-argent\/\" title=\"G\u00e9rard Jugnot\" rel=\"nofollow noopener\" target=\"_blank\">G\u00e9rard Jugnot<\/a> est \u00e0 l&rsquo;affiche de Mauvaise Pioche, une histoire librement inspir\u00e9e de celle de Guy Joao, un homme de 70\u00a0ans confondu avec Xavier Dupont de Ligonn\u00e8s en 2019. Une com\u00e9die de, et avec G\u00e9rard Jugnot, d\u00e9crite par nos confr\u00e8res d&rsquo;Allocin\u00e9 comme \u00e9tant son \u00ab\u00a0meilleur film\u00a0\u00bb.\u00a0<\/p>\n<p>G\u00e9rard Jugnot mauvais navigateur\u00a0? \u00ab\u00a0\u00c7a rentre mais parfois \u00e7a cogne un peu\u2026\u00a0\u00bb<\/p>\n<p>Depuis quelques semaines, l&rsquo;acteur de 74\u00a0ans encha\u00eene donc les plateaux de t\u00e9l\u00e9 et autres studios de radio pour promouvoir son film. Mais, d\u00e8s qu&rsquo;il le pourra, il retrouvera son havre de paix situ\u00e9 dans le Var. D&rsquo;ailleurs, il a confi\u00e9 au micro de France Inter qu&rsquo;il y poss\u00e9dait un \u00ab\u00a0petit bateau\u00a0\u00bb qu&rsquo;il \u00ab\u00a0conduit tr\u00e8s mal\u00a0\u00bb. Invit\u00e9 dans l&rsquo;\u00e9mission Zoom Zoom Zen de Mathieu No\u00ebl, l&rsquo;ancien du Splendid a eu la joie de d\u00e9couvrir un message audio laiss\u00e9 par son ami et coll\u00e8gue Philipe Lacheau\u2026 Qui le tacle sur sa fa\u00e7on de naviguer\u00a0!\u00a0<\/p>\n<p>\u00ab\u00a0Surtout ne montez pas avec ce monsieur en bateau\u00a0\u00bb, a lanc\u00e9 l&rsquo;acteur fran\u00e7ais en ajoutant que G\u00e9rard Jugnot \u00e9tait \u00ab\u00a0tr\u00e8s fier\u00a0\u00bb de son engin et qu&rsquo;il allait \u00ab\u00a0tr\u00e8s vite\u00a0sans regarder devant lui\u00a0\u00bb. \u00ab\u00a0\u00c7a fait 30\u00a0ans que j&rsquo;ai un petit bateau, 30\u00a0ans que je le conduis tr\u00e8s mal\u2026\u00a0\u00bb, a poursuivi le principal concern\u00e9. \u00ab\u00a0Quand il y a de l&rsquo;erre, c&rsquo;est une esp\u00e8ce de petite d\u00e9viation, c&rsquo;est tr\u00e8s compliqu\u00e9\u00a0\u00bb, s&rsquo;est-il ensuite justifi\u00e9. Avant d&rsquo;ajouter en bredouillant : \u00ab\u00a0Heureusement au port j&rsquo;ai une petite place entre deux bateaux, donc je me glisse. Mais des fois je suis un peu impressionn\u00e9, il y a des gens qui me regardent, donc je mets un peu trop de vitesse et boum\u2026\u00a0\u00ab\u00a0. Et de conclure\u00a0: \u00a0\u00bb\u00a0\u00c7a rentre mais parfois \u00e7a<\/p>\n<p><img decoding=\"async\" alt=\"gerard-jugnot\" src=\"https:\/\/www.europesays.com\/ch-fr\/wp-content\/uploads\/2026\/04\/40074891.jpg\"\/><br \/>\n\u00a9\u00a0Domine Jerome\/ABACA<\/p>\n<p>cogne un peu\u2026\u00a0\u00bb.\u00a0<\/p>\n<p>G\u00e9rard Jugnot\u00a0: cet \u00ab\u00a0endroit absolument magnifique\u00a0\u00bb o\u00f9 il a pos\u00e9 ses valises<\/p>\n<p>Un petit plaisir dont l&rsquo;ex Bronz\u00e9 profite quand il quitte la capitale pour se retrouver chez lui, sur la presqu&rsquo;\u00eele de Giens. Une terre d&rsquo;adoption pour ce Parisien de naissance qui a d&rsquo;ailleurs fait savoir \u00e0 nos confr\u00e8res de N\u00e9o TV que son coin pr\u00e9f\u00e9r\u00e9 de l&rsquo;Hexagone \u00e9tait bel et bien le Var\u00a0: \u00ab\u00a0Du c\u00f4t\u00e9 de Br\u00e9gan\u00e7on, il y a Port-Cros. C&rsquo;est un endroit absolument magnifique, hors du temps (\u2026) C&rsquo;est un parc national, donc il y a plein de poissons.\u00a0J&rsquo;ai un petit bateau et c&rsquo;est un endroit o\u00f9 je vais et qui m&rsquo;apaise\u00a0\u00bb.\u00a0<\/p>\n<p><a href=\"https:\/\/www.journaldesfemmes.fr\/people\/actus\/3218196-gerard-jugnot-ce-qu-il-s-est-passe-c-est-que-son-fils-arthur-a-eu-une-star-de-la-tele-pour-baby-sitter\/\" target=\"_self\" rel=\"nofollow noopener\">Le p\u00e8re d&rsquo;Arthur Jugnot <\/a>y a m\u00eame achet\u00e9 une sublime propri\u00e9t\u00e9 il y a plus de trente ans\u00a0!\u00a0C&rsquo;est d&rsquo;ailleurs dans cette r\u00e9gion du Var qu&rsquo;il coule aujourd&rsquo;hui <a href=\"https:\/\/www.journaldesfemmes.fr\/people\/actus\/3234490-gerard-jugnot-cash-sur-ses-privileges-avoir-une-place-dans-un-resto-complet\/\" target=\"_self\" rel=\"nofollow noopener\">une retraite bien m\u00e9rit\u00e9e<\/a>, dont il profite pleinement entre balades en mer et moments de qui\u00e9tude\u00a0\u00ab\u00a0Une magnifique villa, situ\u00e9e sur les hauteurs de la presqu&rsquo;\u00eele, peut-\u00eatre m\u00eame \u00e0 l&rsquo;endroit le plus \u00e9lev\u00e9\u00a0\u00bb, \u00e0 en croire un habitu\u00e9 des lieux qui a fait des confidences \u00e0 Purepeople. \u00ab\u00a0Ce n&rsquo;est pas facile d&rsquo;acc\u00e9der chez lui\u00a0: ce sont des chemins en terre tr\u00e8s escarp\u00e9s sur lesquels il se d\u00e9pla\u00e7ait avec une M\u00e9hari, \u00e7a lui permettait de passer partout\u2026\u00a0\u00bb, a-t-il m\u00eame pr\u00e9cis\u00e9.\u00a0<\/p>\n","protected":false},"excerpt":{"rendered":"Si G\u00e9rard Jugnot est l&rsquo;un des com\u00e9diens pr\u00e9f\u00e9r\u00e9s des Fran\u00e7ais, il n&rsquo;en reste pas moins un homme discret&hellip;\n","protected":false},"author":2,"featured_media":83951,"comment_status":"","ping_status":"","sticky":false,"template":"","format":"standard","meta":{"footnotes":"","_share_on_mastodon":"0"},"categories":[15],"tags":[206,158,157,24136,203,113,112,205,7749,207,208,159,23],"class_list":["post-83950","post","type-post","status-publish","format-standard","has-post-thumbnail","category-people","tag-actus","tag-celebrities","tag-celebrity","tag-cms-journaldesfemmes-3262161","tag-controller-content","tag-divertissement","tag-entertainment","tag-format-papier","tag-gerard-jugnot","tag-les-histoires-du-jdf","tag-parallaxeinfeed","tag-people","tag-suisse"],"share_on_mastodon":{"url":"https:\/\/pubeurope.com\/@ch_fr\/116371666067394712","error":""},"_links":{"self":[{"href":"https:\/\/www.europesays.com\/ch-fr\/wp-json\/wp\/v2\/posts\/83950","targetHints":{"allow":["GET"]}}],"collection":[{"href":"https:\/\/www.europesays.com\/ch-fr\/wp-json\/wp\/v2\/posts"}],"about":[{"href":"https:\/\/www.europesays.com\/ch-fr\/wp-json\/wp\/v2\/types\/post"}],"author":[{"embeddable":true,"href":"https:\/\/www.europesays.com\/ch-fr\/wp-json\/wp\/v2\/users\/2"}],"replies":[{"embeddable":true,"href":"https:\/\/www.europesays.com\/ch-fr\/wp-json\/wp\/v2\/comments?post=83950"}],"version-history":[{"count":0,"href":"https:\/\/www.europesays.com\/ch-fr\/wp-json\/wp\/v2\/posts\/83950\/revisions"}],"wp:featuredmedia":[{"embeddable":true,"href":"https:\/\/www.europesays.com\/ch-fr\/wp-json\/wp\/v2\/media\/83951"}],"wp:attachment":[{"href":"https:\/\/www.europesays.com\/ch-fr\/wp-json\/wp\/v2\/media?parent=83950"}],"wp:term":[{"taxonomy":"category","embeddable":true,"href":"https:\/\/www.europesays.com\/ch-fr\/wp-json\/wp\/v2\/categories?post=83950"},{"taxonomy":"post_tag","embeddable":true,"href":"https:\/\/www.europesays.com\/ch-fr\/wp-json\/wp\/v2\/tags?post=83950"}],"curies":[{"name":"wp","href":"https:\/\/api.w.org\/{rel}","templated":true}]}}