{"id":85194,"date":"2026-04-10T07:38:07","date_gmt":"2026-04-10T07:38:07","guid":{"rendered":"https:\/\/www.europesays.com\/ch-fr\/85194\/"},"modified":"2026-04-10T07:38:07","modified_gmt":"2026-04-10T07:38:07","slug":"la-poisse-pour-sandro-zurbrugg-salement-touche-a-un-genou","status":"publish","type":"post","link":"https:\/\/www.europesays.com\/ch-fr\/85194\/","title":{"rendered":"La poisse pour Sandro Zurbr\u00fcgg, salement touch\u00e9 \u00e0 un genou"},"content":{"rendered":"<p>Sandro Zurbr\u00fcgg s&rsquo;est gravement bless\u00e9 jeudi lors de la descente des championnats de Suisse. Il souffre d&rsquo;une rupture du ligament crois\u00e9 ant\u00e9rieur du genou gauche, a annonc\u00e9 Swiss-Ski.<\/p>\n<p>Des examens m\u00e9dicaux effectu\u00e9s \u00e0 Zurich ont \u00e9galement r\u00e9v\u00e9l\u00e9 d&rsquo;autres l\u00e9sions au genou gauche, pr\u00e9cise la f\u00e9d\u00e9ration suisse dans un communiqu\u00e9. Le Bernois de 23 ans devra subir une intervention chirurgicale dans les prochains jours.<\/p>\n<p>Le jeune skieur sort d&rsquo;une saison couronn\u00e9e de succ\u00e8s en Coupe d&rsquo;Europe. Il a remport\u00e9 le classement du g\u00e9ant, s&rsquo;assurant une place pour les \u00e9preuves de Coupe du monde dans cette discipline la saison prochaine.\u00a0<\/p>\n<p class=\"sources\">ats\/ace<\/p>\n","protected":false},"excerpt":{"rendered":"Sandro Zurbr\u00fcgg s&rsquo;est gravement bless\u00e9 jeudi lors de la descente des championnats de Suisse. Il souffre d&rsquo;une rupture&hellip;\n","protected":false},"author":2,"featured_media":85195,"comment_status":"","ping_status":"","sticky":false,"template":"","format":"standard","meta":{"footnotes":"","_share_on_mastodon":"0"},"categories":[8],"tags":[24349,34,1032,186,75,23,2709,32],"class_list":["post-85194","post","type-post","status-publish","format-standard","has-post-thumbnail","category-sports","tag-sandro-zurbrugg","tag-ski","tag-ski-alpin","tag-sport","tag-sports","tag-suisse","tag-swiss-ski","tag-zurich"],"share_on_mastodon":{"url":"https:\/\/pubeurope.com\/@ch_fr\/116379274726880511","error":""},"_links":{"self":[{"href":"https:\/\/www.europesays.com\/ch-fr\/wp-json\/wp\/v2\/posts\/85194","targetHints":{"allow":["GET"]}}],"collection":[{"href":"https:\/\/www.europesays.com\/ch-fr\/wp-json\/wp\/v2\/posts"}],"about":[{"href":"https:\/\/www.europesays.com\/ch-fr\/wp-json\/wp\/v2\/types\/post"}],"author":[{"embeddable":true,"href":"https:\/\/www.europesays.com\/ch-fr\/wp-json\/wp\/v2\/users\/2"}],"replies":[{"embeddable":true,"href":"https:\/\/www.europesays.com\/ch-fr\/wp-json\/wp\/v2\/comments?post=85194"}],"version-history":[{"count":0,"href":"https:\/\/www.europesays.com\/ch-fr\/wp-json\/wp\/v2\/posts\/85194\/revisions"}],"wp:featuredmedia":[{"embeddable":true,"href":"https:\/\/www.europesays.com\/ch-fr\/wp-json\/wp\/v2\/media\/85195"}],"wp:attachment":[{"href":"https:\/\/www.europesays.com\/ch-fr\/wp-json\/wp\/v2\/media?parent=85194"}],"wp:term":[{"taxonomy":"category","embeddable":true,"href":"https:\/\/www.europesays.com\/ch-fr\/wp-json\/wp\/v2\/categories?post=85194"},{"taxonomy":"post_tag","embeddable":true,"href":"https:\/\/www.europesays.com\/ch-fr\/wp-json\/wp\/v2\/tags?post=85194"}],"curies":[{"name":"wp","href":"https:\/\/api.w.org\/{rel}","templated":true}]}}