{"id":86832,"date":"2026-04-11T23:47:04","date_gmt":"2026-04-11T23:47:04","guid":{"rendered":"https:\/\/www.europesays.com\/ch-fr\/86832\/"},"modified":"2026-04-11T23:47:04","modified_gmt":"2026-04-11T23:47:04","slug":"le-barca-soffre-le-derby-contre-lespanyol-et-fonce-vers-le-titre-en-liga-lequipe","status":"publish","type":"post","link":"https:\/\/www.europesays.com\/ch-fr\/86832\/","title":{"rendered":"Le Bar\u00e7a s&#039;offre le derby contre l&#039;Espanyol et fonce vers le titre en Liga &#8211; L&#039;\u00c9quipe"},"content":{"rendered":"<p><a href=\"https:\/\/news.google.com\/rss\/articles\/CBMiwwFBVV95cUxPWUpwZnFnbFBZQndCWmMxUFRXYzY4YlFLS0VqMWlCdG1LS0xzSkVLODZ2U0l5N05uenBfUVNWSG9FNnp2UHpRRlRiZzU0a1UyTmtTZFRnVTA0R2N3cmtUbmF5WWp1emlJYnlZbVNya1dQVE53c3lWd0o3UkN3VGRSdnZnS0NlQWFoemYzd0FkYTY4WWpiUWprc09FS0tlZ0tpSGFmZ3NENERZbkFZbGFUU0tVUGpxSXRMZklIbFlvU3hMdmc?oc=5\" target=\"_blank\" rel=\"nofollow noopener\">Le Bar\u00e7a s&rsquo;offre le derby contre l&rsquo;Espanyol et fonce vers le titre en Liga<\/a>&nbsp;&nbsp;L&rsquo;\u00c9quipe<a href=\"https:\/\/news.google.com\/rss\/articles\/CBMiiwFBVV95cUxOVndianU0ZkNzdzVheWhGLXMwS196NF9hMmUwcEVPQlB6QmtwbXBxS0FRalFPQm04U2RGbjhkdGJWTGU3a3JERGtCZ3dvMFlfenJFYVJyM1FNWkx2cDlxUGhLejBiVXk3Tk1NSzhRd1hnSFdYZGJhaUJfYUZBMFh3UE9lNmZhZ1hQcHRz?oc=5\" target=\"_blank\" rel=\"nofollow noopener\">Bar\u00e7a, un carton pour d\u00e9poser le Real<\/a>&nbsp;&nbsp;Sports.fr<a href=\"https:\/\/news.google.com\/rss\/articles\/CBMixgFBVV95cUxPT2dvd2phYzNLQV8yT20tbkVYVDhVa1RpZUVodU1tWWxGNHpZdVZ1N1FGeFU3azdMUjRVdkxYcUVCWEdqSTAzRjUzRnc3bzU0dlIzOVZ3UzE2ZGNrMFdYSEd3bUd6X2p5WHhTWklMSnJSWWUtTHpqTl9iRTcxa0NJOWtjUm80Mi0wRmhkc2JNMHo1WlZMYUpzcUp2NFRuaVpkVTBfRURKejROMXAwSlhQd2xObHJEMUlFS1p2eVM1T3h1Yk4xY2c?oc=5\" target=\"_blank\" rel=\"nofollow noopener\">Liga : Lamine Yamal encore \u00e9tincelant, le Bar\u00e7a fonce vers le titre (vid\u00e9o)<\/a>&nbsp;&nbsp;Le Figaro<a href=\"https:\/\/news.google.com\/rss\/articles\/CBMiugFBVV95cUxQbVM4TGRjVlh0WWpjU1pmQ2E1V3ZDMzRpdEFIZGFObllsc0VWVEZ6bVQyQ01sVkRncFB4RkpKbXoyNDJIamRvbFZVajhLd0stUVNWZ2Q4LThfUHlLTXRObzEzdzdKaDFOd1ZWOFFxeTVWYzh0ZkUyaUc2dVMtdjAyUEhSZzVKWkxlT2xsRHp5YnU4QldjX3Jiczlvb1pWSXZRNHNYeHpidWtIcXhTZldyZ0Q2V0RJY3ZlckE?oc=5\" target=\"_blank\" rel=\"nofollow noopener\">FC Barcelone &#8211; Espanyol<\/a>&nbsp;&nbsp;Eurosport<a href=\"https:\/\/news.google.com\/rss\/articles\/CBMirAFBVV95cUxQYmpKdUs0eDMtYllkSUttYWVSTGhON1htb0pRd3ROUUE2TFgwSlpub0VDajVIMHZ0NkNnM1l4NERVdkdIbHFpY3pZMkktcGJjalVtRUt2aUg2X0tsNEVxTkpWNzZCSjhnUWtIdWFiWjJxNW02WjBsZHc3bFNudFhPWFRoa0pPX3FvXzhkTERyaFhNSUQwa0ZPZlA5UFJGM1l6X2VVVjN5VjRJMElL?oc=5\" target=\"_blank\" rel=\"nofollow noopener\">FC Barcelone &#8211; Espanyol Barcelone : les compositions officielles<\/a>&nbsp;&nbsp;Foot Mercato<\/p>\n","protected":false},"excerpt":{"rendered":"Le Bar\u00e7a s&rsquo;offre le derby contre l&rsquo;Espanyol et fonce vers le titre en Liga&nbsp;&nbsp;L&rsquo;\u00c9quipeBar\u00e7a, un carton pour d\u00e9poser&hellip;\n","protected":false},"author":2,"featured_media":86833,"comment_status":"","ping_status":"","sticky":false,"template":"","format":"standard","meta":{"footnotes":"","_share_on_mastodon":"0"},"categories":[8],"tags":[21273,22696,24628,9962,24627,182,17521,24626,16846,75,23],"class_list":["post-86832","post","type-post","status-publish","format-standard","has-post-thumbnail","category-sports","tag-baptiste-chaumier","tag-championnat-despagne","tag-espanyol-barcelone","tag-fc-barcelone","tag-fc-barcelone-espanyol-barcelone","tag-football","tag-resumes-et-cr","tag-retour-31e-journe","tag-saison-2025-2026","tag-sports","tag-suisse"],"share_on_mastodon":{"url":"https:\/\/pubeurope.com\/@ch_fr\/116388747313742840","error":""},"_links":{"self":[{"href":"https:\/\/www.europesays.com\/ch-fr\/wp-json\/wp\/v2\/posts\/86832","targetHints":{"allow":["GET"]}}],"collection":[{"href":"https:\/\/www.europesays.com\/ch-fr\/wp-json\/wp\/v2\/posts"}],"about":[{"href":"https:\/\/www.europesays.com\/ch-fr\/wp-json\/wp\/v2\/types\/post"}],"author":[{"embeddable":true,"href":"https:\/\/www.europesays.com\/ch-fr\/wp-json\/wp\/v2\/users\/2"}],"replies":[{"embeddable":true,"href":"https:\/\/www.europesays.com\/ch-fr\/wp-json\/wp\/v2\/comments?post=86832"}],"version-history":[{"count":0,"href":"https:\/\/www.europesays.com\/ch-fr\/wp-json\/wp\/v2\/posts\/86832\/revisions"}],"wp:featuredmedia":[{"embeddable":true,"href":"https:\/\/www.europesays.com\/ch-fr\/wp-json\/wp\/v2\/media\/86833"}],"wp:attachment":[{"href":"https:\/\/www.europesays.com\/ch-fr\/wp-json\/wp\/v2\/media?parent=86832"}],"wp:term":[{"taxonomy":"category","embeddable":true,"href":"https:\/\/www.europesays.com\/ch-fr\/wp-json\/wp\/v2\/categories?post=86832"},{"taxonomy":"post_tag","embeddable":true,"href":"https:\/\/www.europesays.com\/ch-fr\/wp-json\/wp\/v2\/tags?post=86832"}],"curies":[{"name":"wp","href":"https:\/\/api.w.org\/{rel}","templated":true}]}}