{"id":90423,"date":"2026-04-15T18:10:12","date_gmt":"2026-04-15T18:10:12","guid":{"rendered":"https:\/\/www.europesays.com\/ch-fr\/90423\/"},"modified":"2026-04-15T18:10:12","modified_gmt":"2026-04-15T18:10:12","slug":"hearthstone-la-saison-13-des-champs-de-bataille-annonce-le-cataclysme","status":"publish","type":"post","link":"https:\/\/www.europesays.com\/ch-fr\/90423\/","title":{"rendered":"Hearthstone : La saison 13 des Champs de bataille annonce Le Cataclysme"},"content":{"rendered":"<p style=\"text-align:start\">La nouvelle saison 13 des Champs de bataille de\u00a0Hearthstone\u00a0est disponible depuis le 14 avril. Avec cette mise \u00e0 jour,\u00a0Blizzard Entertainment\u00a0introduit deux mots-cl\u00e9s in\u00e9dits, le retour des bibelots, deux nouveaux h\u00e9ros ainsi qu\u2019un important renouvellement de serviteurs.<\/p>\n<p style=\"text-align:start\"><img decoding=\"async\" alt=\"\" src=\"https:\/\/cartel.hosting.augure.com\/Augure_Cartel\/ImageBank\/27005_639118383171655903.png\" style=\"width:100%\"\/><\/p>\n<p style=\"text-align:start\">Le mot-cl\u00e9 Chair \u00e0 d\u00e9mon permet aux D\u00e9mons d\u2019int\u00e9grer des serviteurs de type Chair \u00e0 d\u00e9mon, que vos autres D\u00e9mons peuvent d\u00e9vorer pour accro\u00eetre leurs caract\u00e9ristiques. Le mot-cl\u00e9 Chromadrake concerne les Dragons : r\u00e9partis en cinq couleurs, ces serviteurs offrent chacun un effet unique pour renforcer vos Dragons et am\u00e9liorer vos sorts de taverne.<br \/>&#13;<br \/>\n\u00a0<\/p>\n<p style=\"text-align:start\">Les bibelots font leur retour avec cette saison : 73 bibelots in\u00e9dits rejoignent les 149 bibelots remis au go\u00fbt du jour, ouvrant de nouvelles synergies pour les decks Champs de bataille. Cette m\u00e9canique de jeu, d\u00e9j\u00e0 pl\u00e9biscit\u00e9e lors de saisons pr\u00e9c\u00e9dentes, b\u00e9n\u00e9ficie d\u2019un r\u00e9\u00e9quilibrage global pour favoriser des combinaisons plus compl\u00e9mentaires.<\/p>\n<p style=\"text-align:start\">&#13;<br \/>\nDeux nouveaux h\u00e9ros s\u2019ajoutent aux rangs : Genn, roi worgen, dot\u00e9 de la capacit\u00e9 \u00ab Roi de la dualit\u00e9 \u00bb, et M. Lapendule, \u00e9quip\u00e9 de la capacit\u00e9 \u00ab Tempo double \u00bb. Chacun propose une approche strat\u00e9gique distincte pour aborder les parties en Champs de bataille.<\/p>\n<p style=\"text-align:start\">&#13;<br \/>\nLa saison 12 s\u2019est achev\u00e9e le 14 avril, marquant la r\u00e9initialisation des classements. Le nouveau parcours de r\u00e9compenses int\u00e8gre des \u00e9l\u00e9ments ornementaux sur le th\u00e8me du Cataclysme, ainsi que d\u2019autres nouveaut\u00e9s cosm\u00e9tiques \u00e0 d\u00e9bloquer en progressant.<\/p>\n<p style=\"text-align:start\">&#13;<br \/>\nUn \u00e9v\u00e9nement sp\u00e9cial, \u00ab Bataille dans les Terres de Feu ! \u00bb, se d\u00e9roulera du 14 avril au 5 mai. Dans cette ligne temporelle alternative, Ragnaros menace d\u2019incin\u00e9rer l\u2019Arbre-Monde ; les joueurs sont invit\u00e9s \u00e0 soutenir Malfurion pour repousser cette destruction et obtenir des r\u00e9compenses telles que cartes, paquets, pi\u00e8ce et mod\u00e8le h\u00e9ro\u00efque.<\/p>\n","protected":false},"excerpt":{"rendered":"La nouvelle saison 13 des Champs de bataille de\u00a0Hearthstone\u00a0est disponible depuis le 14 avril. Avec cette mise \u00e0&hellip;\n","protected":false},"author":2,"featured_media":90424,"comment_status":"","ping_status":"","sticky":false,"template":"","format":"standard","meta":{"footnotes":"","_share_on_mastodon":"0"},"categories":[7],"tags":[376,11640,3459,61,57,59,58,23,60,62],"class_list":["post-90423","post","type-post","status-publish","format-standard","has-post-thumbnail","category-sciences-et-technologies","tag-actualite","tag-jeux-pc","tag-jeux-video","tag-science","tag-science-and-technology","tag-sciences","tag-sciences-et-technologies","tag-suisse","tag-technologies","tag-technology"],"share_on_mastodon":{"url":"https:\/\/pubeurope.com\/@ch_fr\/116410071530884264","error":""},"_links":{"self":[{"href":"https:\/\/www.europesays.com\/ch-fr\/wp-json\/wp\/v2\/posts\/90423","targetHints":{"allow":["GET"]}}],"collection":[{"href":"https:\/\/www.europesays.com\/ch-fr\/wp-json\/wp\/v2\/posts"}],"about":[{"href":"https:\/\/www.europesays.com\/ch-fr\/wp-json\/wp\/v2\/types\/post"}],"author":[{"embeddable":true,"href":"https:\/\/www.europesays.com\/ch-fr\/wp-json\/wp\/v2\/users\/2"}],"replies":[{"embeddable":true,"href":"https:\/\/www.europesays.com\/ch-fr\/wp-json\/wp\/v2\/comments?post=90423"}],"version-history":[{"count":0,"href":"https:\/\/www.europesays.com\/ch-fr\/wp-json\/wp\/v2\/posts\/90423\/revisions"}],"wp:featuredmedia":[{"embeddable":true,"href":"https:\/\/www.europesays.com\/ch-fr\/wp-json\/wp\/v2\/media\/90424"}],"wp:attachment":[{"href":"https:\/\/www.europesays.com\/ch-fr\/wp-json\/wp\/v2\/media?parent=90423"}],"wp:term":[{"taxonomy":"category","embeddable":true,"href":"https:\/\/www.europesays.com\/ch-fr\/wp-json\/wp\/v2\/categories?post=90423"},{"taxonomy":"post_tag","embeddable":true,"href":"https:\/\/www.europesays.com\/ch-fr\/wp-json\/wp\/v2\/tags?post=90423"}],"curies":[{"name":"wp","href":"https:\/\/api.w.org\/{rel}","templated":true}]}}