{"id":91456,"date":"2026-04-16T09:17:09","date_gmt":"2026-04-16T09:17:09","guid":{"rendered":"https:\/\/www.europesays.com\/ch-fr\/91456\/"},"modified":"2026-04-16T09:17:09","modified_gmt":"2026-04-16T09:17:09","slug":"un-concert-de-vanessa-paradis-annule-pour-raisons-medicales-sa-presence-a-bruxelles-menacee-ce-jeudi","status":"publish","type":"post","link":"https:\/\/www.europesays.com\/ch-fr\/91456\/","title":{"rendered":"Un concert de Vanessa Paradis annul\u00e9 pour \u00ab\u00a0raisons m\u00e9dicales\u00a0\u00bb\u00a0: sa pr\u00e9sence \u00e0 Bruxelles menac\u00e9e ce jeudi\u00a0?"},"content":{"rendered":"<p class=\"ap-StoryElement ap-StoryElement--mb ap-StoryText\"><a href=\"https:\/\/www.lavenir.net\/actu\/discover\/2025\/10\/10\/rencontre-avec-licone-vanessa-paradis-qui-revient-avec-un-8e-album-solaire-et-annonce-un-concert-a-forest-national-ULBKYKA2EFB7VA6NVKXYDXS6M4\/\" target=\"_blank\" rel=\"noreferrer noopener nofollow\">Vanessa Paradis<\/a> sera-t-elle bien pr\u00e9sente ce jeudi 16\u00a0avril 2026 \u00e0 Forest National\u00a0? L&rsquo;artiste fran\u00e7aise doit se produire en concert \u00e0 Bruxelles, mais des \u00ab\u00a0raisons m\u00e9dicales\u00a0\u00bb pourraient l&rsquo;en emp\u00eacher.<\/p>\n<p class=\"ap-StoryElement ap-StoryElement--mb ap-StoryText\">Ce mercredi, elle a annul\u00e9 son concert pr\u00e9vu lors de la 50e \u00e9dition du Printemps de Bourges, en France. \u00ab\u00a0Vanessa est tr\u00e8s malade, elle est au fond du lit, elle ne peut pas chanter, elle n&rsquo;a plus de voix. Elle est sous antibiotiques depuis mardi\u00a0\u00bb, a expliqu\u00e9 le manager de la chanteuse au Parisien.<\/p>\n","protected":false},"excerpt":{"rendered":"Vanessa Paradis sera-t-elle bien pr\u00e9sente ce jeudi 16\u00a0avril 2026 \u00e0 Forest National\u00a0? L&rsquo;artiste fran\u00e7aise doit se produire en&hellip;\n","protected":false},"author":2,"featured_media":91457,"comment_status":"","ping_status":"","sticky":false,"template":"","format":"standard","meta":{"footnotes":"","_share_on_mastodon":"0"},"categories":[12],"tags":[1746,113,112,16615,1726,140,141,23,294],"class_list":["post-91456","post","type-post","status-publish","format-standard","has-post-thumbnail","category-musique","tag-bruxelles","tag-divertissement","tag-entertainment","tag-forest-national","tag-maladie","tag-music","tag-musique","tag-suisse","tag-vanessa-paradis"],"share_on_mastodon":{"url":"https:\/\/pubeurope.com\/@ch_fr\/116413637954946030","error":""},"_links":{"self":[{"href":"https:\/\/www.europesays.com\/ch-fr\/wp-json\/wp\/v2\/posts\/91456","targetHints":{"allow":["GET"]}}],"collection":[{"href":"https:\/\/www.europesays.com\/ch-fr\/wp-json\/wp\/v2\/posts"}],"about":[{"href":"https:\/\/www.europesays.com\/ch-fr\/wp-json\/wp\/v2\/types\/post"}],"author":[{"embeddable":true,"href":"https:\/\/www.europesays.com\/ch-fr\/wp-json\/wp\/v2\/users\/2"}],"replies":[{"embeddable":true,"href":"https:\/\/www.europesays.com\/ch-fr\/wp-json\/wp\/v2\/comments?post=91456"}],"version-history":[{"count":0,"href":"https:\/\/www.europesays.com\/ch-fr\/wp-json\/wp\/v2\/posts\/91456\/revisions"}],"wp:featuredmedia":[{"embeddable":true,"href":"https:\/\/www.europesays.com\/ch-fr\/wp-json\/wp\/v2\/media\/91457"}],"wp:attachment":[{"href":"https:\/\/www.europesays.com\/ch-fr\/wp-json\/wp\/v2\/media?parent=91456"}],"wp:term":[{"taxonomy":"category","embeddable":true,"href":"https:\/\/www.europesays.com\/ch-fr\/wp-json\/wp\/v2\/categories?post=91456"},{"taxonomy":"post_tag","embeddable":true,"href":"https:\/\/www.europesays.com\/ch-fr\/wp-json\/wp\/v2\/tags?post=91456"}],"curies":[{"name":"wp","href":"https:\/\/api.w.org\/{rel}","templated":true}]}}