{"id":93426,"date":"2026-04-17T15:06:21","date_gmt":"2026-04-17T15:06:21","guid":{"rendered":"https:\/\/www.europesays.com\/ch-fr\/93426\/"},"modified":"2026-04-17T15:06:21","modified_gmt":"2026-04-17T15:06:21","slug":"audible-perspectives-un-festival-sur-l%ca%b9ecologie-sonore","status":"publish","type":"post","link":"https:\/\/www.europesays.com\/ch-fr\/93426\/","title":{"rendered":"\u00ab\u00a0Audible Perspectives\u00a0\u00bb: un festival sur l\u02b9\u00e9cologie sonore"},"content":{"rendered":"<p> Les 18 et 19 avril 2026 \u00e0 Bienne, le festival \u00ab\u00a0Audible Perspectives\u00a0\u00bb pr\u00e9sente conf\u00e9rences, concerts, balades sonores, sessions d\u2019\u00e9coutes, performances et installations sur le th\u00e8me de l\u2019\u00e9cologie sonore. Nadine Sch\u00fctz, architecte mais \u00e9galement experte en acoustique paysag\u00e8re, artiste et sc\u00e9nographe sonore, enseigne la dimension acoustique de l&rsquo;architecture paysag\u00e8re \u00e0 l\u2019ETH de Zurich. Elle donnera \u00e0 Bienne une conf\u00e9rence sur la dimension acoustique de l\u2019architecture paysag\u00e8re et parlera de l\u2019une de ses installations: \u00ab\u00a0Eauricule\u00a0\u00bb, au-dessus d\u2019un cours d\u2019eau, une passerelle munie de pavillon acoustique pour que la rivi\u00e8re chuchote \u00e0 nos oreilles. Anne Gillot est all\u00e9e \u00e0 la rencontre de Nadine Sch\u00fctz au D\u00e9partement d\u2019architecture \u00e0 Zurich.<\/p>\n<p>https:\/\/www.echora.ch\/<br \/>\n<br \/>https:\/\/www.audibleperspectives.ch\/<\/p>\n","protected":false},"excerpt":{"rendered":"Les 18 et 19 avril 2026 \u00e0 Bienne, le festival \u00ab\u00a0Audible Perspectives\u00a0\u00bb pr\u00e9sente conf\u00e9rences, concerts, balades sonores, sessions&hellip;\n","protected":false},"author":2,"featured_media":93427,"comment_status":"","ping_status":"","sticky":false,"template":"","format":"standard","meta":{"footnotes":"","_share_on_mastodon":"0"},"categories":[10],"tags":[113,112,13124,13125,851,141,23],"class_list":["post-93426","post","type-post","status-publish","format-standard","has-post-thumbnail","category-divertissement","tag-divertissement","tag-entertainment","tag-espace-2","tag-lactu-musique","tag-media-radio","tag-musique","tag-suisse"],"share_on_mastodon":{"url":"https:\/\/pubeurope.com\/@ch_fr\/116420672661484587","error":""},"_links":{"self":[{"href":"https:\/\/www.europesays.com\/ch-fr\/wp-json\/wp\/v2\/posts\/93426","targetHints":{"allow":["GET"]}}],"collection":[{"href":"https:\/\/www.europesays.com\/ch-fr\/wp-json\/wp\/v2\/posts"}],"about":[{"href":"https:\/\/www.europesays.com\/ch-fr\/wp-json\/wp\/v2\/types\/post"}],"author":[{"embeddable":true,"href":"https:\/\/www.europesays.com\/ch-fr\/wp-json\/wp\/v2\/users\/2"}],"replies":[{"embeddable":true,"href":"https:\/\/www.europesays.com\/ch-fr\/wp-json\/wp\/v2\/comments?post=93426"}],"version-history":[{"count":0,"href":"https:\/\/www.europesays.com\/ch-fr\/wp-json\/wp\/v2\/posts\/93426\/revisions"}],"wp:featuredmedia":[{"embeddable":true,"href":"https:\/\/www.europesays.com\/ch-fr\/wp-json\/wp\/v2\/media\/93427"}],"wp:attachment":[{"href":"https:\/\/www.europesays.com\/ch-fr\/wp-json\/wp\/v2\/media?parent=93426"}],"wp:term":[{"taxonomy":"category","embeddable":true,"href":"https:\/\/www.europesays.com\/ch-fr\/wp-json\/wp\/v2\/categories?post=93426"},{"taxonomy":"post_tag","embeddable":true,"href":"https:\/\/www.europesays.com\/ch-fr\/wp-json\/wp\/v2\/tags?post=93426"}],"curies":[{"name":"wp","href":"https:\/\/api.w.org\/{rel}","templated":true}]}}