{"id":93434,"date":"2026-04-17T15:10:08","date_gmt":"2026-04-17T15:10:08","guid":{"rendered":"https:\/\/www.europesays.com\/ch-fr\/93434\/"},"modified":"2026-04-17T15:10:08","modified_gmt":"2026-04-17T15:10:08","slug":"la-cote-une-entreprise-phare-de-la-region-soupconnee-de-cartel-par-berne-la-cote","status":"publish","type":"post","link":"https:\/\/www.europesays.com\/ch-fr\/93434\/","title":{"rendered":"La C\u00f4te: une entreprise phare de la r\u00e9gion soup\u00e7onn\u00e9e de cartel par Berne &#8211; La C\u00f4te"},"content":{"rendered":"<p><a href=\"https:\/\/news.google.com\/rss\/articles\/CBMi0AFBVV95cUxOeDRWYVkyc1JVQjZSVWQtN3pKT1BJWlBCUHpQSzdJcEsySkFyTFBJWnhtdmFuc293bmNIQmk1NmxuLUJoNThHd2xvUWVwbHRGSlAxa1EwMnFvWWV2ZmpUWHF0dk9mLThvOUdMLWFmM19ndnB5eWE0SUNGeTlxMjJOaVVmbVlCc0VmYy11MjhHZC1mX0JXTGxFRXZLaWZFZ3NvLThUZTY3Z0dmYlBIdnZJOF9KUjVXLTJvUWxKOUlqc1BHOWZDMjhXc191MG1rZUtv?oc=5\" target=\"_blank\" rel=\"nofollow noopener\">La C\u00f4te: une entreprise phare de la r\u00e9gion soup\u00e7onn\u00e9e de cartel par Berne<\/a>&nbsp;&nbsp;La C\u00f4te<a href=\"https:\/\/news.google.com\/rss\/articles\/CBMiqwFBVV95cUxOYTlJUG0yTkV6N19lYlNOV1ZqVmd4cGdyZ0dtLXhuZUxzQm00MWVUZldZUy13SjlmbWtPa2VfRlZRb2VFd09JcFQ2M2lEZlhTc3hXMHluYXZwQmlDajk3cEg2bkw5Y2tHUDNxdkduZlZNSERoNkRrQXQ2eHFmeTFlYUlGWDFIcTd0U3dzTEpUZFBrT3VjLTBNcUd6aEw4YTJZMWhybUNTWTc5ZGc?oc=5\" target=\"_blank\" rel=\"nofollow noopener\">Vaud: Magouilles dans le b\u00e2timent? Deux chantiers vaudois sous enqu\u00eate<\/a>&nbsp;&nbsp;Le Matin<a href=\"https:\/\/news.google.com\/rss\/articles\/CBMiswFBVV95cUxNRlpJNkNMTkdWbk1qQ0ZxU0VSdm5iTEdFQm1uR3AxTUJJOFQ2N1FPNUhnUkVKQXNLTkJGZ2pRdVYySmVWVEJaTV9kdk8yMklxQnZMYndsN0h6TEJwVjZTNkp4ZFNYVUIyQndlazAyWGFMeGtxdVdBVWE1T2tvUnlHRzR1dWV0TndDSmxFWFdiSWs0X0xuZFVPRnlRLVpkRFVXcjZ4cE8wZFRtOWhvblRibnVvWQ?oc=5\" target=\"_blank\" rel=\"nofollow noopener\">La Comco enqu\u00eate sur des soup\u00e7ons d\u2019entente dans la construction vaudoise<\/a>&nbsp;&nbsp;Agefi.com<a href=\"https:\/\/news.google.com\/rss\/articles\/CBMirgFBVV95cUxOeURSU3hGdXQ1SG0xQi1yNnFWeDZqUklLbFJ3REJkOHJpdHRhdzl4RnNpYVVIa3hHQzh6NWN6anZaSFlxQ2dhSEZWRy1iNHhTM0dzNmN2RDE3al93eVR0aUJsX2dpNEFNWFpEdGVNNGZ5YzBvTVNKR0RiMFpaaXAxeWM3eDhfSEpLTDRlbWRwTk5iel9lZmtlNUNqdnZ0V21JYW8xY0d5cm5uN2EwNFE?oc=5\" target=\"_blank\" rel=\"nofollow noopener\">Plafonnement de la population, fum\u00e9e passive, p\u00e9nurie de carburant | L\u2019essentiel du 16 avril<\/a>&nbsp;&nbsp;24 Heures<a href=\"https:\/\/news.google.com\/rss\/articles\/CBMiywFBVV95cUxPQVctVnZKRlRrYXRoTXkxS19zWUZzQkEwek5vSzl4WTExMTBmNXVSTklHVlVjOC1hel9nNXFXVk5rbUdKSkd5QnF3a1hOd3laRzR3ZG1NRDNLUldTSXZMVnRtUnZQWVV2V01rN2hDVk1xdTZzcHVmRmVBR3M5dW10eGZHbGhYQVNybkZzX0FPakVyM1otVTFQYkU2MFJ4emxGeGgyQzhmZ19XZ0VpRVdleUFZQTUySEZ0WTViMFF2SzJnckkwSXJxdU9Kbw?oc=5\" target=\"_blank\" rel=\"nofollow noopener\">La Comco enqu\u00eate sur de possibles ententes lors de deux chantiers dans le canton de Vaud<\/a>&nbsp;&nbsp;rts.ch<\/p>\n","protected":false},"excerpt":{"rendered":"La C\u00f4te: une entreprise phare de la r\u00e9gion soup\u00e7onn\u00e9e de cartel par Berne&nbsp;&nbsp;La C\u00f4teVaud: Magouilles dans le b\u00e2timent?&hellip;\n","protected":false},"author":2,"featured_media":93435,"comment_status":"","ping_status":"","sticky":false,"template":"","format":"standard","meta":{"footnotes":"","_share_on_mastodon":"0"},"categories":[6],"tags":[45,199,44,43,22877,23,672],"class_list":["post-93434","post","type-post","status-publish","format-standard","has-post-thumbnail","category-economie","tag-business","tag-ce-quil-sest-passe","tag-economie","tag-economy","tag-gland","tag-suisse","tag-sujet-developpe"],"share_on_mastodon":{"url":"https:\/\/pubeurope.com\/@ch_fr\/116420688354040657","error":""},"_links":{"self":[{"href":"https:\/\/www.europesays.com\/ch-fr\/wp-json\/wp\/v2\/posts\/93434","targetHints":{"allow":["GET"]}}],"collection":[{"href":"https:\/\/www.europesays.com\/ch-fr\/wp-json\/wp\/v2\/posts"}],"about":[{"href":"https:\/\/www.europesays.com\/ch-fr\/wp-json\/wp\/v2\/types\/post"}],"author":[{"embeddable":true,"href":"https:\/\/www.europesays.com\/ch-fr\/wp-json\/wp\/v2\/users\/2"}],"replies":[{"embeddable":true,"href":"https:\/\/www.europesays.com\/ch-fr\/wp-json\/wp\/v2\/comments?post=93434"}],"version-history":[{"count":0,"href":"https:\/\/www.europesays.com\/ch-fr\/wp-json\/wp\/v2\/posts\/93434\/revisions"}],"wp:featuredmedia":[{"embeddable":true,"href":"https:\/\/www.europesays.com\/ch-fr\/wp-json\/wp\/v2\/media\/93435"}],"wp:attachment":[{"href":"https:\/\/www.europesays.com\/ch-fr\/wp-json\/wp\/v2\/media?parent=93434"}],"wp:term":[{"taxonomy":"category","embeddable":true,"href":"https:\/\/www.europesays.com\/ch-fr\/wp-json\/wp\/v2\/categories?post=93434"},{"taxonomy":"post_tag","embeddable":true,"href":"https:\/\/www.europesays.com\/ch-fr\/wp-json\/wp\/v2\/tags?post=93434"}],"curies":[{"name":"wp","href":"https:\/\/api.w.org\/{rel}","templated":true}]}}