{"id":96769,"date":"2026-04-20T13:03:08","date_gmt":"2026-04-20T13:03:08","guid":{"rendered":"https:\/\/www.europesays.com\/ch-fr\/96769\/"},"modified":"2026-04-20T13:03:08","modified_gmt":"2026-04-20T13:03:08","slug":"stephane-goel-1-5-de-carrouge-avec-deux-r-a-new-york-puis-retour-a-lausanne","status":"publish","type":"post","link":"https:\/\/www.europesays.com\/ch-fr\/96769\/","title":{"rendered":"St\u00e9phane Go\u00ebl 1\/5 &#8211; De Carrouge, avec deux \u00a0\u00bb r \u00a0\u00bb \u00e0 New York, puis retour \u00e0 Lausanne"},"content":{"rendered":"<p> N\u00e9 dans une famille d\u02b9agriculteurs de Carrouge (VD), St\u00e9phane Go\u00ebl est devenu une figure incontournable du documentaire. Ses premi\u00e8res exp\u00e9riences de spectateur se passent dans le club de cin\u00e9ma du village, puis dans les salles alentours gr\u00e2ce \u00e0 une carte d\u02b9exploitant de salle qui lui permettra de voir gratuitement jusqu\u02b9\u00e0 10 films par semaine entre ses quinze et dix-huit ans. Dans le m\u00eame temps, il regarde \u00e9norm\u00e9ment de reportages et de documentaires \u00e0 la t\u00e9l\u00e9vision. Apr\u00e8s le gymnase, et \u00e0 la suite de sa rencontre avec une jeune am\u00e9ricaine de passage en Suisse, il part pour New-York. Entre 1987 et 1993, il fr\u00e9quente le Global Village Exp\u00e9rimental Center, un centre de formation \u00e0 la vid\u00e9o militante, suit les cours th\u00e9oriques de l\u02b9universit\u00e9 NYU, effectue des stages avec Dan Reeves, John Reilly et Julie Gustafson. Il collabore avec plusieurs artistes et r\u00e9alisateurs comme Nam June Paik ou Shigeko Kubota. De retour en Suisse, St\u00e9phane Go\u00ebl travaille pour la cha\u00eene priv\u00e9e T\u00e9l\u00e9Cin\u00e9Romandie et rejoint le collectif Climage au sein duquel il produit et r\u00e9alise de nombreux documentaires destin\u00e9s au cin\u00e9ma ou \u00e0 la t\u00e9l\u00e9vision. <br \/>Une s\u00e9rie propos\u00e9e par Pierre Philippe Cadert<\/p>\n<p>St\u00e9phane Go\u00ebl est un descendant de Jean-Mo\u00efse Go\u00ebl, constructeur de bateaux breton install\u00e9 sur les bords du L\u00e9man \u00e0 la fin du XVIII\u00e8me si\u00e8cle. Depuis, ce sont 8 g\u00e9n\u00e9rations de Go\u00ebl qui travaillent \u00e0 la ferme de Carrouge. Tous sauf St\u00e9phane, saisi tr\u00e8s t\u00f4t par le virus du cin\u00e9ma. Le cin\u00e9-club du village, puis les salles de cin\u00e9ma de Lausanne et les \u00e9missions de reportage \u00e0 la t\u00e9l\u00e9vision en seront le d\u00e9clencheur. Jusqu\u02b9au d\u00e9part \u00e0 New York, suivi eau retour en Suisse de l\u02b9aventure de T\u00e9l\u00e9Cin\u00e9Romandie, le \u00a0\u00bb\u00a0Canal+ romand\u00a0\u00a0\u00bb qui sera la nuit, un studio d\u02b9exp\u00e9rimentation clandestin.<\/p>\n","protected":false},"excerpt":{"rendered":"N\u00e9 dans une famille d\u02b9agriculteurs de Carrouge (VD), St\u00e9phane Go\u00ebl est devenu une figure incontournable du documentaire. Ses&hellip;\n","protected":false},"author":2,"featured_media":96770,"comment_status":"","ping_status":"","sticky":false,"template":"","format":"standard","meta":{"footnotes":"","_share_on_mastodon":"0"},"categories":[19],"tags":[172,1724,13124,26944,177,851,23],"class_list":["post-96769","post","type-post","status-publish","format-standard","has-post-thumbnail","category-lausanne","tag-culture","tag-entretiens","tag-espace-2","tag-la-vie-a-peu-pres","tag-lausanne","tag-media-radio","tag-suisse"],"share_on_mastodon":{"url":"https:\/\/pubeurope.com\/@ch_fr\/116437175588966533","error":""},"_links":{"self":[{"href":"https:\/\/www.europesays.com\/ch-fr\/wp-json\/wp\/v2\/posts\/96769","targetHints":{"allow":["GET"]}}],"collection":[{"href":"https:\/\/www.europesays.com\/ch-fr\/wp-json\/wp\/v2\/posts"}],"about":[{"href":"https:\/\/www.europesays.com\/ch-fr\/wp-json\/wp\/v2\/types\/post"}],"author":[{"embeddable":true,"href":"https:\/\/www.europesays.com\/ch-fr\/wp-json\/wp\/v2\/users\/2"}],"replies":[{"embeddable":true,"href":"https:\/\/www.europesays.com\/ch-fr\/wp-json\/wp\/v2\/comments?post=96769"}],"version-history":[{"count":0,"href":"https:\/\/www.europesays.com\/ch-fr\/wp-json\/wp\/v2\/posts\/96769\/revisions"}],"wp:featuredmedia":[{"embeddable":true,"href":"https:\/\/www.europesays.com\/ch-fr\/wp-json\/wp\/v2\/media\/96770"}],"wp:attachment":[{"href":"https:\/\/www.europesays.com\/ch-fr\/wp-json\/wp\/v2\/media?parent=96769"}],"wp:term":[{"taxonomy":"category","embeddable":true,"href":"https:\/\/www.europesays.com\/ch-fr\/wp-json\/wp\/v2\/categories?post=96769"},{"taxonomy":"post_tag","embeddable":true,"href":"https:\/\/www.europesays.com\/ch-fr\/wp-json\/wp\/v2\/tags?post=96769"}],"curies":[{"name":"wp","href":"https:\/\/api.w.org\/{rel}","templated":true}]}}