{"id":98375,"date":"2026-04-21T13:18:06","date_gmt":"2026-04-21T13:18:06","guid":{"rendered":"https:\/\/www.europesays.com\/ch-fr\/98375\/"},"modified":"2026-04-21T13:18:06","modified_gmt":"2026-04-21T13:18:06","slug":"a-bale-fin-de-partie-de-gyorgy-kurtag","status":"publish","type":"post","link":"https:\/\/www.europesays.com\/ch-fr\/98375\/","title":{"rendered":"A B\u00e2le, \u00ab\u00a0Fin de partie\u00a0\u00bb de Gy\u00f6rgy Kurt\u00e1g"},"content":{"rendered":"<p> Le compositeur roumano-hongrois Gy\u00f6rgy Kurt\u00e1g est l\u2019un des compositeurs les plus importants de notre \u00e9poque. En f\u00e9vrier 2026, il a f\u00eat\u00e9 son centi\u00e8me anniversaire \u00e0 Budapest. Kurt\u00e1g est surtout c\u00e9l\u00e8bre pour ses miniatures sonores. Son seul op\u00e9ra \u00e0 ce jour est \u00ab\u00a0Fin de partie\u00a0\u00bb, op\u00e9ra en un acte pr\u00e9sent\u00e9 pour la premi\u00e8re fois en 2018 \u00e0 la Scala de Milan. \u00c0 l\u2019occasion de l\u2019anniversaire de Kurt\u00e1g, il vient d\u2019\u00eatre pr\u00e9sent\u00e9 en premi\u00e8re suisse au Th\u00e9\u00e2tre de B\u00e2le, \u00e0 l\u2019affiche jusqu\u2019au 18 juin 2026. L\u2019op\u00e9ra s\u2019inspire de la pi\u00e8ce de Samuel Beckett \u00ab\u00a0Endspiel \/ Fin de partie\u00a0\u00bb, un exemple parfait de ce qu\u2019on appelle le th\u00e9\u00e2tre de l\u2019absurde. Notre coll\u00e8gue de SRF 2 Kultur Gabrielle Weber \u00e9tait pr\u00e9sente \u00e0 la premi\u00e8re b\u00e2loise.<\/p>\n<p>https:\/\/www.theater-basel.ch\/fr\/findepartie<\/p>\n","protected":false},"excerpt":{"rendered":"Le compositeur roumano-hongrois Gy\u00f6rgy Kurt\u00e1g est l\u2019un des compositeurs les plus importants de notre \u00e9poque. En f\u00e9vrier 2026,&hellip;\n","protected":false},"author":2,"featured_media":98376,"comment_status":"","ping_status":"","sticky":false,"template":"","format":"standard","meta":{"footnotes":"","_share_on_mastodon":"0"},"categories":[18],"tags":[175,176,13124,13125,851,141,23],"class_list":["post-98375","post","type-post","status-publish","format-standard","has-post-thumbnail","category-bale","tag-bale","tag-basel","tag-espace-2","tag-lactu-musique","tag-media-radio","tag-musique","tag-suisse"],"share_on_mastodon":{"url":"https:\/\/pubeurope.com\/@ch_fr\/116442897205191844","error":""},"_links":{"self":[{"href":"https:\/\/www.europesays.com\/ch-fr\/wp-json\/wp\/v2\/posts\/98375","targetHints":{"allow":["GET"]}}],"collection":[{"href":"https:\/\/www.europesays.com\/ch-fr\/wp-json\/wp\/v2\/posts"}],"about":[{"href":"https:\/\/www.europesays.com\/ch-fr\/wp-json\/wp\/v2\/types\/post"}],"author":[{"embeddable":true,"href":"https:\/\/www.europesays.com\/ch-fr\/wp-json\/wp\/v2\/users\/2"}],"replies":[{"embeddable":true,"href":"https:\/\/www.europesays.com\/ch-fr\/wp-json\/wp\/v2\/comments?post=98375"}],"version-history":[{"count":0,"href":"https:\/\/www.europesays.com\/ch-fr\/wp-json\/wp\/v2\/posts\/98375\/revisions"}],"wp:featuredmedia":[{"embeddable":true,"href":"https:\/\/www.europesays.com\/ch-fr\/wp-json\/wp\/v2\/media\/98376"}],"wp:attachment":[{"href":"https:\/\/www.europesays.com\/ch-fr\/wp-json\/wp\/v2\/media?parent=98375"}],"wp:term":[{"taxonomy":"category","embeddable":true,"href":"https:\/\/www.europesays.com\/ch-fr\/wp-json\/wp\/v2\/categories?post=98375"},{"taxonomy":"post_tag","embeddable":true,"href":"https:\/\/www.europesays.com\/ch-fr\/wp-json\/wp\/v2\/tags?post=98375"}],"curies":[{"name":"wp","href":"https:\/\/api.w.org\/{rel}","templated":true}]}}