{"id":99154,"date":"2026-04-22T00:29:09","date_gmt":"2026-04-22T00:29:09","guid":{"rendered":"https:\/\/www.europesays.com\/ch-fr\/99154\/"},"modified":"2026-04-22T00:29:09","modified_gmt":"2026-04-22T00:29:09","slug":"le-rival-de-limac-de-lenovo-alimente-par-panther-lake-a-ete-repere-en-ligne-a-un-prix-exorbitant","status":"publish","type":"post","link":"https:\/\/www.europesays.com\/ch-fr\/99154\/","title":{"rendered":"Le rival de l&rsquo;iMac de Lenovo, aliment\u00e9 par Panther Lake, a \u00e9t\u00e9 rep\u00e9r\u00e9 en ligne \u00e0 un prix exorbitant"},"content":{"rendered":"<p class=\"bodytext\">Lenovo a pr\u00e9sent\u00e9 de nombreux produits originaux au <a href=\"http:\/\/www.notebookcheck.net\/ThinkCentre-X-AIO-Aura-Edition-all-in-one-arrives-with-unusual-shape-and-powerful-Intel-Panther-Lake-CPUs.1198224.0.html\" target=\"_self\" class=\"internal-link\" rel=\"nofollow noopener\">CES 2026<\/a>y compris un <a href=\"http:\/\/www.notebookcheck.net\/A-rollable-OLED-Legion-and-the-perfect-laptop-Lenovo-CES2026.1198554.0.html\" target=\"_self\" class=\"internal-link\" rel=\"nofollow noopener\">ordinateur portable enroulable<\/a>. Le ThinkCentre X AIO Aura Edition pourrait techniquement \u00eatre class\u00e9 parmi eux, en raison de la r\u00e9solution unique de son \u00e9cran. Sa fiche technique sugg\u00e8re que Lenovo souhaite le positionner en tant que concurrent de l&rsquo;iMac de Apple. Lenovo n&rsquo;a pas r\u00e9v\u00e9l\u00e9 son prix au CES, mais nous en avons maintenant une id\u00e9e gr\u00e2ce \u00e0 une annonce sur le site japonais de Lenovo <a href=\"https:\/\/www.lenovo.com\/jp\/ja\/p\/desktops\/thinkcentre\/x-series\/lenovo-thinkcentre-x-aio-aura-edition-28-inch-intel-pc\/len102c0083#tech_specs\" target=\"_blank\" rel=\"nofollow noopener\">https:\/\/www.lenovo.com\/jp\/ja\/p\/desktops\/thinkcentre\/x-series\/lenovo-thinkcentre-x-aio-aura-edition-28-inch-intel-pc\/len102c0083#tech_specs<\/a> (via <a href=\"https:\/\/www.gdm.or.jp\/pressrelease\/2026\/0421\/631638\" target=\"_blank\" rel=\"nofollow noopener\">GDM<\/a>\/<a href=\"https:\/\/videocardz.com\/newz\/lenovo-thinkcentre-x-aio-aura-edition-brings-a-1618-display-to-an-all-in-one-pc-costs-nearly-5000\" target=\"_blank\" rel=\"nofollow noopener\">Videocardz<\/a>).&#13;<\/p>\n<p class=\"bodytext\">Il est propos\u00e9 au prix de 792 000 \u00a5, taxes locales incluses, ce qui correspond \u00e0 environ 4 980 USD au 21 avril. C&rsquo;est presque deux fois plus cher qu&rsquo;un iMac enti\u00e8rement \u00e9quip\u00e9 avec un Apple M4, 24 Go de RAM, 2 To de stockage et 4 ports Thunderbolt (2 500 $). Pour aggraver les choses, Lenovo n&rsquo;offre que 32 Go de m\u00e9moire LPDDR5x avec cette configuration, alors que l&rsquo;AIO \u00e9tait cens\u00e9 prendre en charge 64 Go lors de son lancement.&#13;<\/p>\n<p class=\"bodytext\">Il est int\u00e9ressant de noter que le site web n&rsquo;indique pas la quantit\u00e9 de m\u00e9moire dont le PC sera \u00e9quip\u00e9. Le ThinkCentre X AIO Aura Edition est \u00e9quip\u00e9 d&rsquo;un \u00e9cran LCD IPS de 27,6 pouces avec une r\u00e9solution unique de 2 560 x 2 880 pixels et un rapport d&rsquo;aspect de 16:18. Il est possible de faire pivoter l&rsquo;\u00e9cran de 90\u00b0 pour s&rsquo;adapter aux applications qui n\u00e9cessitent des rapports d&rsquo;aspect non conventionnels. En dessous de tout cela se trouve un processeur Intel <a href=\"http:\/\/www.notebookcheck.net\/Intel-Core-Ultra-X7-358H-Processor-Benchmarks-and-Specs.1196614.0.html\" target=\"_self\" class=\"internal-link\" rel=\"nofollow noopener\">Core Ultra X7 358H<\/a> Panther Lake, accompagn\u00e9 d&rsquo;un iGPU 12 Xe3 Arc.&#13;<\/p>\n<p class=\"bodytext\">Pour l&rsquo;instant, le ThinkCentre X AIO Aura Edition n&rsquo;est list\u00e9 qu&rsquo;au Japon. Id\u00e9alement, il devrait arriver dans d&rsquo;autres pays rapidement, mais il est tout aussi probable qu&rsquo;il y ait des retards compte tenu de la raret\u00e9 de la m\u00e9moire.<\/p>\n","protected":false},"excerpt":{"rendered":"Lenovo a pr\u00e9sent\u00e9 de nombreux produits originaux au CES 2026y compris un ordinateur portable enroulable. Le ThinkCentre X&hellip;\n","protected":false},"author":2,"featured_media":99155,"comment_status":"","ping_status":"","sticky":false,"template":"","format":"standard","meta":{"footnotes":"","_share_on_mastodon":"0"},"categories":[7],"tags":[27445,74,8106,27444,27446,27443,27441,70,5916,72,71,61,57,59,58,23,60,62,73,27442],"class_list":["post-99154","post","type-post","status-publish","format-standard","has-post-thumbnail","category-sciences-et-technologies","tag-aura-edition","tag-informations-sur-des-ordinateurs-portatifs","tag-lenovo","tag-lenovo-aio","tag-lenovo-aura-edition","tag-lenovo-thinkcentre","tag-lenovo-thinkcentre-x-aio-aura-edition","tag-nouvelles","tag-panther-lake","tag-rapport","tag-revues","tag-science","tag-science-and-technology","tag-sciences","tag-sciences-et-technologies","tag-suisse","tag-technologies","tag-technology","tag-test","tag-thinkcentre-x-aio-aura-edition"],"share_on_mastodon":{"url":"https:\/\/pubeurope.com\/@ch_fr\/116445535493068488","error":""},"_links":{"self":[{"href":"https:\/\/www.europesays.com\/ch-fr\/wp-json\/wp\/v2\/posts\/99154","targetHints":{"allow":["GET"]}}],"collection":[{"href":"https:\/\/www.europesays.com\/ch-fr\/wp-json\/wp\/v2\/posts"}],"about":[{"href":"https:\/\/www.europesays.com\/ch-fr\/wp-json\/wp\/v2\/types\/post"}],"author":[{"embeddable":true,"href":"https:\/\/www.europesays.com\/ch-fr\/wp-json\/wp\/v2\/users\/2"}],"replies":[{"embeddable":true,"href":"https:\/\/www.europesays.com\/ch-fr\/wp-json\/wp\/v2\/comments?post=99154"}],"version-history":[{"count":0,"href":"https:\/\/www.europesays.com\/ch-fr\/wp-json\/wp\/v2\/posts\/99154\/revisions"}],"wp:featuredmedia":[{"embeddable":true,"href":"https:\/\/www.europesays.com\/ch-fr\/wp-json\/wp\/v2\/media\/99155"}],"wp:attachment":[{"href":"https:\/\/www.europesays.com\/ch-fr\/wp-json\/wp\/v2\/media?parent=99154"}],"wp:term":[{"taxonomy":"category","embeddable":true,"href":"https:\/\/www.europesays.com\/ch-fr\/wp-json\/wp\/v2\/categories?post=99154"},{"taxonomy":"post_tag","embeddable":true,"href":"https:\/\/www.europesays.com\/ch-fr\/wp-json\/wp\/v2\/tags?post=99154"}],"curies":[{"name":"wp","href":"https:\/\/api.w.org\/{rel}","templated":true}]}}