{"id":123874,"date":"2026-09-01T17:00:09","date_gmt":"2026-09-01T17:00:09","guid":{"rendered":"https:\/\/www.europesays.com\/ch\/123874\/"},"modified":"2026-09-01T17:00:09","modified_gmt":"2026-09-01T17:00:09","slug":"nestle-unveils-biggest-ever-christmas-confectionery-range","status":"publish","type":"post","link":"https:\/\/www.europesays.com\/ch\/123874\/","title":{"rendered":"Nestl\u00e9 unveils biggest-ever Christmas confectionery range"},"content":{"rendered":"<p>Nestl\u00e9\u2019s Christmas range \u2013 overviewNestl\u00e9\u2019s launched its biggest-ever Christmas range for 2026 shoppersThe range arrives as festive competition intensifies across retailersMars and Mondel\u0113z unveiled seasonal ranges weeks earlierEarly launches help brands secure shelf space and visibilityChristmas confectionery planning now begins months before December arrives<\/p>\n<p class=\"c-paragraph b-article-body-skinny\">Nestl\u00e9\u2019s stepping into Christmas with the launch of its biggest ever festive range. And based on the actions of its main competitors, the announcement\u2019s not a moment too soon.<\/p>\n<p class=\"c-paragraph b-article-body-skinny\">Because, yes it is only the beginning of September, and yes we are still weeks away from Halloween, but Christmas Creep is real and even months ahead could be behind.<\/p>\n<p class=\"c-paragraph b-article-body-skinny\">Just look at Mars, Inc. The confectionery and snacking giant released its Christmas range back in July. A move swiftly followed by <a href=\"https:\/\/www.confectionerynews.com\/Article\/2026\/08\/11\/mondelez-targets-growth-with-cadbury-toblerone-and-oreo-christmas-range\/\" target=\"_blank\" rel=\"nofollow noopener\" title=\"https:\/\/www.confectionerynews.com\/Article\/2026\/08\/11\/mondelez-targets-growth-with-cadbury-toblerone-and-oreo-christmas-range\/\">Mondel\u0113z International<\/a> at the beginning of August.<\/p>\n<p class=\"c-paragraph b-article-body-skinny\">What was once a fourth-quarter sales event is now becoming a months-long brand battle.<\/p>\n<p class=\"c-paragraph b-article-body-skinny\">But we digress. Let\u2019s get back to Nestl\u00e9 and discover what the world\u2019s biggest CPG has lined up for Christmas 2026. <\/p>\n<p>Nestl\u00e9\u2019s Christmas Collection<\/p>\n<p class=\"c-paragraph b-article-body-skinny\">The Swiss chocolate maker is giving its biggest names, including KitKat, Milkybar, Smarties and After Eight, a festive makeover, and leaning heavily into gifting in the process.<\/p>\n<p class=\"c-paragraph b-article-body-skinny\">There are KitKat F1 Collectable Tins, KitKat F1 Selection Boxes, KitKat Santas, Milkybar Caramel Crunch bars, Smarties and After Eight Advent Calendars, After Eight Chocolate Oranges, Rowntree\u2019s Randoms \u2018Sleigh Tastic\u2019 bags, and Smarties Reindeer Drops.<\/p>\n<p class=\"c-paragraph b-article-body-skinny\">In other words, the multinational\u2019s going all in this festive season.<\/p>\n<p>Gifting<\/p>\n<p class=\"c-paragraph b-article-body-skinny\">The emphasis on gifting in Nestl\u00e9\u2019s Christmas collection is particularly significant. <\/p>\n<p class=\"c-paragraph b-article-body-skinny\">While advent calendars and traditional seasonal treats remain staples of the category, manufacturers are increasingly looking to encourage spending right across the season, from stocking fillers to workplace Secret Santa.<\/p>\n<p class=\"c-paragraph b-article-body-skinny\">Plus, it taps into one of confectionery\u2019s most powerful trends \u2013 collaborations.<\/p>\n<p>Brand collaborations<\/p>\n<p class=\"c-paragraph b-article-body-skinny\">Arguably the standout feature of the line-up is the continued expansion of KitKat\u2019s Formula 1 partnership.<\/p>\n<p class=\"c-paragraph b-article-body-skinny\">The collectable tins and themed selection boxes bring one of the year\u2019s most prominent brand collaborations into the festive aisle, giving retailers a point of difference in an increasingly crowded seasonal confectionery market.<\/p>\n<p class=\"c-paragraph b-article-body-skinny\">\u201cKitKat is entering Christmas 2026 with its biggest festive range yet,\u201d says Rachael Mundy, marketing manager for seasonal and gifting confectionery at Nestl\u00e9 UK &amp; Ireland. \u201cWe\u2019re expanding into more occasions than ever before, from stocking fillers and advent calendars to premium gifting.\u201d<\/p>\n<p class=\"c-paragraph b-article-body-skinny\">With Mars, Mondel\u0113z and Nestl\u00e9 now firmly in Christmas mode, attention turns to Ferrero Group, Lindt &amp; Spr\u00fcngli and The Hershey Company to see who will be next to join the festive fray.<\/p>\n","protected":false},"excerpt":{"rendered":"Nestl\u00e9\u2019s Christmas range \u2013 overviewNestl\u00e9\u2019s launched its biggest-ever Christmas range for 2026 shoppersThe range arrives as festive competition&hellip;\n","protected":false},"author":2,"featured_media":123875,"comment_status":"","ping_status":"","sticky":false,"template":"","format":"standard","meta":{"footnotes":"","_share_on_mastodon":"0"},"categories":[126],"tags":[1122,982,1124,12095,59190,1134,199,2044,59191,59192,41,59193],"class_list":["post-123874","post","type-post","status-publish","format-standard","has-post-thumbnail","category-nestle","tag-building","tag-coffee","tag-company","tag-editorial","tag-editorial-use-only","tag-multinational","tag-nestle","tag-nestle-sa","tag-processing","tag-sheppard-avenue-west","tag-swiss","tag-tea"],"share_on_mastodon":{"url":"https:\/\/pubeurope.com\/@ch\/117196857622502764","error":""},"_links":{"self":[{"href":"https:\/\/www.europesays.com\/ch\/wp-json\/wp\/v2\/posts\/123874","targetHints":{"allow":["GET"]}}],"collection":[{"href":"https:\/\/www.europesays.com\/ch\/wp-json\/wp\/v2\/posts"}],"about":[{"href":"https:\/\/www.europesays.com\/ch\/wp-json\/wp\/v2\/types\/post"}],"author":[{"embeddable":true,"href":"https:\/\/www.europesays.com\/ch\/wp-json\/wp\/v2\/users\/2"}],"replies":[{"embeddable":true,"href":"https:\/\/www.europesays.com\/ch\/wp-json\/wp\/v2\/comments?post=123874"}],"version-history":[{"count":0,"href":"https:\/\/www.europesays.com\/ch\/wp-json\/wp\/v2\/posts\/123874\/revisions"}],"wp:featuredmedia":[{"embeddable":true,"href":"https:\/\/www.europesays.com\/ch\/wp-json\/wp\/v2\/media\/123875"}],"wp:attachment":[{"href":"https:\/\/www.europesays.com\/ch\/wp-json\/wp\/v2\/media?parent=123874"}],"wp:term":[{"taxonomy":"category","embeddable":true,"href":"https:\/\/www.europesays.com\/ch\/wp-json\/wp\/v2\/categories?post=123874"},{"taxonomy":"post_tag","embeddable":true,"href":"https:\/\/www.europesays.com\/ch\/wp-json\/wp\/v2\/tags?post=123874"}],"curies":[{"name":"wp","href":"https:\/\/api.w.org\/{rel}","templated":true}]}}