{"id":124695,"date":"2026-09-02T22:24:10","date_gmt":"2026-09-02T22:24:10","guid":{"rendered":"https:\/\/www.europesays.com\/ch\/124695\/"},"modified":"2026-09-02T22:24:10","modified_gmt":"2026-09-02T22:24:10","slug":"no-goals-in-the-bernese-oberland","status":"publish","type":"post","link":"https:\/\/www.europesays.com\/ch\/124695\/","title":{"rendered":"No goals in the Bernese Oberland"},"content":{"rendered":"<p>Thun \u2013 Lausanne-Sport 0\u20130<\/p>\n<p><img loading=\"lazy\" alt=\"Consternation all around. Both Thun and Lausanne had hoped for more than just one point.\" width=\"1280\" height=\"720\" decoding=\"async\" data-nimg=\"1\" class=\"object-cover\" style=\"color:transparent\"   src=\"https:\/\/www.europesays.com\/ch\/wp-content\/uploads\/2026\/09\/8ae354f8-ecfb-4b4a-a74a-5e191e5201a7.jpg\"\/><\/p>\n<p class=\"text-dark-gray text-small mt-2\">Consternation all around. Both Thun and Lausanne had hoped for more than just one point.<\/p>\n<p class=\"text-gray text-smaller mt-1 [.ticker-entry_&amp;]:border-b [.ticker-entry_&amp;]:border-aluminum [.ticker-entry_&amp;]:pb-1\">Keystone<\/p>\n<p class=\"c-stacked-spacing a-paragraph a-paragraph--lead text-h4 leading-26 md:leading-28 text-navy p-4 pb-8 md:px-0 md:pt-8\" data-t-name=\"Paragraph\">FC Thun and FC Lausanne-Sport played to a scoreless draw in the 6th round of the Super League. In an intense match, neither team was able to score a goal in the end.<\/p>\n<p><img alt=\"Keystone-SDA\" loading=\"lazy\" width=\"40\" height=\"40\" decoding=\"async\" data-nimg=\"1\" class=\"h-full w-full rounded-full object-cover\" style=\"color:transparent\"  src=\"https:\/\/bluewin-prod-sc-images.imgix.net\/2026\/04\/07\/8f8bf2bc-2db8-4d30-a567-72697f869653.heif?w=96&amp;auto=format&amp;s=07db0ac73ee5d1f68cd7a05910f2bdf5\"\/><\/p>\n<p class=\"author-names text-navy text-small\">Keystone-SDA<\/p>\n<p><img alt=\"\" aria-hidden=\"true\" loading=\"lazy\" width=\"12\" height=\"12\" decoding=\"async\" data-nimg=\"1\" class=\"mr-1 h-3 w-3\" style=\"color:transparent\"  src=\"https:\/\/www.bluewin.ch\/_next\/static\/media\/021-clock.24ldz2iukf4_m.svg?w=32\"\/>02.09.2026, 22:41<\/p>\n<p class=\"c-paragraph text-standard wrap-break-word text-dark-gray font-thesans w-full\">The visitors got off to a better start and celebrated twice early on. However, both Enzo Molebe\u2019s supposed goal (5th minute) and an own goal by Thun\u2019s Simon Lengen (7th minute) were correctly disallowed by the referee. Lausanne then tested goalkeeper Steffen with another dangerous shot before the Bernese gradually took control of the game.<\/p>\n<p class=\"c-paragraph text-standard wrap-break-word text-dark-gray font-thesans w-full\">After the break, Thun pushed hard to take the lead. In the 63rd minute, Brighton Labeau had the home fans cheering, but the video referee intervened: the forward had handled the ball. In the closing minutes, Lausanne defended passionately against the charging Thun players. Since the Oberland side could no longer break through the defensive wall\u2014despite the fresh legs of Fabio Saiz and Nils Reichmuth\u2014the match ended in a fair 0-0 draw. As a result, both teams missed out on the hoped-for leap into the upper half of the standings.<\/p>\n<p>Telegram and Rankings<\/p>\n<p class=\"c-paragraph text-standard wrap-break-word text-dark-gray font-thesans w-full\">Thun \u2013 Lausanne-Sport 0\u20130<\/p>\n<p class=\"c-paragraph text-standard wrap-break-word text-dark-gray font-thesans w-full\">5,014 spectators. \u2013 Referee: Drmic.<\/p>\n<p class=\"c-paragraph text-standard wrap-break-word text-dark-gray font-thesans w-full\">Thun: Steffen; D\u00e4hler, B\u00fcrgy, Bamert, Stranneg\u00e5rd (Fehr, 62&#8242;); Maier, Roth (81. K\u00e4it), Zoukit, Reichmuth (75. Saiz); Lengen (62. Dursun), Labeau (82. Christoffersson).<\/p>\n<p class=\"c-paragraph text-standard wrap-break-word text-dark-gray font-thesans w-full\">Lausanne-Sport: Mastil; Soppy, Sow, Poaty, Bergvall; Kon\u00e9 (71. NDiaye), Custodio (86. Koindredi); Butler-Oyedeji (71. Cozza), Mollet, Molebe (61. Traore); Janneh.<\/p>\n<p class=\"c-paragraph text-standard wrap-break-word text-dark-gray font-thesans w-full\">Notes: Yellow cards: 63. Dursun, 88. Zoukit, 90. Sow, 93. Fehr.<\/p>\n<p class=\"c-paragraph text-standard wrap-break-word text-dark-gray font-thesans w-full\">Standings: 1. Young Boys 6\/14. 2. Lugano 4\/12. 3. Basel 5\/10. 4. Lucerne 6\/8. 5. St. Gallen 5\/7. 6. Thun 5\/7. 7. Sion 4\/6. 8. Lausanne-Sport 6\/6. 9. Zurich 6\/6. 10. Servette 4\/4. 11. Grasshoppers 5\/4. 12. Vaduz 6\/3.<\/p>\n","protected":false},"excerpt":{"rendered":"Thun \u2013 Lausanne-Sport 0\u20130 Consternation all around. Both Thun and Lausanne had hoped for more than just one&hellip;\n","protected":false},"author":2,"featured_media":124696,"comment_status":"","ping_status":"","sticky":false,"template":"","format":"standard","meta":{"footnotes":"","_share_on_mastodon":"0"},"categories":[9],"tags":[94,60950],"class_list":["post-124695","post","type-post","status-publish","format-standard","has-post-thumbnail","category-lausanne","tag-lausanne","tag-thun-lausanne-sport-00"],"share_on_mastodon":{"url":"https:\/\/pubeurope.com\/@ch\/117203794144063415","error":""},"_links":{"self":[{"href":"https:\/\/www.europesays.com\/ch\/wp-json\/wp\/v2\/posts\/124695","targetHints":{"allow":["GET"]}}],"collection":[{"href":"https:\/\/www.europesays.com\/ch\/wp-json\/wp\/v2\/posts"}],"about":[{"href":"https:\/\/www.europesays.com\/ch\/wp-json\/wp\/v2\/types\/post"}],"author":[{"embeddable":true,"href":"https:\/\/www.europesays.com\/ch\/wp-json\/wp\/v2\/users\/2"}],"replies":[{"embeddable":true,"href":"https:\/\/www.europesays.com\/ch\/wp-json\/wp\/v2\/comments?post=124695"}],"version-history":[{"count":0,"href":"https:\/\/www.europesays.com\/ch\/wp-json\/wp\/v2\/posts\/124695\/revisions"}],"wp:featuredmedia":[{"embeddable":true,"href":"https:\/\/www.europesays.com\/ch\/wp-json\/wp\/v2\/media\/124696"}],"wp:attachment":[{"href":"https:\/\/www.europesays.com\/ch\/wp-json\/wp\/v2\/media?parent=124695"}],"wp:term":[{"taxonomy":"category","embeddable":true,"href":"https:\/\/www.europesays.com\/ch\/wp-json\/wp\/v2\/categories?post=124695"},{"taxonomy":"post_tag","embeddable":true,"href":"https:\/\/www.europesays.com\/ch\/wp-json\/wp\/v2\/tags?post=124695"}],"curies":[{"name":"wp","href":"https:\/\/api.w.org\/{rel}","templated":true}]}}