{"id":46497,"date":"2026-04-09T14:00:27","date_gmt":"2026-04-09T14:00:27","guid":{"rendered":"https:\/\/www.europesays.com\/ch\/46497\/"},"modified":"2026-04-09T14:00:27","modified_gmt":"2026-04-09T14:00:27","slug":"switzerland-innovation-park-zurich-sichert-sich-445-millionen-fur-neubauten","status":"publish","type":"post","link":"https:\/\/www.europesays.com\/ch\/46497\/","title":{"rendered":"Switzerland Innovation Park Zurich sichert sich 445 Millionen f\u00fcr Neubauten"},"content":{"rendered":"<p>    \t\t\t<img decoding=\"async\" alt=\"Switzerland Innovation Park Zurich\" title=\"Switzerland Innovation Park Zurich\" src=\"https:\/\/www.europesays.com\/ch\/wp-content\/uploads\/2026\/04\/IPZ Gesamtansicht Teil A.jpg\" \/><\/p>\n<p>Auf dem Milit\u00e4rflugplatz D\u00fcbendorf entsteht der Switzerland Innovation Park Zurich \u2013 ein Campus f\u00fcr angewandte Forschung, technologische Entwicklung und innovative Startups. Im Herbst erfolgte der Spatenstich f\u00fcr den ersten Neubau. Mit einem Kredit von bis zu 445 Millionen Franken treibt der Park nun den Bau neuer Labor- und B\u00fcrofl\u00e4chen voran.<\/p>\n<p>Der\u00a0<a href=\"https:\/\/www.innovationparkzurich.com\/de\/\" target=\"_blank\" rel=\"noopener nofollow\">Switzerland Innovation Park Zurich<\/a> will Wissenschaft, Industrie und Unternehmertum zusammenbringen. Im Zentrum stehen die Cluster Robotics &amp; Future Mobility, Space &amp; Aviation sowie Advanced Manufacturing. Der Campus bietet reale Testfelder, Werkst\u00e4tten, Labore und Entwicklungsumgebungen f\u00fcr Prototyping, Pilotprojekte und Skalierung.<\/p>\n<p>Die Randzone ist bereits weitgehend fertiggestellt und wird von der ETH Z\u00fcrich, Universit\u00e4t Z\u00fcrich und ersten Industriepartnern genutzt. F\u00fcr Sektor B, die erste Neubauetappe, fand im Herbst 2025 der Spatenstich statt &#8211; die Er\u00f6ffnung ist f\u00fcr Sommer n\u00e4chsten Jahres geplant. Bis 2032 sollen die Bauarbeiten der Randzone und Neubauten abgeschlossen sein. Der Neubausektor wird dann \u00fcber rund 100\u2019000 Quadratmeter Geschossfl\u00e4che verf\u00fcgen. Gespr\u00e4che mit potenziellen Mietern laufen bereits.<\/p>\n<p>F\u00fcr die n\u00e4chste Entwicklungsphase hat sich der Park nun die notwendige Finanzierung gesichert: Ein langfristiger Konsortialkredit von bis zu 445 Millionen Franken, unter der F\u00fchrung der Z\u00fcrcher Kantonalbank gemeinsam mit der Luzerner Kantonalbank und der Liechtensteinischen Landesbank, steht bereit und kann etappiert abgerufen werden.<\/p>\n<p>\u00a0\u00abDer Konsortialkredit sichert uns die finanzielle St\u00e4rke, die wir ben\u00f6tigen, um die Realisierung des Innovationsparks Z\u00fcrich nun rasch vorw\u00e4rtszutreiben\u00bb, so Andrea Th\u00f6ny, Gesch\u00e4ftsf\u00fchrer IPZ Operation AG, der f\u00fcr die operative Leitung des Parks zust\u00e4ndig ist. Zusammen mit dem kantonalen Verpflichtungskredit und den fortlaufenden Investitionen privater Aktion\u00e4re bildet der Konsortialkredit die Basis f\u00fcr die weitere Entwicklung des Innovationsparks.<\/p>\n<p>(Press release \/ LF)\u00a0<br \/>Bild:\u00a0Gesamtsicht Teil A \/ Switzerland Innovation Park Zurich\u00a0<\/p>\n","protected":false},"excerpt":{"rendered":"Auf dem Milit\u00e4rflugplatz D\u00fcbendorf entsteht der Switzerland Innovation Park Zurich \u2013 ein Campus f\u00fcr angewandte Forschung, technologische Entwicklung&hellip;\n","protected":false},"author":2,"featured_media":46498,"comment_status":"","ping_status":"","sticky":false,"template":"","format":"standard","meta":{"footnotes":"","_share_on_mastodon":"0"},"categories":[6],"tags":[26955,7024,26962,26967,17382,26940,26947,26941,26964,26968,26961,26959,26942,26943,26948,26951,26938,26945,1101,26960,26954,26958,26957,26937,26963,26949,26939,26952,13793,26965,26953,26936,26935,26946,17,26944,26950,26966,26956,51],"class_list":["post-46497","post","type-post","status-publish","format-standard","has-post-thumbnail","category-zurich","tag-bereits","tag-bis","tag-bis-millionen","tag-bis-millionen-franken","tag-campus","tag-dem","tag-den","tag-der","tag-der-park","tag-der-park-nun","tag-der-spatenstich","tag-des","tag-ein","tag-entwicklung","tag-ersten","tag-franken","tag-fur","tag-herbst","tag-innovation","tag-innovationsparks","tag-ist","tag-kantonalbank","tag-konsortialkredit","tag-millionen","tag-millionen-franken","tag-mit","tag-neubauten","tag-nun","tag-park","tag-park-nun","tag-randzone","tag-sich","tag-sichert","tag-spatenstich","tag-switzerland","tag-und","tag-von","tag-von-bis-millionen","tag-wird","tag-zurich"],"share_on_mastodon":{"url":"https:\/\/pubeurope.com\/@ch\/116375114455957338","error":""},"_links":{"self":[{"href":"https:\/\/www.europesays.com\/ch\/wp-json\/wp\/v2\/posts\/46497","targetHints":{"allow":["GET"]}}],"collection":[{"href":"https:\/\/www.europesays.com\/ch\/wp-json\/wp\/v2\/posts"}],"about":[{"href":"https:\/\/www.europesays.com\/ch\/wp-json\/wp\/v2\/types\/post"}],"author":[{"embeddable":true,"href":"https:\/\/www.europesays.com\/ch\/wp-json\/wp\/v2\/users\/2"}],"replies":[{"embeddable":true,"href":"https:\/\/www.europesays.com\/ch\/wp-json\/wp\/v2\/comments?post=46497"}],"version-history":[{"count":0,"href":"https:\/\/www.europesays.com\/ch\/wp-json\/wp\/v2\/posts\/46497\/revisions"}],"wp:featuredmedia":[{"embeddable":true,"href":"https:\/\/www.europesays.com\/ch\/wp-json\/wp\/v2\/media\/46498"}],"wp:attachment":[{"href":"https:\/\/www.europesays.com\/ch\/wp-json\/wp\/v2\/media?parent=46497"}],"wp:term":[{"taxonomy":"category","embeddable":true,"href":"https:\/\/www.europesays.com\/ch\/wp-json\/wp\/v2\/categories?post=46497"},{"taxonomy":"post_tag","embeddable":true,"href":"https:\/\/www.europesays.com\/ch\/wp-json\/wp\/v2\/tags?post=46497"}],"curies":[{"name":"wp","href":"https:\/\/api.w.org\/{rel}","templated":true}]}}