{"id":100152,"date":"2026-05-28T16:05:09","date_gmt":"2026-05-28T16:05:09","guid":{"rendered":"https:\/\/www.europesays.com\/cz\/100152\/"},"modified":"2026-05-28T16:05:09","modified_gmt":"2026-05-28T16:05:09","slug":"na-tri-tankery-u-turecka-zautocily-drony","status":"publish","type":"post","link":"https:\/\/www.europesays.com\/cz\/100152\/","title":{"rendered":"Na t\u0159i tankery u\u00a0Turecka za\u00fato\u010dily drony"},"content":{"rendered":"<p class=\"c_bz\">K n\u00e1letu dron\u016f na ropn\u00e9 tankery, kter\u00e9 pravd\u011bpodobn\u011b n\u00e1le\u017e\u00ed k\u00a0rusk\u00e9 st\u00ednov\u00e9 flotile,  do\u0161lo nedaleko tureck\u00e9ho m\u011bsta T\u00fcrkeli na severn\u00edm pob\u0159e\u017e\u00ed. Ohl\u00e1sila to n\u00e1mo\u0159n\u00ed agentura Tribeca. Bezpilotn\u00ed letouny m\u00ed\u0159ily na pr\u00e1zdn\u00fd tanker <a data-dot=\"atm-link\" target=\"_blank\" rel=\"noopener nofollow\" href=\"https:\/\/war-sanctions.gur.gov.ua\/en\/transport\/shadow-fleet\/1034\" class=\"c_N\">James II<\/a> pluj\u00edc\u00ed pod vlajkou Palau, kter\u00fd pluje do rumunsk\u00e9ho p\u0159\u00edstavu Constanta.<\/p>\n<p class=\"c_bz\">Druh\u00e1 skupina dron\u016f c\u00edlila na tankery <a data-dot=\"atm-link\" target=\"_blank\" rel=\"noopener nofollow\" href=\"https:\/\/war-sanctions.gur.gov.ua\/en\/transport\/ships\/1217\" class=\"c_N\">Altura<\/a> a\u00a0<a data-dot=\"atm-link\" target=\"_blank\" rel=\"noopener nofollow\" href=\"https:\/\/war-sanctions.gur.gov.ua\/en\/transport\/ships\/1219\" class=\"c_N\">Velora<\/a> pod vlajkou Sierra Leone. Ty v\u00a0dob\u011b \u00fatoku tak\u00e9 nevezly \u017e\u00e1dn\u00fd n\u00e1klad a\u00a0podle informac\u00ed port\u00e1lu <a data-dot=\"atm-link\" target=\"_blank\" rel=\"noopener nofollow\" href=\"https:\/\/www.internazionale.it\/ultime-notizie-reuters\/2026\/05\/28\/three-tankers-reportedly-attacked-by-drones-in-black-sea-shipping-agency-says\" class=\"c_N\">Internazionale<\/a> jejich pos\u00e1dky zrovna prov\u00e1d\u011bly mezilodn\u00ed pr\u00e1ce.<\/p>\n<p lang=\"en\" dir=\"ltr\">Near Turkey, naval drones attacked three \u201cshadow fleet\u201d tankers linked to Russia \u2014 the strike occurred just 2\u20133 km off the Turkish coast.<\/p>\n<p>Explosions were heard just a few kilometers from the shoreline and were reportedly audible even in Istanbul. <\/p>\n<p>The vessels Velora, James II,\u2026 <a href=\"https:\/\/t.co\/74fWFAIZXF\" rel=\"nofollow\">pic.twitter.com\/74fWFAIZXF<\/a><\/p>\n<p>\u2014 NEXTA (@nexta_tv) <a href=\"https:\/\/x.com\/nexta_tv\/status\/2059993593893593262?ref_src=twsrc%5Etfw\" rel=\"nofollow\">May 28, 2026<\/a><\/p>\n<p class=\"c_bz\">\u201eNa m\u00edsto byly vysl\u00e1ny \u010dluny pob\u0159e\u017en\u00ed str\u00e1\u017ee. V\u0161ichni \u010dlenov\u00e9 pos\u00e1dek v\u0161ech t\u0159\u00ed plavidel jsou v\u00a0po\u0159\u00e1dku,\u201c tlumo\u010dil vyj\u00e1d\u0159en\u00ed Tribecy server <a data-dot=\"atm-link\" target=\"_blank\" rel=\"noopener nofollow\" href=\"https:\/\/www.turkiyetoday.com\/world\/three-tankers-attacked-by-drones-in-black-sea-near-turkiye-3220819?s=1\" class=\"c_N\">Turkiye Today<\/a>.<\/p>\n<p class=\"c_bz\">Rusko se pomoc\u00ed st\u00ednov\u00e9 flotily sna\u017e\u00ed obej\u00edt mezin\u00e1rodn\u00ed sankce a\u00a0vyv\u00e1\u017eet sv\u00e9 ropn\u00e9 produkty. K\u00a0\u00faderu na plavidla se zat\u00edm nikdo nep\u0159ihl\u00e1sil, pravd\u011bpodobn\u011b za n\u00edm ale stoj\u00ed Ukrajina. Ob\u011b zem\u011b pravideln\u011b \u00fato\u010d\u00ed na p\u0159\u00edstavy a\u00a0lod\u011b od \u00fanora 2022, kdy\u017e Moskva spustila invazi na Ukrajinu.<\/p>\n<p><a data-dot=\"atm-link\" target=\"_self\" href=\"https:\/\/www.novinky.cz\/clanek\/valka-na-ukrajine-ukrajinci-poslali-storm-shadows-na-krym-40580062\" class=\"c_N\" rel=\"nofollow noopener\"><img fetchpriority=\"high\" height=\"1440\" width=\"2560\" src=\"https:\/\/www.europesays.com\/cz\/wp-content\/uploads\/2026\/05\/ukrajina-storm-shadows-sevastopol.jpeg\" loading=\"eager\" decoding=\"sync\" class=\"c_t c_r\"\/><\/a><script async src=\"https:\/\/platform.twitter.com\/widgets.js\" charset=\"utf-8\"><\/script><\/p>\n","protected":false},"excerpt":{"rendered":"K n\u00e1letu dron\u016f na ropn\u00e9 tankery, kter\u00e9 pravd\u011bpodobn\u011b n\u00e1le\u017e\u00ed k\u00a0rusk\u00e9 st\u00ednov\u00e9 flotile, do\u0161lo nedaleko tureck\u00e9ho m\u011bsta T\u00fcrkeli na&hellip;\n","protected":false},"author":2,"featured_media":100153,"comment_status":"","ping_status":"","sticky":false,"template":"","format":"standard","meta":{"footnotes":"","_share_on_mastodon":"0"},"categories":[11],"tags":[464,10181,61,54,1908,4771,110,53,52],"class_list":["post-100152","post","type-post","status-publish","format-standard","has-post-thumbnail","category-svet","tag-drony","tag-nalety","tag-rusko","tag-svet","tag-tanker","tag-turecko","tag-ukrajina","tag-world","tag-world-news"],"share_on_mastodon":{"url":"https:\/\/pubeurope.com\/@cz\/116653059286172282","error":""},"_links":{"self":[{"href":"https:\/\/www.europesays.com\/cz\/wp-json\/wp\/v2\/posts\/100152","targetHints":{"allow":["GET"]}}],"collection":[{"href":"https:\/\/www.europesays.com\/cz\/wp-json\/wp\/v2\/posts"}],"about":[{"href":"https:\/\/www.europesays.com\/cz\/wp-json\/wp\/v2\/types\/post"}],"author":[{"embeddable":true,"href":"https:\/\/www.europesays.com\/cz\/wp-json\/wp\/v2\/users\/2"}],"replies":[{"embeddable":true,"href":"https:\/\/www.europesays.com\/cz\/wp-json\/wp\/v2\/comments?post=100152"}],"version-history":[{"count":0,"href":"https:\/\/www.europesays.com\/cz\/wp-json\/wp\/v2\/posts\/100152\/revisions"}],"wp:featuredmedia":[{"embeddable":true,"href":"https:\/\/www.europesays.com\/cz\/wp-json\/wp\/v2\/media\/100153"}],"wp:attachment":[{"href":"https:\/\/www.europesays.com\/cz\/wp-json\/wp\/v2\/media?parent=100152"}],"wp:term":[{"taxonomy":"category","embeddable":true,"href":"https:\/\/www.europesays.com\/cz\/wp-json\/wp\/v2\/categories?post=100152"},{"taxonomy":"post_tag","embeddable":true,"href":"https:\/\/www.europesays.com\/cz\/wp-json\/wp\/v2\/tags?post=100152"}],"curies":[{"name":"wp","href":"https:\/\/api.w.org\/{rel}","templated":true}]}}