{"id":100618,"date":"2026-05-29T05:34:10","date_gmt":"2026-05-29T05:34:10","guid":{"rendered":"https:\/\/www.europesays.com\/cz\/100618\/"},"modified":"2026-05-29T05:34:10","modified_gmt":"2026-05-29T05:34:10","slug":"ted-aby-krausuv-syn-adam-chodil-kanaly-potupa-u-soudu","status":"publish","type":"post","link":"https:\/\/www.europesays.com\/cz\/100618\/","title":{"rendered":"Te\u010f aby Kraus\u016fv syn Adam chodil kan\u00e1ly: POTUPA U SOUDU!"},"content":{"rendered":"<p>Posudek vypracov\u00e1vala doktorka Tereza Sejkorov\u00e1 Bene\u0161ov\u00e1, kterou si Adam <a class=\"celebrity celebwiki\" href=\"https:\/\/celebwiki.blesk.cz\/osobnost\/1296\/jan-kraus\/\" target=\"_blank\" rel=\"nofollow noopener\">Kraus<\/a> s\u00e1m vybral. \u201eJeho osobnost je strukturov\u00e1na harmonicky, m\u00e1 tendence k sebekritice, vnit\u0159n\u00ed nejistot\u011b a sebeobvi\u0148ov\u00e1n\u00ed, agresi jsem nepozorovala,\u201c vykreslovala znalkyn\u011b jeho povahu veskrze pozitivn\u011b.<\/p>\n<p style=\"text-align: center;\">Soud Adam Kraus<\/p>\n<p>    <a href=\"https:\/\/www.ahaonline.cz\/clanek\/zhave-drby\/234432\/dedek-po-konci-na-prime-vyhazov-bez-duvodu.html\" rel=\"nofollow noopener\" target=\"_blank\"><\/p>\n<p>        <img decoding=\"async\" src=\"https:\/\/www.europesays.com\/cz\/wp-content\/uploads\/2026\/05\/9855899-crop.jpg\" alt=\"D\u011bdek po konci na Prim\u011b: Vyhazov bez d\u016fvodu! \" title=\"D\u011bdek po konci na Prim\u011b: Vyhazov bez d\u016fvodu! \" height=\"140\" width=\"220\" class=\"lazyload \" loading=\"lazy\" \/><\/p>\n<p>    <\/a><\/p>\n<p>Pak ale herc\u016fv \u00fasm\u011bv ztuhl. U soudu toti\u017e zazn\u011blo, \u017ee m\u00e1 sklony k teatr\u00e1lnosti a m\u016f\u017ee se uchylovat k m\u00edrn\u00e9 fabulaci. Nebyly vylou\u010deny ani zn\u00e1mky deprese. \u201eJev\u00ed se jako subdepresivn\u00ed a m\u00edrn\u011b neurotick\u00fd. M\u011bl by se aktu\u00e1ln\u011b l\u00e9\u010dit antidepresivy,\u201c uvedla znalkyn\u011b bez okolk\u016f. Nezast\u00edrala ani, \u017ee se u n\u011bho projevuje emocion\u00e1ln\u00ed z\u00e1vislost. \u201eM\u00e1 silnou pot\u0159ebu vytv\u00e1\u0159et citov\u00e9 vazby. V nich m\u00e1 tendenci setrvat, i kdy\u017e jsou nefunk\u010dn\u00ed. Vyb\u00edr\u00e1 si \u017eeny osobnostn\u011b k\u0159ehk\u00e9, p\u0159ecitliv\u011bl\u00e9, aby m\u011bl pocit, \u017ee je m\u016f\u017ee zachra\u0148ovat. Kdy\u017e za\u010dne vztah krachovat, chce ho udr\u017eet za ka\u017edou cenu,\u201c vysv\u011btlila.<\/p>\n<p style=\"text-align: center;\">Jan Kraus<\/p>\n<p>Kdy\u017e p\u0159i\u0161la od soudu ot\u00e1zka, zda-li by byl schopen n\u011bkoho sledovat, tzv. stalkovat, psycholo\u017eka to zcela nevylu\u010dovala. \u201eDovedu si p\u0159edstavit, \u017ee ve snaze udr\u017eet vztah a m\u00edt situaci pod kontrolou, by mohlo doj\u00edt k n\u011bjak\u00e9mu hl\u00edd\u00e1n\u00ed,\u201c p\u0159iznala.<\/p>\n<p>    <a href=\"https:\/\/www.ahaonline.cz\/clanek\/zhave-drby\/233327\/kraus-znemoznil-krejcikovou-vysmech-kvuli-ztroskotanemu-vztahu.html\" rel=\"nofollow noopener\" target=\"_blank\"><\/p>\n<p>        <img decoding=\"async\" src=\"https:\/\/www.europesays.com\/cz\/wp-content\/uploads\/2026\/05\/9712030.jpg\" alt=\"Kraus znemo\u017enil Krej\u010d\u00edkovou: V\u00fdsm\u011bch kv\u016fli ztroskotan\u00e9mu vztahu\" title=\"Kraus znemo\u017enil Krej\u010d\u00edkovou: V\u00fdsm\u011bch kv\u016fli ztroskotan\u00e9mu vztahu\" height=\"140\" width=\"220\" class=\"lazyload \" loading=\"lazy\" \/><\/p>\n<p>    <\/a><\/p>\n","protected":false},"excerpt":{"rendered":"Posudek vypracov\u00e1vala doktorka Tereza Sejkorov\u00e1 Bene\u0161ov\u00e1, kterou si Adam Kraus s\u00e1m vybral. \u201eJeho osobnost je strukturov\u00e1na harmonicky, m\u00e1&hellip;\n","protected":false},"author":2,"featured_media":100619,"comment_status":"","ping_status":"","sticky":false,"template":"","format":"standard","meta":{"footnotes":"","_share_on_mastodon":"0"},"categories":[14],"tags":[4382,79,349,3294,651,652,80,163,83],"class_list":["post-100618","post","type-post","status-publish","format-standard","has-post-thumbnail","category-zabava","tag-adam-kraus","tag-entertainment","tag-herec","tag-jan-kraus","tag-rodina","tag-vztahy","tag-zabava","tag-zhave-drby","tag-zpevak"],"share_on_mastodon":{"url":"https:\/\/pubeurope.com\/@cz\/116656240323243155","error":""},"_links":{"self":[{"href":"https:\/\/www.europesays.com\/cz\/wp-json\/wp\/v2\/posts\/100618","targetHints":{"allow":["GET"]}}],"collection":[{"href":"https:\/\/www.europesays.com\/cz\/wp-json\/wp\/v2\/posts"}],"about":[{"href":"https:\/\/www.europesays.com\/cz\/wp-json\/wp\/v2\/types\/post"}],"author":[{"embeddable":true,"href":"https:\/\/www.europesays.com\/cz\/wp-json\/wp\/v2\/users\/2"}],"replies":[{"embeddable":true,"href":"https:\/\/www.europesays.com\/cz\/wp-json\/wp\/v2\/comments?post=100618"}],"version-history":[{"count":0,"href":"https:\/\/www.europesays.com\/cz\/wp-json\/wp\/v2\/posts\/100618\/revisions"}],"wp:featuredmedia":[{"embeddable":true,"href":"https:\/\/www.europesays.com\/cz\/wp-json\/wp\/v2\/media\/100619"}],"wp:attachment":[{"href":"https:\/\/www.europesays.com\/cz\/wp-json\/wp\/v2\/media?parent=100618"}],"wp:term":[{"taxonomy":"category","embeddable":true,"href":"https:\/\/www.europesays.com\/cz\/wp-json\/wp\/v2\/categories?post=100618"},{"taxonomy":"post_tag","embeddable":true,"href":"https:\/\/www.europesays.com\/cz\/wp-json\/wp\/v2\/tags?post=100618"}],"curies":[{"name":"wp","href":"https:\/\/api.w.org\/{rel}","templated":true}]}}