{"id":100758,"date":"2026-05-29T08:01:07","date_gmt":"2026-05-29T08:01:07","guid":{"rendered":"https:\/\/www.europesays.com\/cz\/100758\/"},"modified":"2026-05-29T08:01:07","modified_gmt":"2026-05-29T08:01:07","slug":"starostka-na-kterou-mate-cislo-nazory-zastupitelu","status":"publish","type":"post","link":"https:\/\/www.europesays.com\/cz\/100758\/","title":{"rendered":"Starostka, na kterou m\u00e1te \u010d\u00edslo | N\u00e1zory zastupitel\u016f"},"content":{"rendered":"<p>  <a class=\"fancybox lazyload-wrapper\" data-fancybox=\"gallery\" rel=\"gallery nofollow noopener\" href=\"https:\/\/www.praha3.cz\/getFile\/id:1209344\/type:large\/siluety_1920x1080-zeleny-koalice.png\" title=\"siluety 1920x1080-zeleny-koalice\" target=\"_blank\"> <img decoding=\"async\" class=\"lazyload-img\" src=\"https:\/\/www.europesays.com\/cz\/wp-content\/uploads\/2026\/05\/1780041667_451_siluety_1920x1080-zeleny-koalice.png\" data-lazyload=\"https:\/\/www.praha3.cz\/getFile\/id:1209344\/type:large\/siluety_1920x1080-zeleny-koalice.png\" alt=\"siluety 1920x1080-zeleny-koalice\" loading=\"lazy\"\/> <\/a>  <\/p>\n<p>Na Praze 3 m\u00e1me \u0161t\u011bst\u00ed na lidi, kte\u0159\u00ed se o svou \u010dtvr\u0165 staraj\u00ed dlouhodob\u011b a vytrvale. Vedou spolky, \u0161koly nebo sousedsk\u00e9 iniciativy. Nejsou v\u017edycky nejv\u00edc vid\u011bt, ale jejich pr\u00e1ce je pro ka\u017edodenn\u00ed \u017eivot na Trojce nezastupiteln\u00e1.<\/p>\n<p>Politici na radnici se m\u011bn\u00ed. Tahle poctiv\u00e1 pr\u00e1ce ale z\u016fst\u00e1v\u00e1. Jsem p\u0159esv\u011bd\u010den\u00e1, \u017ee lid\u00e9, kte\u0159\u00ed ji roky d\u011blaj\u00ed, maj\u00ed m\u00edt v\u011bt\u0161\u00ed slovo i v tom, kam se Praha 3 bude d\u00e1l ub\u00edrat.<\/p>\n<p>Jednou z nich je Edita Jane\u010dkov\u00e1. U\u017e 17 let \u0159e\u0161\u00ed konkr\u00e9tn\u00ed probl\u00e9my m\u00edstn\u00edch jako pr\u00e1vni\u010dka a \u0159editelka centra Nov\u00e1 Trojka. Ro\u010dn\u011b se potk\u00e1v\u00e1 se stovkami lid\u00ed \u2014 u program\u016f pro rodiny a sousedy i ve chv\u00edl\u00edch, kdy lid\u00e9 pot\u0159ebuj\u00ed radu, podporu nebo rychlou pomoc. V\u011bd\u00ed, \u017ee ji dostanou. Kdy\u017e \u017ei\u017ekovsk\u00e9 rodin\u011b s d\u011btmi vy ho\u0159el byt, d\u00edky propojen\u00ed se sousedy b\u011bhem p\u00e1r dn\u016f sehnali z\u00e1kladn\u00ed vybaven\u00ed tak, aby m\u011bla kde sp\u00e1t, va\u0159it a d\u011bti mohly chodit do \u0161koly. \u0158e\u0161it v\u011bci rychle a bez velk\u00fdch \u0159e\u010d\u00ed je nenahraditeln\u00e1 zku\u0161enost.<\/p>\n<p>Editu jsem poznala d\u00edky Nov\u00e9 Trojce i jej\u00ed spolupr\u00e1ci s radnic\u00ed na vzd\u011bl\u00e1vac\u00edch a soci\u00e1ln\u00edch projektech. Pr\u00e1v\u011b tam bylo vid\u011bt, jak u\u017eite\u010dn\u00e9 je spojen\u00ed pr\u00e1vn\u00ed ho vzd\u011bl\u00e1n\u00ed a zku\u0161enosti z pr\u00e1ce s lidmi: Edita hled\u00e1 \u0159e\u0161en\u00ed i tam, kde radnice ob\u010das p\u0159\u00edli\u0161 rychle \u0159ekne, \u017ee to nejde.<\/p>\n<p>Proto jsme ji oslovili, aby kandidovala jako nez\u00e1visl\u00e1 za Prahu 3 sob\u011b a Pir\u00e1ty na starostku. Praha 3 pot\u0159e buje ve veden\u00ed lidi, kte\u0159\u00ed neberou podn\u011bty m\u00edstn\u00edch jako pr\u00e1ci nav\u00edc, ale jako partnerstv\u00ed. Proto\u017ee Trojka je na\u0161e spole\u010dn\u00e1.<\/p>\n<p>V \u010dervnu budeme ka\u017ed\u00fd den v ulic\u00edch. P\u0159ij\u010fte Editu poznat. Chceme starostku, na kterou m\u00e1 ka\u017ed\u00fd \u010d\u00edslo: 723 187 946, jsem@editapro3.cz.<\/p>\n","protected":false},"excerpt":{"rendered":"Na Praze 3 m\u00e1me \u0161t\u011bst\u00ed na lidi, kte\u0159\u00ed se o svou \u010dtvr\u0165 staraj\u00ed dlouhodob\u011b a vytrvale. Vedou spolky,&hellip;\n","protected":false},"author":2,"featured_media":100759,"comment_status":"","ping_status":"","sticky":false,"template":"","format":"standard","meta":{"footnotes":"","_share_on_mastodon":"0"},"categories":[30],"tags":[29932,98,99,19259],"class_list":["post-100758","post","type-post","status-publish","format-standard","has-post-thumbnail","category-praha","tag-na-kterou-mate-cislo-nazory-zastupitelu-praha-3","tag-prague","tag-praha","tag-starostka"],"share_on_mastodon":{"url":"https:\/\/pubeurope.com\/@cz\/116656818422037493","error":""},"_links":{"self":[{"href":"https:\/\/www.europesays.com\/cz\/wp-json\/wp\/v2\/posts\/100758","targetHints":{"allow":["GET"]}}],"collection":[{"href":"https:\/\/www.europesays.com\/cz\/wp-json\/wp\/v2\/posts"}],"about":[{"href":"https:\/\/www.europesays.com\/cz\/wp-json\/wp\/v2\/types\/post"}],"author":[{"embeddable":true,"href":"https:\/\/www.europesays.com\/cz\/wp-json\/wp\/v2\/users\/2"}],"replies":[{"embeddable":true,"href":"https:\/\/www.europesays.com\/cz\/wp-json\/wp\/v2\/comments?post=100758"}],"version-history":[{"count":0,"href":"https:\/\/www.europesays.com\/cz\/wp-json\/wp\/v2\/posts\/100758\/revisions"}],"wp:featuredmedia":[{"embeddable":true,"href":"https:\/\/www.europesays.com\/cz\/wp-json\/wp\/v2\/media\/100759"}],"wp:attachment":[{"href":"https:\/\/www.europesays.com\/cz\/wp-json\/wp\/v2\/media?parent=100758"}],"wp:term":[{"taxonomy":"category","embeddable":true,"href":"https:\/\/www.europesays.com\/cz\/wp-json\/wp\/v2\/categories?post=100758"},{"taxonomy":"post_tag","embeddable":true,"href":"https:\/\/www.europesays.com\/cz\/wp-json\/wp\/v2\/tags?post=100758"}],"curies":[{"name":"wp","href":"https:\/\/api.w.org\/{rel}","templated":true}]}}