{"id":100879,"date":"2026-05-29T10:17:01","date_gmt":"2026-05-29T10:17:01","guid":{"rendered":"https:\/\/www.europesays.com\/cz\/100879\/"},"modified":"2026-05-29T10:17:01","modified_gmt":"2026-05-29T10:17:01","slug":"hermanek-praha-zakladni-skola-gymnazium-a-stredni-pedagogicka-skola","status":"publish","type":"post","link":"https:\/\/www.europesays.com\/cz\/100879\/","title":{"rendered":"He\u0159m\u00e1nek Praha, z\u00e1kladn\u00ed \u0161kola, gymn\u00e1zium a st\u0159edn\u00ed pedagogick\u00e1 \u0161kola"},"content":{"rendered":"<p>St\u0159edn\u00ed vzd\u011bl\u00e1v\u00e1n\u00ed<\/p>\n<p>Soukrom\u00e1\u2022AJ, NJ, \u0160J\u2022Praha 8<\/p>\n<p><img fetchpriority=\"high\" height=\"1284\"   width=\"1926\" src=\"https:\/\/www.europesays.com\/cz\/wp-content\/uploads\/2026\/05\/13a8.jpeg\" loading=\"eager\" decoding=\"sync\" class=\"e_ab e_-\"\/>Foto: Firmy.cz<\/p>\n<p>3,5Dobr\u00e9(50)<\/p>\n<p>101Po\u010det student\u016f<br \/>\nna \u0161kole<\/p>\n<p>73Lon\u0161t\u00ed<br \/>\nkandid\u00e1ti<\/p>\n<p>64Lon\u0161t\u00ed<br \/>\np\u0159ijet\u00ed<\/p>\n<p>88%\u0160ance<br \/>\nna p\u0159ijet\u00ed<\/p>\n<p data-dot=\"ogm-article-perex\" class=\"e_bV c_jL speakable\">\u0160kola od 1. t\u0159\u00eddy po maturitu, kter\u00e1 \u010derp\u00e1 z Montessori metod a je orientov\u00e1na na charakter, samostatnost \u017e\u00e1k\u016f, ale i tvorbu spole\u010denstv\u00ed. Zam\u011b\u0159ujeme se na r\u016fst osobnosti \u017e\u00e1ka a vztahy mezi \u017e\u00e1ky.<\/p>\n<p>\u010cl\u00e1nek<\/p>\n<p>Po\u010det obor\u016f: 2<\/p>\n<p>OborFormaD\u00e9lkaKapacitaVyu\u010dovac\u00ed jazykPedagogick\u00e9 lyceumDenn\u00ed4 roky32\u010cesk\u00fdGymn\u00e1zium (4let\u00e9)Denn\u00ed4 roky32\u010cesk\u00fd<\/p>\n","protected":false},"excerpt":{"rendered":"St\u0159edn\u00ed vzd\u011bl\u00e1v\u00e1n\u00ed Soukrom\u00e1\u2022AJ, NJ, \u0160J\u2022Praha 8 Foto: Firmy.cz 3,5Dobr\u00e9(50) 101Po\u010det student\u016f na \u0161kole 73Lon\u0161t\u00ed kandid\u00e1ti 64Lon\u0161t\u00ed p\u0159ijet\u00ed 88%\u0160ance&hellip;\n","protected":false},"author":2,"featured_media":100880,"comment_status":"","ping_status":"","sticky":false,"template":"","format":"standard","meta":{"footnotes":"","_share_on_mastodon":"0"},"categories":[30],"tags":[29952,7049,7299,29953,29955,29954,98,99,1979,342],"class_list":["post-100879","post","type-post","status-publish","format-standard","has-post-thumbnail","category-praha","tag-gymnazia","tag-hlavni-mesto-praha","tag-lycea","tag-obecne-a-prakticke-vzdelani","tag-pedagogika","tag-pedagogika-a-socialni-prace","tag-prague","tag-praha","tag-praha-8","tag-zdravotnictvi"],"share_on_mastodon":{"url":"https:\/\/pubeurope.com\/@cz\/116657353291019665","error":""},"_links":{"self":[{"href":"https:\/\/www.europesays.com\/cz\/wp-json\/wp\/v2\/posts\/100879","targetHints":{"allow":["GET"]}}],"collection":[{"href":"https:\/\/www.europesays.com\/cz\/wp-json\/wp\/v2\/posts"}],"about":[{"href":"https:\/\/www.europesays.com\/cz\/wp-json\/wp\/v2\/types\/post"}],"author":[{"embeddable":true,"href":"https:\/\/www.europesays.com\/cz\/wp-json\/wp\/v2\/users\/2"}],"replies":[{"embeddable":true,"href":"https:\/\/www.europesays.com\/cz\/wp-json\/wp\/v2\/comments?post=100879"}],"version-history":[{"count":0,"href":"https:\/\/www.europesays.com\/cz\/wp-json\/wp\/v2\/posts\/100879\/revisions"}],"wp:featuredmedia":[{"embeddable":true,"href":"https:\/\/www.europesays.com\/cz\/wp-json\/wp\/v2\/media\/100880"}],"wp:attachment":[{"href":"https:\/\/www.europesays.com\/cz\/wp-json\/wp\/v2\/media?parent=100879"}],"wp:term":[{"taxonomy":"category","embeddable":true,"href":"https:\/\/www.europesays.com\/cz\/wp-json\/wp\/v2\/categories?post=100879"},{"taxonomy":"post_tag","embeddable":true,"href":"https:\/\/www.europesays.com\/cz\/wp-json\/wp\/v2\/tags?post=100879"}],"curies":[{"name":"wp","href":"https:\/\/api.w.org\/{rel}","templated":true}]}}