{"id":101035,"date":"2026-05-29T12:36:14","date_gmt":"2026-05-29T12:36:14","guid":{"rendered":"https:\/\/www.europesays.com\/cz\/101035\/"},"modified":"2026-05-29T12:36:14","modified_gmt":"2026-05-29T12:36:14","slug":"josef-dvorak-oznamil-konec-zavirame-potvrzuje-manzelka","status":"publish","type":"post","link":"https:\/\/www.europesays.com\/cz\/101035\/","title":{"rendered":"Josef Dvo\u0159\u00e1k ozn\u00e1mil konec! Zav\u00edr\u00e1me, potvrzuje man\u017eelka"},"content":{"rendered":"<p>Rozhodl se tak s\u00e1m princip\u00e1l, a\u010d je na\u0161t\u011bst\u00ed v\u0161estrann\u011b ve form\u011b. St\u00e1le je\u0161t\u011b hraje dvakr\u00e1t t\u00fddn\u011b tenis a p\u0159i kv\u011btnov\u00e9 v\u00fdprav\u011b s Amforou dokonce vyhr\u00e1l ve \u0160pan\u011blsku turnaj. \u201eNech\u00e1me si jen po\u0159ad \u0160m\u00e1tr\u00e1n\u00ed v pam\u011bti, s n\u00edm\u017e jezd\u00edme po republice,\u201c upozornil Dvo\u0159\u00e1k. Nyn\u00ed se ale moc t\u011b\u0161\u00ed na letn\u00ed sc\u00e9nu pod \u017ei\u017ekovsk\u00fdm vys\u00edla\u010dem, kde program startuje u\u017e 15. \u010dervna. \u201eM\u00e1 to neopakovatelnou atmosf\u00e9ru, moc r\u00e1d tady hraju, publikum je odpo\u010dat\u00e9 a v\u00fdborn\u011b nalad\u011bn\u00e9. To v\u00edte, opona je opona,\u201c ujistil herec.<\/p>\n<p style=\"text-align: center;\">Josef Dvo\u0159\u00e1k:<\/p>\n<p>    <a href=\"https:\/\/www.ahaonline.cz\/clanek\/zhave-drby\/232838\/nezhojena-bolest-dvoraka-laska-mu-zemrela-pod-koly-auta-pak-se-chtel-zabit.html\" rel=\"nofollow noopener\" target=\"_blank\"><\/p>\n<p>        <img decoding=\"async\" src=\"https:\/\/www.europesays.com\/cz\/wp-content\/uploads\/2026\/05\/8737113.jpg\" alt=\"Nezhojen\u00e1 bolest Dvo\u0159\u00e1ka: L\u00e1ska mu zem\u0159ela pod koly auta, pak se cht\u011bl zab\u00edt\" title=\"Nezhojen\u00e1 bolest Dvo\u0159\u00e1ka: L\u00e1ska mu zem\u0159ela pod koly auta, pak se cht\u011bl zab\u00edt\" height=\"140\" width=\"220\" class=\"lazyload \" loading=\"lazy\" \/><\/p>\n<p>    <\/a><\/p>\n<p>V\u00fdpady za exotikou ve voln\u00e9m \u010dase nechyst\u00e1. \u201ePep\u00ed\u010dek nerad cestuje,\u201c prozradila na n\u011bj man\u017eelka. \u201eJsme nejrad\u011bji na na\u0161\u00ed chalup\u011b v \u010cesk\u00e9m r\u00e1ji. Postupn\u011b se u n\u00e1s b\u011bhem l\u00e9ta vyst\u0159\u00edd\u00e1 cel\u00e1 rodina, m\u00e1me dohromady \u010dty\u0159i dcery a u\u017e dv\u011b pravnou\u010data, rozhodn\u011b se tam nenud\u00edme,\u201c dodala vesele.<\/p>\n<p style=\"text-align: center;\">Josef Dvo\u0159\u00e1k:<\/p>\n<p>    <a href=\"https:\/\/www.ahaonline.cz\/clanek\/zhave-drby\/230528\/josef-dvorak-mluvi-o-potupe-co-ho-zlomilo.html\" rel=\"nofollow noopener\" target=\"_blank\"><\/p>\n<p>        <img decoding=\"async\" src=\"https:\/\/www.europesays.com\/cz\/wp-content\/uploads\/2026\/05\/18-new_bigtitle-9259588.jpg\" alt=\"Josef Dvo\u0159\u00e1k mluv\u00ed o potup\u011b: Co ho zlomilo?\" title=\"Josef Dvo\u0159\u00e1k mluv\u00ed o potup\u011b: Co ho zlomilo?\" height=\"140\" width=\"220\" class=\"lazyload \" loading=\"lazy\" \/><\/p>\n<p>    <\/a><\/p>\n","protected":false},"excerpt":{"rendered":"Rozhodl se tak s\u00e1m princip\u00e1l, a\u010d je na\u0161t\u011bst\u00ed v\u0161estrann\u011b ve form\u011b. St\u00e1le je\u0161t\u011b hraje dvakr\u00e1t t\u00fddn\u011b tenis a&hellip;\n","protected":false},"author":2,"featured_media":101036,"comment_status":"","ping_status":"","sticky":false,"template":"","format":"standard","meta":{"footnotes":"","_share_on_mastodon":"0"},"categories":[14],"tags":[12696,428,79,15728,950,80,163,29988],"class_list":["post-101035","post","type-post","status-publish","format-standard","has-post-thumbnail","category-zabava","tag-cesky-raj","tag-divadlo","tag-entertainment","tag-josef-dvorak","tag-spanelsko","tag-zabava","tag-zhave-drby","tag-zizkovsky-vysilac"],"share_on_mastodon":{"url":"https:\/\/pubeurope.com\/@cz\/116657899810798767","error":""},"_links":{"self":[{"href":"https:\/\/www.europesays.com\/cz\/wp-json\/wp\/v2\/posts\/101035","targetHints":{"allow":["GET"]}}],"collection":[{"href":"https:\/\/www.europesays.com\/cz\/wp-json\/wp\/v2\/posts"}],"about":[{"href":"https:\/\/www.europesays.com\/cz\/wp-json\/wp\/v2\/types\/post"}],"author":[{"embeddable":true,"href":"https:\/\/www.europesays.com\/cz\/wp-json\/wp\/v2\/users\/2"}],"replies":[{"embeddable":true,"href":"https:\/\/www.europesays.com\/cz\/wp-json\/wp\/v2\/comments?post=101035"}],"version-history":[{"count":0,"href":"https:\/\/www.europesays.com\/cz\/wp-json\/wp\/v2\/posts\/101035\/revisions"}],"wp:featuredmedia":[{"embeddable":true,"href":"https:\/\/www.europesays.com\/cz\/wp-json\/wp\/v2\/media\/101036"}],"wp:attachment":[{"href":"https:\/\/www.europesays.com\/cz\/wp-json\/wp\/v2\/media?parent=101035"}],"wp:term":[{"taxonomy":"category","embeddable":true,"href":"https:\/\/www.europesays.com\/cz\/wp-json\/wp\/v2\/categories?post=101035"},{"taxonomy":"post_tag","embeddable":true,"href":"https:\/\/www.europesays.com\/cz\/wp-json\/wp\/v2\/tags?post=101035"}],"curies":[{"name":"wp","href":"https:\/\/api.w.org\/{rel}","templated":true}]}}