{"id":101174,"date":"2026-05-29T14:55:11","date_gmt":"2026-05-29T14:55:11","guid":{"rendered":"https:\/\/www.europesays.com\/cz\/101174\/"},"modified":"2026-05-29T14:55:11","modified_gmt":"2026-05-29T14:55:11","slug":"drama-na-lanovce-v-indii-cestujici-ve-vetru-a-desti-hodiny-viseli-v-gondolach-ve-vysce-150-metru","status":"publish","type":"post","link":"https:\/\/www.europesays.com\/cz\/101174\/","title":{"rendered":"Drama na\u00a0lanovce v\u00a0Indii. Cestuj\u00edc\u00ed ve v\u011btru a\u00a0de\u0161ti hodiny viseli v\u00a0gondol\u00e1ch ve v\u00fd\u0161ce 150\u00a0metr\u016f"},"content":{"rendered":"<p class=\"c_bz\">Podle m\u00edstn\u00edch \u00fa\u0159ad\u016f se pond\u011bln\u00ed porucha dotkla 62\u00a0ze 65\u00a0kabin. Mezi cestuj\u00edc\u00edmi propukla podle serveru <a data-dot=\"atm-link\" target=\"_blank\" rel=\"noopener nofollow\" href=\"https:\/\/www.thehindu.com\/news\/national\/jammu-and-kashmir\/over-200-tourists-stranded-in-gulmargs-high-altitude-cable-cars-rescued\/article71022123.ece\" class=\"c_N\">The Hindu<\/a> panika, kterou umoc\u0148ovalo i\u00a0de\u0161tiv\u00e9 a\u00a0v\u011btrn\u00e9 po\u010das\u00ed.<\/p>\n<p class=\"c_bz\">V gondol\u00e1ch uv\u00e1zly cel\u00e9 rodiny i\u00a0s d\u011btmi. Do rozs\u00e1hl\u00e9 vypro\u0161\u0165ovac\u00ed operace, kter\u00e1 trvala sedm hodin, se zapojili p\u0159\u00edslu\u0161n\u00edci arm\u00e1dy, policie a\u00a0horsk\u00fdch z\u00e1chran\u00e1\u0159\u016f.<\/p>\n<p class=\"c_bz\">I p\u0159es nep\u0159\u00edze\u0148 po\u010das\u00ed se v\u0161echny poda\u0159ilo dostat s\u00a0pomoc\u00ed lan a\u00a0\u017eeb\u0159\u00edk\u016f do bezpe\u010d\u00ed, nikdo nebyl zran\u011bn.<\/p>\n<p class=\"c_bz\">\u201eTechnick\u00fd probl\u00e9m vedl k\u00a0do\u010dasn\u00e9mu pozastaven\u00ed p\u0159epravy na lanovce. Okam\u017eit\u011b jsme mobilizovali z\u00e1chrann\u00e9 t\u00fdmy, kter\u00e9 evakuovaly uv\u011bzn\u011bn\u00e9 turisty,\u201c potvrdil incident jeden z\u00a0p\u0159edstavitel\u016f m\u00edstn\u00ed spr\u00e1vy.<\/p>\n<p class=\"c_bz\">Provozovatel sou\u010dasn\u011b nasadil techniky, aby co nejd\u0159\u00edve identifikovali z\u00e1vadu a\u00a0obnovili chod lanovky, doplnil server <a data-dot=\"atm-link\" target=\"_blank\" rel=\"noopener nofollow\" href=\"https:\/\/www.ndtv.com\/india-news\/300-tourists-stranded-mid-air-after-technical-issue-halts-gulmarg-gondola-11544870\" class=\"c_N\">NDTV<\/a>.<\/p>\n<p>Bujn\u00fd les a\u00a0horsk\u00e9 louky<\/p>\n<p class=\"c_bz\">Lanovka Gulmarg v\u00a0indick\u00e9m svazov\u00e9m st\u00e1t\u011b D\u017eamm\u00fa a\u00a0Ka\u0161m\u00edr je jednou z\u00a0nejv\u00fd\u0161e polo\u017een\u00fdch na asijsk\u00e9m kontinentu. Spojuje st\u0159edisko zimn\u00edch sport\u016f Gulmarg s\u00a0oblast\u00ed Kongdoori a\u00a0vrcholem Apharwat ve v\u00fd\u0161ce p\u0159es 4200\u00a0metr\u016f.<\/p>\n<p class=\"c_bz\">Lanovka vede nad bujn\u00fdm lesn\u00edm p\u00e1sem a\u017e k\u00a0rozlehl\u00fdm horsk\u00fdm louk\u00e1m v\u00a0oblasti Khelanmarg. Denn\u011b ji vyu\u017eij\u00ed v\u00a0pr\u016fm\u011bru \u010dty\u0159i tis\u00edce lid\u00ed.<\/p>\n<p><a data-dot=\"atm-link\" target=\"_self\" href=\"https:\/\/www.novinky.cz\/clanek\/zahranicni-evropa-utrhla-se-gondola-na-lanovce-ve-svycarsku-40568435\" class=\"c_N\" rel=\"nofollow noopener\"><img fetchpriority=\"high\" height=\"1080\" width=\"1920\" src=\"https:\/\/www.europesays.com\/cz\/wp-content\/uploads\/2026\/05\/1780066511_546_lanovka.jpeg\" loading=\"eager\" decoding=\"sync\" class=\"c_t c_r\"\/><\/a><\/p>\n","protected":false},"excerpt":{"rendered":"Podle m\u00edstn\u00edch \u00fa\u0159ad\u016f se pond\u011bln\u00ed porucha dotkla 62\u00a0ze 65\u00a0kabin. Mezi cestuj\u00edc\u00edmi propukla podle serveru The Hindu panika, kterou&hellip;\n","protected":false},"author":2,"featured_media":101175,"comment_status":"","ping_status":"","sticky":false,"template":"","format":"standard","meta":{"footnotes":"","_share_on_mastodon":"0"},"categories":[11],"tags":[1745,2374,7237,6954,54,53,52,2264],"class_list":["post-101174","post","type-post","status-publish","format-standard","has-post-thumbnail","category-svet","tag-drama","tag-indie","tag-lanovka","tag-porucha","tag-svet","tag-world","tag-world-news","tag-zachrana"],"share_on_mastodon":{"url":"https:\/\/pubeurope.com\/@cz\/116658446457585275","error":""},"_links":{"self":[{"href":"https:\/\/www.europesays.com\/cz\/wp-json\/wp\/v2\/posts\/101174","targetHints":{"allow":["GET"]}}],"collection":[{"href":"https:\/\/www.europesays.com\/cz\/wp-json\/wp\/v2\/posts"}],"about":[{"href":"https:\/\/www.europesays.com\/cz\/wp-json\/wp\/v2\/types\/post"}],"author":[{"embeddable":true,"href":"https:\/\/www.europesays.com\/cz\/wp-json\/wp\/v2\/users\/2"}],"replies":[{"embeddable":true,"href":"https:\/\/www.europesays.com\/cz\/wp-json\/wp\/v2\/comments?post=101174"}],"version-history":[{"count":0,"href":"https:\/\/www.europesays.com\/cz\/wp-json\/wp\/v2\/posts\/101174\/revisions"}],"wp:featuredmedia":[{"embeddable":true,"href":"https:\/\/www.europesays.com\/cz\/wp-json\/wp\/v2\/media\/101175"}],"wp:attachment":[{"href":"https:\/\/www.europesays.com\/cz\/wp-json\/wp\/v2\/media?parent=101174"}],"wp:term":[{"taxonomy":"category","embeddable":true,"href":"https:\/\/www.europesays.com\/cz\/wp-json\/wp\/v2\/categories?post=101174"},{"taxonomy":"post_tag","embeddable":true,"href":"https:\/\/www.europesays.com\/cz\/wp-json\/wp\/v2\/tags?post=101174"}],"curies":[{"name":"wp","href":"https:\/\/api.w.org\/{rel}","templated":true}]}}