{"id":102777,"date":"2026-05-31T10:51:08","date_gmt":"2026-05-31T10:51:08","guid":{"rendered":"https:\/\/www.europesays.com\/cz\/102777\/"},"modified":"2026-05-31T10:51:08","modified_gmt":"2026-05-31T10:51:08","slug":"ukrajinske-drony-zasahly-ropnou-rafinerii-v-ruskem-saratove-na-krymu-dochazi-palivo","status":"publish","type":"post","link":"https:\/\/www.europesays.com\/cz\/102777\/","title":{"rendered":"Ukrajinsk\u00e9 drony zas\u00e1hly ropnou rafin\u00e9rii v\u00a0rusk\u00e9m Saratov\u011b, na Krymu doch\u00e1z\u00ed palivo"},"content":{"rendered":"<p class=\"c_bz\">\u00dader dron\u016f na rafin\u00e9rii rusk\u00e9 st\u00e1tn\u00ed spole\u010dnosti Rosn\u011bf\u0165 v\u00a0Saratovu potvrdil ukrajinsk\u00fd gener\u00e1ln\u00ed \u0161t\u00e1b na Telegramu. \u201eRafin\u00e9rie pat\u0159\u00ed k\u00a0t\u011bm nejv\u00fdznamn\u011bj\u0161\u00edm v\u00a0Povol\u017e\u00ed. Z\u00e1vod ka\u017ed\u00fd rok zpracuje a\u017e 7\u00a0milion\u016f tun ropy a\u00a0vyr\u00e1b\u00ed pohonn\u00e9 hmoty, kter\u00e9 slou\u017e\u00ed zejm\u00e9na k\u00a0zaji\u0161t\u011bn\u00ed logistiky agresorsk\u00e9ho st\u00e1tu.\u201c<\/p>\n<p class=\"c_bz\">P\u0159esn\u00fd rozsah \u0161kod se zat\u00edm nepoda\u0159ilo podle Ukrajinc\u016f zjistit. Podle m\u00edstn\u00edch obyvatel se v\u0161ak z\u00a0are\u00e1lu \u0161\u00ed\u0159\u00ed hust\u00fd tmav\u00fd kou\u0159, kter\u00fd by podle tvrzen\u00ed agentury <a data-dot=\"atm-link\" target=\"_blank\" rel=\"noopener nofollow\" href=\"https:\/\/www.unian.ua\/war\/droni-navidalis-na-chergoviy-rosiyskiy-npz-tam-vinikla-pozhezha-13398093.html#goog_rewarded\" class=\"c_N\">Unian<\/a> mohl nazna\u010dovat po\u017e\u00e1r.<\/p>\n<p lang=\"uk\" dir=\"ltr\">\u26a1\ufe0f\u0423\u0440\u0430\u0436\u0435\u043d\u043e \u041d\u041f\u0417 \u201c\u0421\u0430\u0440\u0430\u0442\u043e\u0432\u0441\u043a\u0438\u0439\u201d \u0442\u0430 \u043f\u0443\u043d\u043a\u0442\u0438 \u0443\u043f\u0440\u0430\u0432\u043b\u0456\u043d\u043d\u044f. \u041f\u0456\u0434\u0442\u0432\u0435\u0440\u0434\u0436\u0435\u043d\u043e \u0440\u0435\u0437\u0443\u043b\u044c\u0442\u0430\u0442\u0438 \u0443\u0440\u0430\u0436\u0435\u043d\u044c \u0456\u043d\u0448\u0438\u0445 \u043e\u0431&#8217;\u0454\u043a\u0442\u0456\u0432<a href=\"https:\/\/t.co\/MVC7qTzsaT\" rel=\"nofollow\">https:\/\/t.co\/MVC7qTzsaT<\/a> <a href=\"https:\/\/t.co\/UlmcsSjAl9\" rel=\"nofollow\">pic.twitter.com\/UlmcsSjAl9<\/a><\/p>\n<p>\u2014 \u0413\u0435\u043d\u0435\u0440\u0430\u043b\u044c\u043d\u0438\u0439 \u0448\u0442\u0430\u0431 \u0417\u0421\u0423 (@GeneralStaffUA) <a href=\"https:\/\/x.com\/GeneralStaffUA\/status\/2061002525419970770?ref_src=twsrc%5Etfw\" rel=\"nofollow\">May 31, 2026<\/a><\/p>\n<p class=\"c_bz\">Ukrajinsk\u00e1 arm\u00e1da na ropnou rafin\u00e9rii ude\u0159ila b\u011bhem rusk\u00e9 agrese u\u017e n\u011bkolikr\u00e1t, naposledy z\u00e1vod zas\u00e1hly drony v\u00a0b\u0159eznu, kdy musel b\u00fdt do\u010dasn\u011b p\u0159eru\u0161en provoz, p\u0159ipomn\u011bl server <a data-dot=\"atm-link\" target=\"_blank\" rel=\"noopener nofollow\" href=\"https:\/\/kyivindependent.com\/russias-saratov-oil-refinery-reportedly-struck-by-ukrainian-drones\/\" class=\"c_N\">Kyiv Independent<\/a>.<\/p>\n<p class=\"c_bz\">N\u00e1lety na ropnou infrastrukturu zaznamenala tak\u00e9 dal\u0161\u00ed rusk\u00e1 m\u011bsta, drony zas\u00e1hly ropnou p\u0159e\u010derp\u00e1vac\u00ed pumpu Lazarevo v\u00a0Kirovsk\u00e9 oblasti a\u00a0tak\u00e9 sklad pohonn\u00fdch hmot a\u00a0maziv v\u00a0Rostovsk\u00e9 oblasti.<\/p>\n<p>Na Krymu doch\u00e1z\u00ed palivo<\/p>\n<p class=\"c_bz\">V d\u016fsledku ukrajinsk\u00fdch dronov\u00fdch \u00fader\u016f na rusk\u00e9 ropn\u00e9 z\u00e1vody se projevil nedostatek pohonn\u00fdch hmot na Krymu. Na poloostrov\u011b, kter\u00fd rusk\u00e1 arm\u00e1da okupuje od roku 2014, od ned\u011ble panuj\u00ed p\u0159\u00edsn\u00e1 omezen\u00ed na prodej paliva, jak podle webu <a data-dot=\"atm-link\" target=\"_blank\" rel=\"noopener nofollow\" href=\"https:\/\/www.rbc.ua\/rus\/news\/krimu-bude-benzin-talonah-i-obmezhennyam-1780174209.html\" class=\"c_N\">RBC Ukraine<\/a> ozn\u00e1mil gubern\u00e1tor Sergej Aksenov.<\/p>\n<p class=\"c_bz\">\u201eProdej benz\u00ednu AI-95\u00a0bude na kup\u00f3ny a\u00a0bez omezen\u00ed mno\u017estv\u00ed, ale pouze pro m\u011bstskou a\u00a0soci\u00e1ln\u00ed dopravu. Z\u00e1rove\u0148 je z\u00a0d\u016fvodu omezen\u00e9 nab\u00eddky motorov\u00e9ho benz\u00ednu AI-92: maxim\u00e1ln\u011b 20\u00a0litr\u016f na jedno vozidlo. Pln\u011bn\u00ed do kanystr\u016f je zak\u00e1z\u00e1no,\u201c uvedl Aksenov na <a data-dot=\"atm-link\" target=\"_blank\" rel=\"noopener nofollow\" href=\"https:\/\/t.me\/Aksenov82\/9636\" class=\"c_N\">Telegramu<\/a>.<\/p>\n<p><a data-dot=\"atm-link\" target=\"_self\" href=\"https:\/\/www.novinky.cz\/clanek\/zahranicni-serie-incidentu-v-nemeckem-namornictvu-berlin-ukazuje-prstem-na-agenty-na-jedno-pouziti-40580739\" class=\"c_N\" rel=\"nofollow noopener\"><img fetchpriority=\"high\" height=\"787\" width=\"1400\" src=\"https:\/\/www.europesays.com\/cz\/wp-content\/uploads\/2026\/05\/1780224668_378_rheinland-pfalz-fregata.jpeg\" loading=\"eager\" decoding=\"sync\" class=\"c_t c_r\"\/><\/a><script async src=\"https:\/\/platform.twitter.com\/widgets.js\" charset=\"utf-8\"><\/script><\/p>\n","protected":false},"excerpt":{"rendered":"\u00dader dron\u016f na rafin\u00e9rii rusk\u00e9 st\u00e1tn\u00ed spole\u010dnosti Rosn\u011bf\u0165 v\u00a0Saratovu potvrdil ukrajinsk\u00fd gener\u00e1ln\u00ed \u0161t\u00e1b na Telegramu. \u201eRafin\u00e9rie pat\u0159\u00ed k\u00a0t\u011bm&hellip;\n","protected":false},"author":2,"featured_media":102778,"comment_status":"","ping_status":"","sticky":false,"template":"","format":"standard","meta":{"footnotes":"","_share_on_mastodon":"0"},"categories":[10],"tags":[2621,464,17,21,2269,10181,16,61,13615,18,19,22,110,56,20],"class_list":["post-102777","post","type-post","status-publish","format-standard","has-post-thumbnail","category-zpravy","tag-benzin","tag-drony","tag-headlines","tag-hlavni-udalosti","tag-krym","tag-nalety","tag-news","tag-rusko","tag-saratov","tag-top-news","tag-top-stories","tag-udalosti-dne","tag-ukrajina","tag-valka-rusko-ukrajina","tag-zpravy"],"share_on_mastodon":{"url":"https:\/\/pubeurope.com\/@cz\/116668811725515866","error":""},"_links":{"self":[{"href":"https:\/\/www.europesays.com\/cz\/wp-json\/wp\/v2\/posts\/102777","targetHints":{"allow":["GET"]}}],"collection":[{"href":"https:\/\/www.europesays.com\/cz\/wp-json\/wp\/v2\/posts"}],"about":[{"href":"https:\/\/www.europesays.com\/cz\/wp-json\/wp\/v2\/types\/post"}],"author":[{"embeddable":true,"href":"https:\/\/www.europesays.com\/cz\/wp-json\/wp\/v2\/users\/2"}],"replies":[{"embeddable":true,"href":"https:\/\/www.europesays.com\/cz\/wp-json\/wp\/v2\/comments?post=102777"}],"version-history":[{"count":0,"href":"https:\/\/www.europesays.com\/cz\/wp-json\/wp\/v2\/posts\/102777\/revisions"}],"wp:featuredmedia":[{"embeddable":true,"href":"https:\/\/www.europesays.com\/cz\/wp-json\/wp\/v2\/media\/102778"}],"wp:attachment":[{"href":"https:\/\/www.europesays.com\/cz\/wp-json\/wp\/v2\/media?parent=102777"}],"wp:term":[{"taxonomy":"category","embeddable":true,"href":"https:\/\/www.europesays.com\/cz\/wp-json\/wp\/v2\/categories?post=102777"},{"taxonomy":"post_tag","embeddable":true,"href":"https:\/\/www.europesays.com\/cz\/wp-json\/wp\/v2\/tags?post=102777"}],"curies":[{"name":"wp","href":"https:\/\/api.w.org\/{rel}","templated":true}]}}