{"id":102912,"date":"2026-05-31T13:55:10","date_gmt":"2026-05-31T13:55:10","guid":{"rendered":"https:\/\/www.europesays.com\/cz\/102912\/"},"modified":"2026-05-31T13:55:10","modified_gmt":"2026-05-31T13:55:10","slug":"nataceni-filmu-tankovy-prapor-vykoupili-v-praze-vsechny-robertky","status":"publish","type":"post","link":"https:\/\/www.europesays.com\/cz\/102912\/","title":{"rendered":"Nat\u00e1\u010den\u00ed filmu Tankov\u00fd prapor: Vykoupili v Praze v\u0161echny robertky"},"content":{"rendered":"<p>I kdy\u017e \u0161lo v\u011bt\u0161inou o \u00bbchlapsk\u00e9\u00ab nat\u00e1\u010den\u00ed, \u017eeny se tu prosadily hned dv\u011b \u2013 Martina Adamcov\u00e1 a <a class=\"celebrity celebwiki\" href=\"https:\/\/celebwiki.blesk.cz\/osobnost\/1432\/simona-chytrova\/\" target=\"_blank\" rel=\"nofollow noopener\">Simona Chytrov\u00e1<\/a>. \u010ceta\u0159ka Babin\u010d\u00e1kov\u00e1 se d\u00edky odhalen\u00fdm sc\u00e9n\u00e1m stala sexsymbolem cel\u00fdch devades\u00e1tek. \u201eDocela dlouho a marn\u011b jsme hledali here\u010dku vhodnou pro tuhle, na tu dobu docela odv\u00e1\u017enou roli, kde se objev\u00ed v z\u00e1b\u011bru \u00fapln\u011b nah\u00e1,\u201c vzpom\u00ednal re\u017eis\u00e9r <a class=\"celebrity celebwiki\" href=\"https:\/\/celebwiki.blesk.cz\/osobnost\/1435\/vit-olmer\/\" target=\"_blank\" rel=\"nofollow noopener\">V\u00edt Olmer<\/a> (83).<\/p>\n<p style=\"text-align: center;\">Here\u010dka a v\u00fdtvarnice Simona Chytrov\u00e1, man\u017eelka V\u00edta Olmera: M\u016fj boj s ment\u00e1ln\u00ed anorexi\u00ed! V\u00e1\u017eila jsem 29 kilo!<\/p>\n<p>U\u017e byl z toho hled\u00e1n\u00ed pr\u00fd \u00fapln\u011b vy\u0159\u00edzen\u00fd, a pak p\u0159i\u0161la Martina Adamcov\u00e1! \u201eNa rovinu jsem j\u00ed \u0159ekl, jak\u00fd typ hled\u00e1m, tedy \u017eenu s dostate\u010dn\u011b velk\u00fdmi \u0148adry. A v\u016fbec nic nenam\u00edtala proti tomu, abych si velikost jej\u00edch prsou prov\u011b\u0159il hmatem, za co\u017e se dodate\u010dn\u011b omlouv\u00e1m,\u201c vypr\u00e1v\u00ed s\u00a0\u00fasm\u011bvem a s t\u00edm, \u017ee roli okam\u017eit\u011b z\u00edskala.<\/p>\n<p>    <a href=\"https:\/\/www.ahaonline.cz\/clanek\/zhave-drby\/229769\/skamene-prodelal-infarkt-a-skoncil-u-psychiatra.html\" rel=\"nofollow noopener\" target=\"_blank\"><\/p>\n<p>        <img decoding=\"async\" src=\"https:\/\/www.europesays.com\/cz\/wp-content\/uploads\/2026\/05\/9618411.jpg\" alt=\"Skamene prod\u011blal infarkt a skon\u010dil u psychiatra!\" title=\"Skamene prod\u011blal infarkt a skon\u010dil u psychiatra!\" height=\"140\" width=\"220\" class=\"lazyload \" loading=\"lazy\" \/><\/p>\n<p>    <\/a><\/p>\n<p>Sucho\u0161 ho m\u011bl nejv\u011bt\u0161\u00edho<\/p>\n<p>Martina Adamcov\u00e1 (60) si s nat\u00e1\u010den\u00edm poradila hrav\u011b. \u201eTo\u010dili jsme t\u0159eba sc\u00e9nu, jak je zav\u0159en\u00e1 ve v\u011bzen\u00ed a chce na z\u00e1chod. Dohodnou se, \u017ee ji pust\u00ed a ud\u011blaj\u00ed \u0161pal\u00edr, kter\u00fdm mus\u00ed proj\u00edt. Zavel\u00ed se \u00bbk poct\u011b zbra\u0148\u00ab a v\u0161ichni uk\u00e1\u017eou, jak jsou \u00bbnarostl\u00ed\u00ab,\u201c vzpom\u00ednal pozd\u011bji na jednu ze sc\u00e9n p\u0159edstavitel Dan\u00a0ny Smi\u0159ick\u00e9ho <a class=\"celebrity celebwiki\" href=\"https:\/\/celebwiki.blesk.cz\/osobnost\/2500\/lukas-vaculik\/\" target=\"_blank\" rel=\"nofollow noopener\">Luk\u00e1\u0161 Vacul\u00edk<\/a> (63). \u201eP\u0159i\u0161li kluci rekvizit\u00e1\u0159i a \u0159\u00edkali: Hele, my jsme vykoupili snad v\u0161echny sexshopy v Praze. Donesli velk\u00fd krabice, ve kter\u00fdch byly um\u011bl\u00fd p\u00e1nsk\u00fd p\u0159irozen\u00ed. A\u0165 si ka\u017ed\u00fd herec vybere,\u201c pokra\u010duje ve vesel\u00e9 historce.\u00a0<\/p>\n<p style=\"text-align: center;\">U Adely startuje: Narozeniny, \u010dokol\u00e1da z no\u010dn\u00edku a Mirek <a class=\"celebrity celebwiki\" href=\"https:\/\/celebwiki.blesk.cz\/osobnost\/1292\/miroslav-donutil\/\" target=\"_blank\" rel=\"nofollow noopener\">Donutil<\/a>, kter\u00fd pije \u201evelmi&#8220;!<\/p>\n<p>\u201ePak p\u0159i\u0161el Olmer a \u0159\u00edkal: Hele, a a\u017e se zavel\u00ed \u00bbK poct\u011b zbra\u0148\u00ab, tak to v\u0161ichni uk\u00e1\u017eete. P\u0159edve\u010fte mi, jak to v t\u00e9 uli\u010dce bude vypadat. Ka\u017ed\u00fd vyt\u00e1hl, co si vybral a najednou <a class=\"celebrity celebwiki\" href=\"https:\/\/celebwiki.blesk.cz\/osobnost\/2529\/michal-suchanek\/\" target=\"_blank\" rel=\"nofollow noopener\">Such\u00e1nek<\/a>, nejmen\u0161\u00ed ze\u00a0v\u0161ech, vybalil n\u011bco neuv\u011b\u0159iteln\u00fdho,\u201c l\u00ed\u010d\u00ed, jak to na za\u010d\u00e1tku devades\u00e1tek vypadalo na\u00a0place. \u201eOlmer na to koukal a \u0159\u00edkal: Ty vole, Sucho\u0161, ty ses \u00fapln\u011b zbl\u00e1znil? To je v\u011bt\u0161\u00ed ne\u017e ty! B\u011b\u017e si\u00a0to vym\u011bnit. A Such\u00e1nek na to: Ne, V\u00edtku, pros\u00edm t\u011b, nech mi to, a\u0165 v\u0161ichni vid\u00ed, \u017ee to pat\u0159\u00ed ke mn\u011b!\u201c sm\u00e1l se herec. A Babin\u010d\u00e1kov\u00e1, kdy\u017e se pak to\u010dilo, rukou v \u00fazk\u00e9 uli\u010dce v\u017edycky o \u00bbn\u011bco\u00ab zavadila a je\u0161t\u011b se v\u0161em omlouvala.<\/p>\n<p>    <a href=\"\"><\/p>\n<p>        <img decoding=\"async\" src=\"\" alt=\"\" title=\"\" height=\"140\" width=\"220\" class=\"lazyload \" loading=\"lazy\" \/><\/p>\n<p>    <\/a><\/p>\n","protected":false},"excerpt":{"rendered":"I kdy\u017e \u0161lo v\u011bt\u0161inou o \u00bbchlapsk\u00e9\u00ab nat\u00e1\u010den\u00ed, \u017eeny se tu prosadily hned dv\u011b \u2013 Martina Adamcov\u00e1 a Simona&hellip;\n","protected":false},"author":2,"featured_media":102913,"comment_status":"","ping_status":"","sticky":false,"template":"","format":"standard","meta":{"footnotes":"","_share_on_mastodon":"0"},"categories":[14],"tags":[79,4000,349,27025,162,30375,14081,2273,80,163],"class_list":["post-102912","post","type-post","status-publish","format-standard","has-post-thumbnail","category-zabava","tag-entertainment","tag-film","tag-herec","tag-martina-adamcova","tag-nataceni","tag-simona-chytrova","tag-vit-olmer","tag-vzpominky","tag-zabava","tag-zhave-drby"],"share_on_mastodon":{"url":"https:\/\/pubeurope.com\/@cz\/116669534982004072","error":""},"_links":{"self":[{"href":"https:\/\/www.europesays.com\/cz\/wp-json\/wp\/v2\/posts\/102912","targetHints":{"allow":["GET"]}}],"collection":[{"href":"https:\/\/www.europesays.com\/cz\/wp-json\/wp\/v2\/posts"}],"about":[{"href":"https:\/\/www.europesays.com\/cz\/wp-json\/wp\/v2\/types\/post"}],"author":[{"embeddable":true,"href":"https:\/\/www.europesays.com\/cz\/wp-json\/wp\/v2\/users\/2"}],"replies":[{"embeddable":true,"href":"https:\/\/www.europesays.com\/cz\/wp-json\/wp\/v2\/comments?post=102912"}],"version-history":[{"count":0,"href":"https:\/\/www.europesays.com\/cz\/wp-json\/wp\/v2\/posts\/102912\/revisions"}],"wp:featuredmedia":[{"embeddable":true,"href":"https:\/\/www.europesays.com\/cz\/wp-json\/wp\/v2\/media\/102913"}],"wp:attachment":[{"href":"https:\/\/www.europesays.com\/cz\/wp-json\/wp\/v2\/media?parent=102912"}],"wp:term":[{"taxonomy":"category","embeddable":true,"href":"https:\/\/www.europesays.com\/cz\/wp-json\/wp\/v2\/categories?post=102912"},{"taxonomy":"post_tag","embeddable":true,"href":"https:\/\/www.europesays.com\/cz\/wp-json\/wp\/v2\/tags?post=102912"}],"curies":[{"name":"wp","href":"https:\/\/api.w.org\/{rel}","templated":true}]}}