{"id":103156,"date":"2026-05-31T18:24:11","date_gmt":"2026-05-31T18:24:11","guid":{"rendered":"https:\/\/www.europesays.com\/cz\/103156\/"},"modified":"2026-05-31T18:24:11","modified_gmt":"2026-05-31T18:24:11","slug":"narusil-svrchovanost-ciny-peking-odsoudil-vystrcilovu-cestu-na-tchaj-wan","status":"publish","type":"post","link":"https:\/\/www.europesays.com\/cz\/103156\/","title":{"rendered":"\u201eNaru\u0161il svrchovanost \u010c\u00edny.\u201c Peking odsoudil Vystr\u010dilovu cestu na Tchaj-wan"},"content":{"rendered":"<p class=\"e_bX\">\u010c\u00ednsk\u00e1 ambas\u00e1da v\u00a0\u010cesku odsoudila cestu p\u0159edsedy Sen\u00e1tu Milo\u0161e Vystr\u010dila na Tchaj-wan. \u201eZ\u00e1va\u017en\u011b zas\u00e1hl do vnit\u0159n\u00edch z\u00e1le\u017eitost\u00ed \u010c\u00edny, z\u00e1va\u017en\u011b naru\u0161il st\u00e1tn\u00ed svrchovanost a\u00a0\u00fazemn\u00ed celistvost \u010c\u00edny, z\u00e1va\u017en\u011b poru\u0161il z\u00e1kladn\u00ed normy mezin\u00e1rodn\u00edch vztah\u016f a\u00a0politick\u00fd z\u00e1vazek \u010cesk\u00e9 republiky v\u016f\u010di principu jedn\u00e9 \u010c\u00edny,\u201c uvedlo \u010d\u00ednsk\u00e9 velvyslanectv\u00ed. <\/p>\n<p class=\"e_bX\">\u201e\u010c\u00ednsk\u00e1 strana to d\u016frazn\u011b odsuzuje a\u00a0z\u00e1rove\u0148 se rozhodn\u011b proti tomu stav\u00ed,\u201c dodalo. \u010cesk\u00e1 republika by podle \u010d\u00ednsk\u00e9 ambas\u00e1dy m\u011bla chr\u00e1nit celkov\u00fd r\u00e1mec rozvoje \u010d\u00ednsko-\u010desk\u00fdch vztah\u016f a\u00a0okam\u017eit\u011b p\u0159ijmout \u00fa\u010dinn\u00e1 opat\u0159en\u00ed k\u00a0odstran\u011bn\u00ed neblah\u00fdch dopad\u016f tohoto chybn\u00e9ho jedn\u00e1n\u00ed, jak velvyslanectv\u00ed ozna\u010dilo Vystr\u010dilovu cestu na Tchaj-wan.<\/p>\n<p class=\"e_bX\">P\u0159edseda Sen\u00e1tu Milo\u0161 Vystr\u010dil p\u0159ed odletem na Tchaj-wan \u0159ekl, \u017ee je jeho cesta hodnotov\u00e1 i\u00a0pragmatick\u00e1. M\u00edn\u00ed, \u017ee \u010cesku p\u0159inese u\u017eitek i\u00a0autoritu. Ve Vystr\u010dilov\u011b delegaci \u010d\u00edtaj\u00edc\u00ed p\u011bt des\u00edtek \u010dlen\u016f jsou podnikatel\u00e9 a\u00a0z\u00e1stupci univerzit. <\/p>\n<p class=\"e_bX\">Cesta se kon\u00e1 navzdory tomu, \u017ee kabinet pro ni odm\u00edtl poskytnout vl\u00e1dn\u00ed letoun. Premi\u00e9r Andrej Babi\u0161 (ANO) odm\u00edtnut\u00ed zd\u016fvodnil t\u00edm, \u017ee vl\u00e1da chce d\u011blat pragmatickou, nikoliv hodnotovou politiku.<\/p>\n<p class=\"e_bX\">\u201eJedu d\u011blat na Tchaj-wan hodnotovou pragmatickou politiku,\u201c \u0159ekl novin\u00e1\u0159\u016fm na pra\u017esk\u00e9m Leti\u0161ti V\u00e1clava Havla Vystr\u010dil. V\u00a0sou\u010dasn\u00e9 geopolitick\u00e9 situaci je podle n\u011bho d\u016fle\u017eit\u00e9, aby demokratick\u00e9 zem\u011b spolupracovaly, a\u00a0napomoci tomu, aby navazovaly vztahy na univerzitn\u00ed a\u00a0podnikatel\u00e9 \u00farovni. Zahrani\u010dn\u00ed cesty politik\u016f by podle n\u011bj m\u011bly \u010cesku p\u0159in\u00e1\u0161et u\u017eitek a\u00a0autoritu. \u201eA to si mysl\u00edm, \u017ee je cesta na Tchaj-wan,\u201c dodal.<\/p>\n<p>Vl\u00e1da odm\u00edtla pro cestu na Tchaj-wan poskytnout Vystr\u010dilovi letoun:<a data-dot=\"mol-article-card-media\" aria-hidden=\"true\" tabindex=\"-1\" href=\"https:\/\/www.seznamzpravy.cz\/clanek\/domaci-politika-vlada-podle-babise-neposkytne-vystrcilovi-letoun-k-ceste-na-tchaj-wan-304357\" class=\"e_n f_l1\" rel=\"nofollow noopener\" target=\"_blank\"><img fetchpriority=\"high\" height=\"2304\"   width=\"4096\" src=\"https:\/\/www.europesays.com\/cz\/wp-content\/uploads\/2026\/05\/1779166640_145_fa27.jpeg\" loading=\"eager\" decoding=\"sync\" class=\"e_aa e_Z\"\/><\/a><a data-dot=\"mol-article-card-media\" aria-hidden=\"true\" tabindex=\"-1\" href=\"https:\/\/www.seznamzpravy.cz\/clanek\/domaci-politika-kauza-tchaj-wan-babis-predhodil-davu-dalsi-sousto-ptejme-se-co-je-za-tim-304547\" class=\"e_n f_l1\" rel=\"nofollow noopener\" target=\"_blank\"><img height=\"2304\"   width=\"4096\" src=\"https:\/\/www.europesays.com\/cz\/wp-content\/uploads\/2026\/05\/1780239915_852_debd.jpeg\" loading=\"eager\" decoding=\"sync\" class=\"e_aa e_Z\"\/><\/a><\/p>\n<p class=\"e_bX\">V delegaci jsou podle p\u0159edsedy Sen\u00e1tu dv\u011b des\u00edtky podnikatel\u016f, dal\u0161\u00ed jsou ji\u017e na m\u00edst\u011b. Mnoz\u00ed na Tchaj-wanu podle n\u011bho kontakty maj\u00ed. \u201eCht\u011bj\u00ed je bu\u010f upevnit, nebo p\u0159\u00edpadn\u011b ty kontakty prodlou\u017eit,\u201c \u0159ekl Vystr\u010dil. Dodal, \u017ee Tchaj-wan vytvo\u0159il za n\u011bkolik posledn\u00edch let v\u00a0\u010cesku sv\u00fdm investicemi v\u00edc ne\u017e 24\u00a0000\u00a0pracovn\u00edch m\u00edst, v\u00a0obchodn\u00ed v\u00fdm\u011bn\u011b p\u0159evl\u00e1daj\u00ed technologicky vysp\u011bl\u00e9 v\u00fdrobky. \u201eUmo\u017e\u0148uj\u00ed n\u00e1m potom n\u00e1sledn\u011b d\u011blat obchod s\u00a0vysokou p\u0159idanou hodnotou, co\u017e nap\u0159\u00edklad o\u00a0obchodu s\u00a0\u010c\u00ednskou lidovou republikou se \u00fapln\u011b \u0159\u00edci ned\u00e1,\u201c uvedl Vystr\u010dil.<\/p>\n<p class=\"e_bX\">Vystr\u010dil s\u00a0delegac\u00ed odl\u00e9tl na Tchaj-wan p\u0159\u00edmou komer\u010dn\u00ed linkou. P\u0159i prvn\u00ed cest\u011b do ostrovn\u00ed zem\u011b p\u0159ed \u0161esti lety cestoval p\u0159edseda Sen\u00e1tu i\u00a0s podnikateli speci\u00e1lem tchajwansk\u00fdch aerolini\u00ed, proto\u017ee tehdej\u0161\u00ed stroje \u010desk\u00e9 vl\u00e1dn\u00ed letky by pot\u0159ebovaly mezip\u0159ist\u00e1n\u00ed, co\u017e by cestu v\u00a0dob\u011b pandemie koronaviru zt\u00ed\u017eilo.<\/p>\n","protected":false},"excerpt":{"rendered":"\u010c\u00ednsk\u00e1 ambas\u00e1da v\u00a0\u010cesku odsoudila cestu p\u0159edsedy Sen\u00e1tu Milo\u0161e Vystr\u010dila na Tchaj-wan. \u201eZ\u00e1va\u017en\u011b zas\u00e1hl do vnit\u0159n\u00edch z\u00e1le\u017eitost\u00ed \u010c\u00edny, z\u00e1va\u017en\u011b&hellip;\n","protected":false},"author":2,"featured_media":103157,"comment_status":"","ping_status":"","sticky":false,"template":"","format":"standard","meta":{"footnotes":"","_share_on_mastodon":"0"},"categories":[7],"tags":[6985,43,42,202,41,40,5529,5021,5019],"class_list":["post-103156","post","type-post","status-publish","format-standard","has-post-thumbnail","category-cesko","tag-ambasady","tag-ceska-republika","tag-cesko","tag-cina","tag-czech-republic","tag-czechia","tag-milos-vystrcil","tag-statni-navstevy","tag-tchaj-wan"],"share_on_mastodon":{"url":"https:\/\/pubeurope.com\/@cz\/116670592640017283","error":""},"_links":{"self":[{"href":"https:\/\/www.europesays.com\/cz\/wp-json\/wp\/v2\/posts\/103156","targetHints":{"allow":["GET"]}}],"collection":[{"href":"https:\/\/www.europesays.com\/cz\/wp-json\/wp\/v2\/posts"}],"about":[{"href":"https:\/\/www.europesays.com\/cz\/wp-json\/wp\/v2\/types\/post"}],"author":[{"embeddable":true,"href":"https:\/\/www.europesays.com\/cz\/wp-json\/wp\/v2\/users\/2"}],"replies":[{"embeddable":true,"href":"https:\/\/www.europesays.com\/cz\/wp-json\/wp\/v2\/comments?post=103156"}],"version-history":[{"count":0,"href":"https:\/\/www.europesays.com\/cz\/wp-json\/wp\/v2\/posts\/103156\/revisions"}],"wp:featuredmedia":[{"embeddable":true,"href":"https:\/\/www.europesays.com\/cz\/wp-json\/wp\/v2\/media\/103157"}],"wp:attachment":[{"href":"https:\/\/www.europesays.com\/cz\/wp-json\/wp\/v2\/media?parent=103156"}],"wp:term":[{"taxonomy":"category","embeddable":true,"href":"https:\/\/www.europesays.com\/cz\/wp-json\/wp\/v2\/categories?post=103156"},{"taxonomy":"post_tag","embeddable":true,"href":"https:\/\/www.europesays.com\/cz\/wp-json\/wp\/v2\/tags?post=103156"}],"curies":[{"name":"wp","href":"https:\/\/api.w.org\/{rel}","templated":true}]}}