{"id":103208,"date":"2026-05-31T19:45:12","date_gmt":"2026-05-31T19:45:12","guid":{"rendered":"https:\/\/www.europesays.com\/cz\/103208\/"},"modified":"2026-05-31T19:45:12","modified_gmt":"2026-05-31T19:45:12","slug":"zavazne-zasahl-do-vnitrnich-zalezitosti-ciny-peking-nastvala-vystrcilova-navsteva-tchaj-wanu","status":"publish","type":"post","link":"https:\/\/www.europesays.com\/cz\/103208\/","title":{"rendered":"\u201eZ\u00e1va\u017en\u011b zas\u00e1hl do vnit\u0159n\u00edch z\u00e1le\u017eitost\u00ed \u010c\u00edny.\u201c Peking na\u0161tvala Vystr\u010dilova n\u00e1v\u0161t\u011bva Tchaj-wanu"},"content":{"rendered":"<p class=\"c_bz\">\u010c\u00ednsk\u00e9 velvyslanectv\u00ed v\u00a0Praze d\u016frazn\u011b p\u0159ipomn\u011blo, \u017ee Peking v\u017edy rozhodn\u011b vystupuje proti jak\u00fdmkoli ofici\u00e1ln\u00edm kontakt\u016fm mezi zem\u011bmi, kter\u00e9 nav\u00e1zaly s\u00a0\u010c\u00ednou diplomatick\u00e9 vztahy, a\u00a0tchajwansk\u00fdm regionem \u010c\u00edny.<\/p>\n<p class=\"c_bz\">\u201eP\u0159edseda Sen\u00e1tu Parlamentu \u010cesk\u00e9 republiky Vystr\u010dil nerespektoval postoj \u010desk\u00e9 vl\u00e1dy ani p\u0159evl\u00e1daj\u00edc\u00ed ve\u0159ejn\u00e9 m\u00edn\u011bn\u00ed a\u00a0z d\u016fvodu osobn\u00edch z\u00e1jm\u016f trval na tom, \u017ee op\u011btovn\u011b nav\u0161t\u00edv\u00ed tchajwansk\u00fd region \u010c\u00edny, \u010d\u00edm\u017e z\u00e1va\u017en\u011b zas\u00e1hl do vnit\u0159n\u00edch z\u00e1le\u017eitost\u00ed \u010c\u00edny, z\u00e1va\u017en\u011b naru\u0161il st\u00e1tn\u00ed svrchovanost a\u00a0\u00fazemn\u00ed celistvost \u010c\u00edny, z\u00e1va\u017en\u011b poru\u0161il z\u00e1kladn\u00ed normy mezin\u00e1rodn\u00edch vztah\u016f a\u00a0politick\u00fd z\u00e1vazek \u010cesk\u00e9 republiky v\u016f\u010di principu jedn\u00e9 \u010c\u00edny,\u201c napsal mluv\u010d\u00ed na webu \u010d\u00ednsk\u00e9 ambas\u00e1dy v\u00a0Praze. <\/p>\n<p class=\"c_bz\">\u201e\u010c\u00ednsk\u00e1 strana to d\u016frazn\u011b odsuzuje a\u00a0z\u00e1rove\u0148 se rozhodn\u011b proti tomu stav\u00ed,\u201c zd\u016fraznil.<\/p>\n<p>Havlova lavi\u010dka i\u00a0konference<\/p>\n<p class=\"c_bz\">Vystr\u010dil m\u00e1 v\u00a0Tchaj-peji na programu pracovn\u00ed n\u00e1v\u0161t\u011bvy Tchaj-wanu setk\u00e1n\u00ed s\u00a0tam\u011bj\u0161\u00edmi politick\u00fdmi \u0161pi\u010dkami, odhalen\u00ed lavi\u010dky V\u00e1clava Havla, konferenci u\u00a0p\u0159\u00edle\u017eitosti nedo\u017eit\u00fdch 90.\u00a0narozenin n\u011bkdej\u0161\u00edho disidenta a\u00a0prvn\u00edho \u010desk\u00e9ho prezidenta a\u00a0vystoupen\u00ed na presti\u017en\u00ed univerzit\u011b v\u00a0Chengchi. <\/p>\n<p class=\"c_bz\">\u201eJedu d\u011blat na Tchaj-wan hodnotovou pragmatickou politiku,\u201c \u0159ekl novin\u00e1\u0159\u016fm p\u0159ed odletem Vystr\u010dil.<\/p>\n<p class=\"c_bz\">Na cest\u011b, kter\u00e1 se uskute\u010dn\u00ed navzdory tomu, \u017ee mu kabinet Andreje Babi\u0161e (ANO) odm\u00edtl poskytnout vl\u00e1dn\u00ed letoun, Vystr\u010dila doprov\u00e1z\u00ed p\u011bt des\u00edtek podnikatel\u016f a\u00a0p\u0159edstavitel\u016f univerzit a\u00a0kulturn\u00edch instituc\u00ed.<\/p>\n<p class=\"c_bz\">Peking se proti cest\u011b ohradil obvyklou formulac\u00ed, \u017ee na sv\u011bt\u011b \u201eexistuje pouze jedna \u010c\u00edna, Tchaj-wan je neodd\u011blitelnou sou\u010d\u00e1st\u00ed \u010d\u00ednsk\u00e9ho \u00fazem\u00ed a\u00a0vl\u00e1da \u010c\u00ednsk\u00e9 lidov\u00e9 republiky je jedinou z\u00e1konnou vl\u00e1dou zastupuj\u00edc\u00ed celou \u010c\u00ednu\u201c. \u201eOdhodl\u00e1n\u00ed \u010d\u00ednsk\u00e9 vl\u00e1dy a\u00a0\u010d\u00ednsk\u00e9ho lidu h\u00e1jit st\u00e1tn\u00ed svrchovanost a\u00a0\u00fazemn\u00ed celistvost je pevn\u00e9 a\u00a0neochv\u011bjn\u00e9,\u201c upozornil.<\/p>\n<p class=\"c_bz\">Z\u00e1rove\u0148 \u201enal\u00e9hav\u011b vyzval\u201c \u010deskou stranu, aby \u201ed\u016fsledn\u011b dodr\u017eovala princip jedn\u00e9 \u010c\u00edny, okam\u017eit\u011b p\u0159ijala \u00fa\u010dinn\u00e1 opat\u0159en\u00ed k\u00a0odstran\u011bn\u00ed neblah\u00fdch dopad\u016f tohoto chybn\u00e9ho jedn\u00e1n\u00ed a\u00a0sv\u00fdmi konkr\u00e9tn\u00edmi kroky chr\u00e1nila celkov\u00fd r\u00e1mec rozvoje \u010d\u00ednsko-\u010desk\u00fdch vztah\u016f\u201c.<\/p>\n<p><a data-dot=\"atm-link\" target=\"_self\" href=\"https:\/\/www.novinky.cz\/clanek\/zahranicni-svet-v-cine-kvituji-rozhodnuti-babise-ze-vystrcila-nepusti-specialem-na-tchaj-wan-40574617\" class=\"c_N\" rel=\"nofollow noopener\"><img fetchpriority=\"high\" height=\"2304\" width=\"4096\" src=\"https:\/\/www.europesays.com\/cz\/wp-content\/uploads\/2026\/05\/1780256712_818_65a1.jpeg\" loading=\"eager\" decoding=\"sync\" class=\"c_t c_r\"\/><\/a><\/p>\n","protected":false},"excerpt":{"rendered":"\u010c\u00ednsk\u00e9 velvyslanectv\u00ed v\u00a0Praze d\u016frazn\u011b p\u0159ipomn\u011blo, \u017ee Peking v\u017edy rozhodn\u011b vystupuje proti jak\u00fdmkoli ofici\u00e1ln\u00edm kontakt\u016fm mezi zem\u011bmi, kter\u00e9 nav\u00e1zaly&hellip;\n","protected":false},"author":2,"featured_media":103209,"comment_status":"","ping_status":"","sticky":false,"template":"","format":"standard","meta":{"footnotes":"","_share_on_mastodon":"0"},"categories":[7],"tags":[43,42,202,41,40,5529,5019,2947],"class_list":["post-103208","post","type-post","status-publish","format-standard","has-post-thumbnail","category-cesko","tag-ceska-republika","tag-cesko","tag-cina","tag-czech-republic","tag-czechia","tag-milos-vystrcil","tag-tchaj-wan","tag-vaclav-havel"],"share_on_mastodon":{"url":"https:\/\/pubeurope.com\/@cz\/116670911513806772","error":""},"_links":{"self":[{"href":"https:\/\/www.europesays.com\/cz\/wp-json\/wp\/v2\/posts\/103208","targetHints":{"allow":["GET"]}}],"collection":[{"href":"https:\/\/www.europesays.com\/cz\/wp-json\/wp\/v2\/posts"}],"about":[{"href":"https:\/\/www.europesays.com\/cz\/wp-json\/wp\/v2\/types\/post"}],"author":[{"embeddable":true,"href":"https:\/\/www.europesays.com\/cz\/wp-json\/wp\/v2\/users\/2"}],"replies":[{"embeddable":true,"href":"https:\/\/www.europesays.com\/cz\/wp-json\/wp\/v2\/comments?post=103208"}],"version-history":[{"count":0,"href":"https:\/\/www.europesays.com\/cz\/wp-json\/wp\/v2\/posts\/103208\/revisions"}],"wp:featuredmedia":[{"embeddable":true,"href":"https:\/\/www.europesays.com\/cz\/wp-json\/wp\/v2\/media\/103209"}],"wp:attachment":[{"href":"https:\/\/www.europesays.com\/cz\/wp-json\/wp\/v2\/media?parent=103208"}],"wp:term":[{"taxonomy":"category","embeddable":true,"href":"https:\/\/www.europesays.com\/cz\/wp-json\/wp\/v2\/categories?post=103208"},{"taxonomy":"post_tag","embeddable":true,"href":"https:\/\/www.europesays.com\/cz\/wp-json\/wp\/v2\/tags?post=103208"}],"curies":[{"name":"wp","href":"https:\/\/api.w.org\/{rel}","templated":true}]}}