{"id":103429,"date":"2026-06-01T05:30:09","date_gmt":"2026-06-01T05:30:09","guid":{"rendered":"https:\/\/www.europesays.com\/cz\/103429\/"},"modified":"2026-06-01T05:30:09","modified_gmt":"2026-06-01T05:30:09","slug":"vystrcil-dorazil-s-delegaci-na-tchaj-wan-setka-se-s-viceprezidentkou-hsiao","status":"publish","type":"post","link":"https:\/\/www.europesays.com\/cz\/103429\/","title":{"rendered":"Vystr\u010dil dorazil s\u00a0delegac\u00ed na Tchaj-wan, setk\u00e1 se s\u00a0viceprezidentkou Hsiao"},"content":{"rendered":"<p class=\"e_bX\">P\u0159edseda Sen\u00e1tu Milo\u0161 Vystr\u010dil dorazil na Tchaj-wan, kde jej p\u0159iv\u00edtal n\u00e1m\u011bstek ministra zahrani\u010d\u00ed Fran\u00e7ois Wu. Vystr\u010dil novin\u00e1\u0159\u016fm pouze zam\u00e1val a\u00a0neposkytl jim \u017e\u00e1dn\u00e9 prohl\u00e1\u0161en\u00ed, <a data-dot=\"atm-link\" target=\"_blank\" rel=\"noopener nofollow\" href=\"https:\/\/focustaiwan.tw\/politics\/202606010005\" class=\"e_n\">napsala<\/a> tchajwansk\u00e1 agentura CNA. Pro Vystr\u010dila se jedn\u00e1 o\u00a0druhou cestu na Tchaj-wan; ostrov poprv\u00e9 nav\u0161t\u00edvil v\u00a0srpnu 2020.<\/p>\n<p class=\"e_bX\">Vystr\u010dil p\u0159icestoval v\u00a0ned\u011bli po 23:00\u00a0SEL\u010c na mezin\u00e1rodn\u00ed leti\u0161t\u011b Tchao-j\u00fcan, kter\u00e9 se nach\u00e1z\u00ed z\u00e1padn\u011b od metropole Tchaj-peje. Doprov\u00e1z\u00ed jej 50\u010dlenn\u00e1 delegace slo\u017een\u00e1 z\u00a0podnikatel\u016f \u010di z\u00e1stupc\u016f univerzit.<\/p>\n<p class=\"e_bX\">V pl\u00e1nu \u010dty\u0159denn\u00ed n\u00e1v\u0161t\u011bvy je setk\u00e1n\u00ed se z\u00e1stupci vl\u00e1dn\u00ed Demokratick\u00e9 pokrokov\u00e9 strany (DPP) a\u00a0hlavn\u00ed opozi\u010dn\u00ed N\u00e1rodn\u00ed strany (Kuomintang, KMT), prezidentem Laj \u010cching-tem, viceprezidentkou Hsiao Bi-khim, vysok\u00fdmi vl\u00e1dn\u00edmi \u00fa\u0159edn\u00edky nebo z\u00e1stupci podnikatelsk\u00e9, akademick\u00e9 a\u00a0kulturn\u00ed sf\u00e9ry.<\/p>\n<p class=\"e_bX\">Cestu odsoudil Peking, podle n\u011bho\u017e Vystr\u010dil \u201ez\u00e1va\u017en\u011b zas\u00e1hl do vnit\u0159n\u00edch z\u00e1le\u017eitost\u00ed \u010c\u00edny, naru\u0161il st\u00e1tn\u00ed svrchovanost a\u00a0\u00fazemn\u00ed celistvost \u010c\u00edny, poru\u0161il z\u00e1kladn\u00ed normy mezin\u00e1rodn\u00edch vztah\u016f a\u00a0politick\u00fd z\u00e1vazek \u010cR v\u016f\u010di principu jedn\u00e9 \u010c\u00edny\u201c. Peking pova\u017euje Tchaj-wan za vzbou\u0159eneckou provincii a\u00a0v minulosti n\u011bkolikr\u00e1t uvedl, \u017ee se s\u00a0ostrovem spoj\u00ed, i\u00a0kdyby to m\u011blo b\u00fdt silou.<\/p>\n<p><a data-dot=\"mol-article-card-media\" aria-hidden=\"true\" tabindex=\"-1\" href=\"https:\/\/www.seznamzpravy.cz\/clanek\/audio-podcast-vlevo-dole-babisova-vlada-pomsty-nejdes-nam-na-ruku-nikam-nepojedes-a-nic-nedostanes-304518\" class=\"e_n f_l1\" rel=\"nofollow noopener\" target=\"_blank\"><img fetchpriority=\"high\" height=\"1080\"   width=\"1920\" src=\"https:\/\/www.europesays.com\/cz\/wp-content\/uploads\/2026\/06\/vlevo-dole-andrej-babis.jpeg\" loading=\"eager\" decoding=\"sync\" class=\"e_aa e_Z\"\/><\/a><a data-dot=\"mol-article-card-media\" aria-hidden=\"true\" tabindex=\"-1\" href=\"https:\/\/www.seznamzpravy.cz\/clanek\/domaci-politika-fotky-35-let-s-vami-tak-ods-slavila-narozeniny-304841\" class=\"e_n f_l1\" rel=\"nofollow noopener\" target=\"_blank\"><img height=\"2304\"   width=\"4096\" src=\"https:\/\/www.europesays.com\/cz\/wp-content\/uploads\/2026\/06\/ods-park-ladronka-oslava-35-fiala-kupka-vystrcil-necas-topolanek.mpo.jpeg\" loading=\"eager\" decoding=\"sync\" class=\"e_aa e_Z\"\/><\/a><\/p>\n","protected":false},"excerpt":{"rendered":"P\u0159edseda Sen\u00e1tu Milo\u0161 Vystr\u010dil dorazil na Tchaj-wan, kde jej p\u0159iv\u00edtal n\u00e1m\u011bstek ministra zahrani\u010d\u00ed Fran\u00e7ois Wu. Vystr\u010dil novin\u00e1\u0159\u016fm pouze&hellip;\n","protected":false},"author":2,"featured_media":103430,"comment_status":"","ping_status":"","sticky":false,"template":"","format":"standard","meta":{"footnotes":"","_share_on_mastodon":"0"},"categories":[7],"tags":[43,42,41,40,5529,960,5019],"class_list":["post-103429","post","type-post","status-publish","format-standard","has-post-thumbnail","category-cesko","tag-ceska-republika","tag-cesko","tag-czech-republic","tag-czechia","tag-milos-vystrcil","tag-senat","tag-tchaj-wan"],"share_on_mastodon":{"url":"https:\/\/pubeurope.com\/@cz\/116673211803936766","error":""},"_links":{"self":[{"href":"https:\/\/www.europesays.com\/cz\/wp-json\/wp\/v2\/posts\/103429","targetHints":{"allow":["GET"]}}],"collection":[{"href":"https:\/\/www.europesays.com\/cz\/wp-json\/wp\/v2\/posts"}],"about":[{"href":"https:\/\/www.europesays.com\/cz\/wp-json\/wp\/v2\/types\/post"}],"author":[{"embeddable":true,"href":"https:\/\/www.europesays.com\/cz\/wp-json\/wp\/v2\/users\/2"}],"replies":[{"embeddable":true,"href":"https:\/\/www.europesays.com\/cz\/wp-json\/wp\/v2\/comments?post=103429"}],"version-history":[{"count":0,"href":"https:\/\/www.europesays.com\/cz\/wp-json\/wp\/v2\/posts\/103429\/revisions"}],"wp:featuredmedia":[{"embeddable":true,"href":"https:\/\/www.europesays.com\/cz\/wp-json\/wp\/v2\/media\/103430"}],"wp:attachment":[{"href":"https:\/\/www.europesays.com\/cz\/wp-json\/wp\/v2\/media?parent=103429"}],"wp:term":[{"taxonomy":"category","embeddable":true,"href":"https:\/\/www.europesays.com\/cz\/wp-json\/wp\/v2\/categories?post=103429"},{"taxonomy":"post_tag","embeddable":true,"href":"https:\/\/www.europesays.com\/cz\/wp-json\/wp\/v2\/tags?post=103429"}],"curies":[{"name":"wp","href":"https:\/\/api.w.org\/{rel}","templated":true}]}}