{"id":103675,"date":"2026-06-01T10:18:09","date_gmt":"2026-06-01T10:18:09","guid":{"rendered":"https:\/\/www.europesays.com\/cz\/103675\/"},"modified":"2026-06-01T10:18:09","modified_gmt":"2026-06-01T10:18:09","slug":"ai-boom-vynesl-zakladatele-anthropicu-mezi-nejbohatsi-lidi-planety","status":"publish","type":"post","link":"https:\/\/www.europesays.com\/cz\/103675\/","title":{"rendered":"AI boom vynesl zakladatele Anthropicu mezi nejbohat\u0161\u00ed lidi planety"},"content":{"rendered":"<p class=\"c_bz\">Firma se s\u00eddlem v\u00a0San Francisku z\u00edskala od investor\u016f nov\u00fd kapit\u00e1l v\u00a0objemu 65\u00a0miliard dolar\u016f (bezm\u00e1la 1,4\u00a0bilionu korun). D\u00edky tomu se jej\u00ed hodnota vy\u0161plhala na 965\u00a0miliard dolar\u016f, tedy v\u00edce ne\u017e 20\u00a0bilion\u016f korun.<\/p>\n<p class=\"c_bz\">Podle propo\u010dt\u016f <a data-dot=\"atm-link\" target=\"_blank\" rel=\"noopener nofollow\" href=\"https:\/\/www.bloomberg.com\/news\/articles\/2026-05-29\/anthropic-co-founders-worth-8-billion-each-after-funding-round?embedded-checkout=true\" class=\"c_N\">Bloombergu<\/a> dr\u017e\u00ed ka\u017ed\u00fd ze zakladatel\u016f m\u00e9n\u011b ne\u017e jedno procento spole\u010dnosti. I\u00a0tak m\u00e1 hodnota jejich pod\u00edl\u016f dosahovat p\u0159ibli\u017en\u011b osmi miliard dolar\u016f, co\u017e odpov\u00edd\u00e1 zhruba 166\u00a0miliard\u00e1m korun na osobu.<\/p>\n<p class=\"c_bz\">Mezi nov\u011b vznikl\u00e9 miliard\u00e1\u0159e pat\u0159\u00ed sourozenci Dario a\u00a0Daniela Amodeiovi a\u00a0tak\u00e9 Tom Brown, Jack Clark, Jared Kaplan, Sam McCandlish a\u00a0Christopher Olah.<\/p>\n<p><a data-dot=\"atm-link\" target=\"_self\" href=\"https:\/\/www.novinky.cz\/clanek\/internet-a-pc-ai-ai-v-praci-vyuziva-38-procent-zamestnancu-proti-lonsku-to-je-dvojnasobek-40580566\" class=\"c_N\" rel=\"nofollow noopener\"><img fetchpriority=\"high\" height=\"3402\" width=\"6048\" src=\"https:\/\/www.europesays.com\/cz\/wp-content\/uploads\/2026\/06\/pocitac-klavesnice-ruce-psani-psani-na-klavesnici-psani-vsemi-deseti-informatika-kancelar-monitor-it.jpeg\" loading=\"eager\" decoding=\"sync\" class=\"c_t c_r\"\/><\/a>Varoval p\u0159ed koncentrac\u00ed bohatstv\u00ed<\/p>\n<p class=\"c_bz\">Zaj\u00edmavost\u00ed je, \u017ee pr\u00e1v\u011b gener\u00e1ln\u00ed \u0159editel Anthropicu Dario Amodei v\u00a0minulosti upozor\u0148oval na rizika p\u0159\u00edli\u0161n\u00e9 koncentrace bohatstv\u00ed v\u00a0sektoru um\u011bl\u00e9 inteligence. V\u00a0eseji zve\u0159ejn\u011bn\u00e9 letos v\u00a0lednu napsal, \u017ee je t\u0159eba m\u00edt obavy z\u00a0takov\u00e9 \u00farovn\u011b nahromad\u011bn\u00ed majetku, kter\u00e1 by mohla naru\u0161it fungov\u00e1n\u00ed spole\u010dnosti.<\/p>\n<p class=\"c_bz\">Podle n\u011bj by lid\u00e9, kte\u0159\u00ed stoj\u00ed za rozvojem AI, m\u011bli b\u00fdt p\u0159ipraveni vzd\u00e1t se \u010d\u00e1sti sv\u00e9ho majetku i\u00a0vlivu. Bloomberg z\u00e1rove\u0148 uvedl, \u017ee zakladatel\u00e9 firmy se zav\u00e1zali v\u011bnovat 80\u00a0% sv\u00e9ho jm\u011bn\u00ed na charitativn\u00ed \u00fa\u010dely.<\/p>\n<p class=\"c_bz\">Anthropic se nav\u00edc dostal p\u0159ed sv\u00e9ho v\u00fdznamn\u00e9ho konkurenta. Jak upozornila agentura Reuters, hodnota spole\u010dnosti u\u017e p\u0159ekonala ocen\u011bn\u00ed firmy OpenAI, kterou investo\u0159i letos v\u00a0b\u0159eznu ocenili na 852\u00a0miliard dolar\u016f.<\/p>\n<p>B\u00fdval\u00ed zam\u011bstnanci OpenAI<\/p>\n<p class=\"c_bz\">P\u0159\u00edb\u011bh Anthropicu se za\u010dal ps\u00e1t v\u00a0roce 2021, kdy spole\u010dnost zalo\u017eili b\u00fdval\u00ed zam\u011bstnanci OpenAI. Ta o\u00a0rok pozd\u011bji bezplatn\u011b zp\u0159\u00edstupnila ve\u0159ejnosti jazykov\u00fd model ChatGPT, kter\u00fd odstartoval neb\u00fdval\u00fd z\u00e1jem ve\u0159ejnosti, m\u00e9di\u00ed i\u00a0investor\u016f o\u00a0um\u011blou inteligenci.<\/p>\n<p class=\"c_bz\">Vlajkovou lod\u00ed Anthropicu je chatbot Claude, uveden\u00fd na trh v\u00a0roce 2023.\u00a0Pr\u00e1v\u011b rozmach podobn\u00fdch n\u00e1stroj\u016f v\u00a0posledn\u00edch letech v\u00fdrazn\u011b prom\u011bnil technologick\u00fd sektor i\u00a0z\u00e1jem investor\u016f o\u00a0spole\u010dnosti p\u016fsob\u00edc\u00ed v\u00a0oblasti AI.<\/p>\n<p><a data-dot=\"atm-link\" target=\"_self\" href=\"https:\/\/www.novinky.cz\/clanek\/internet-a-pc-ai-pomozte-trenovat-ai-my-vam-zdarma-uklidime-startup-vsadil-na-netradicni-postup-40580642\" class=\"c_N\" rel=\"nofollow noopener\"><img height=\"1080\" width=\"1920\" src=\"https:\/\/www.europesays.com\/cz\/wp-content\/uploads\/2026\/06\/ai-uklid.jpeg\" loading=\"eager\" decoding=\"sync\" class=\"c_t c_r\"\/><\/a><\/p>\n","protected":false},"excerpt":{"rendered":"Firma se s\u00eddlem v\u00a0San Francisku z\u00edskala od investor\u016f nov\u00fd kapit\u00e1l v\u00a0objemu 65\u00a0miliard dolar\u016f (bezm\u00e1la 1,4\u00a0bilionu korun). D\u00edky tomu&hellip;\n","protected":false},"author":2,"featured_media":19880,"comment_status":"","ping_status":"","sticky":false,"template":"","format":"standard","meta":{"footnotes":"","_share_on_mastodon":"0"},"categories":[12],"tags":[5857,30491,67,68,69,7202,14449,126],"class_list":["post-103675","post","type-post","status-publish","format-standard","has-post-thumbnail","category-byznys","tag-anthropic","tag-boom","tag-business","tag-byznys","tag-investice","tag-miliardari","tag-miliardy","tag-umela-inteligence-ai"],"share_on_mastodon":{"url":"https:\/\/pubeurope.com\/@cz\/116674344176382628","error":""},"_links":{"self":[{"href":"https:\/\/www.europesays.com\/cz\/wp-json\/wp\/v2\/posts\/103675","targetHints":{"allow":["GET"]}}],"collection":[{"href":"https:\/\/www.europesays.com\/cz\/wp-json\/wp\/v2\/posts"}],"about":[{"href":"https:\/\/www.europesays.com\/cz\/wp-json\/wp\/v2\/types\/post"}],"author":[{"embeddable":true,"href":"https:\/\/www.europesays.com\/cz\/wp-json\/wp\/v2\/users\/2"}],"replies":[{"embeddable":true,"href":"https:\/\/www.europesays.com\/cz\/wp-json\/wp\/v2\/comments?post=103675"}],"version-history":[{"count":0,"href":"https:\/\/www.europesays.com\/cz\/wp-json\/wp\/v2\/posts\/103675\/revisions"}],"wp:featuredmedia":[{"embeddable":true,"href":"https:\/\/www.europesays.com\/cz\/wp-json\/wp\/v2\/media\/19880"}],"wp:attachment":[{"href":"https:\/\/www.europesays.com\/cz\/wp-json\/wp\/v2\/media?parent=103675"}],"wp:term":[{"taxonomy":"category","embeddable":true,"href":"https:\/\/www.europesays.com\/cz\/wp-json\/wp\/v2\/categories?post=103675"},{"taxonomy":"post_tag","embeddable":true,"href":"https:\/\/www.europesays.com\/cz\/wp-json\/wp\/v2\/tags?post=103675"}],"curies":[{"name":"wp","href":"https:\/\/api.w.org\/{rel}","templated":true}]}}