{"id":103845,"date":"2026-06-01T12:37:09","date_gmt":"2026-06-01T12:37:09","guid":{"rendered":"https:\/\/www.europesays.com\/cz\/103845\/"},"modified":"2026-06-01T12:37:09","modified_gmt":"2026-06-01T12:37:09","slug":"sami-rozhodujeme-o-tom-s-kym-budeme-pratele-rekl-vystrcil-na-tchaj-wanu","status":"publish","type":"post","link":"https:\/\/www.europesays.com\/cz\/103845\/","title":{"rendered":"Sami rozhodujeme o\u00a0tom, s\u00a0k\u00fdm budeme p\u0159\u00e1tel\u00e9, \u0159ekl Vystr\u010dil na Tchaj-wanu"},"content":{"rendered":"<p class=\"c_bz\">Vystr\u010dil p\u0159ilet\u011bl na mezin\u00e1rodn\u00ed leti\u0161t\u011b Tchao-j\u00fcan v\u00a0ned\u011bli po 23:00\u00a0\u010desk\u00e9ho \u010dasu. Na pozd\u011bj\u0161\u00ed tiskov\u00e9 konferenci podle agentury <a data-dot=\"atm-link\" target=\"_blank\" rel=\"noopener nofollow\" href=\"https:\/\/focustaiwan.tw\/politics\/202606010016\" class=\"c_N\">CNA<\/a> uvedl, \u017ee jak Tchaj-wan, tak \u010cesk\u00e1 republika jsou \u201esvobodn\u00e9 a\u00a0demokratick\u00e9 zem\u011b, kter\u00e9 se nenech\u00e1vaj\u00ed \u0159\u00eddit jin\u00fdmi st\u00e1ty\u201c. <\/p>\n<p class=\"c_bz\">\u201eSami rozhodujeme o\u00a0tom, s\u00a0k\u00fdm budeme udr\u017eovat p\u0159\u00e1telsk\u00e9 vztahy a\u00a0s k\u00fdm ne,\u201c \u0159ekl prost\u0159ednictv\u00edm tlumo\u010dn\u00edka. Z\u00e1rove\u0148 uvedl, \u017ee p\u0159edal ofici\u00e1ln\u00ed pozv\u00e1n\u00ed k\u00a0n\u00e1v\u0161t\u011bv\u011b \u010cesk\u00e9 republiky p\u0159edsedovi tchajwansk\u00e9ho parlamentu Han Kuo-j\u00fcovi.<\/p>\n<p class=\"c_bz\">Vystr\u010dil tak reagoval na prohl\u00e1\u0161en\u00ed \u010d\u00ednsk\u00e9ho velvyslanectv\u00ed v\u00a0Praze, kter\u00e9 bylo zve\u0159ejn\u011bno v\u00a0ned\u011bli ve\u010der a\u00a0obvinilo ho z \u201evm\u011b\u0161ov\u00e1n\u00ed do vnit\u0159n\u00edch z\u00e1le\u017eitost\u00ed \u010c\u00edny\u201c. Peking toti\u017e pova\u017euje Tchaj-wan za sou\u010d\u00e1st sv\u00e9ho \u00fazem\u00ed. Podle Vystr\u010dila je spolupr\u00e1ce mezi \u010ceskou republikou a\u00a0Tchaj-wanem vz\u00e1jemn\u011b prosp\u011b\u0161n\u00e1 a\u00a0slou\u017e\u00ed z\u00e1jm\u016fm obou stran.<\/p>\n<p class=\"c_bz\">\u201eP\u0159edseda Sen\u00e1tu Parlamentu \u010cesk\u00e9 republiky Vystr\u010dil nerespektoval postoj \u010desk\u00e9 vl\u00e1dy ani p\u0159evl\u00e1daj\u00edc\u00ed ve\u0159ejn\u00e9 m\u00edn\u011bn\u00ed a\u00a0z d\u016fvodu osobn\u00edch z\u00e1jm\u016f trval na tom, \u017ee op\u011btovn\u011b nav\u0161t\u00edv\u00ed tchajwansk\u00fd region \u010c\u00edny, \u010d\u00edm\u017e z\u00e1va\u017en\u011b zas\u00e1hl do vnit\u0159n\u00edch z\u00e1le\u017eitost\u00ed \u010c\u00edny, z\u00e1va\u017en\u011b naru\u0161il st\u00e1tn\u00ed svrchovanost a\u00a0\u00fazemn\u00ed celistvost \u010c\u00edny, z\u00e1va\u017en\u011b poru\u0161il z\u00e1kladn\u00ed normy mezin\u00e1rodn\u00edch vztah\u016f a\u00a0politick\u00fd z\u00e1vazek \u010cesk\u00e9 republiky v\u016f\u010di principu jedn\u00e9 \u010c\u00edny,\u201c uvedl v\u00a0ned\u011bli mluv\u010d\u00ed \u010d\u00ednsk\u00e9 ambas\u00e1dy v\u00a0Praze.<\/p>\n<p class=\"c_bz\">\u201e\u010c\u00ednsk\u00e1 strana to d\u016frazn\u011b odsuzuje a\u00a0z\u00e1rove\u0148 se rozhodn\u011b proti tomu stav\u00ed,\u201c zd\u016fraznil.<\/p>\n<p><a data-dot=\"atm-link\" target=\"_self\" href=\"https:\/\/www.novinky.cz\/clanek\/zahranicni-zavazne-zasahl-do-vnitrnich-zalezitosti-ciny-peking-nastvala-vystrcilova-navsteva-tchaj-wanu-40580788\" class=\"c_N\" rel=\"nofollow noopener\"><img fetchpriority=\"high\" height=\"1768\" width=\"3143\" src=\"https:\/\/www.europesays.com\/cz\/wp-content\/uploads\/2026\/06\/5375.jpeg\" loading=\"eager\" decoding=\"sync\" class=\"c_t c_r\"\/><\/a><\/p>\n<p class=\"c_bz\">Vystr\u010dil v\u00a0reakci na to v\u00a0Tchaj-peji prohl\u00e1sil, \u017ee \u010cesk\u00e1 republika se \u0159\u00edd\u00ed \u201evlastn\u00ed politikou jedn\u00e9 \u010c\u00edny, nikoli \u010d\u00ednsk\u00fdm principem jedn\u00e9 \u010c\u00edny\u201c.<\/p>\n<p class=\"c_bz\">C\u00edlem n\u00e1v\u0161t\u011bvy je roz\u0161\u00ed\u0159en\u00ed spolupr\u00e1ce prost\u0159ednictv\u00edm obchodn\u00edch jedn\u00e1n\u00ed, podpisu memorand o\u00a0porozum\u011bn\u00ed a\u00a0intenzivn\u011bj\u0161\u00ed spolupr\u00e1ce v\u00a0oblasti vzd\u011bl\u00e1v\u00e1n\u00ed a\u00a0kultury. Vystr\u010dila doprov\u00e1z\u00ed pades\u00e1ti\u010dlenn\u00e1 delegace slo\u017een\u00e1 z\u00a0podnikatel\u016f \u010di z\u00e1stupc\u016f univerzit. Na programu pracovn\u00ed n\u00e1v\u0161t\u011bvy je setk\u00e1n\u00ed s\u00a0tam\u011bj\u0161\u00edmi politick\u00fdmi \u0161pi\u010dkami, odhalen\u00ed lavi\u010dky V\u00e1clava Havla, konference u\u00a0p\u0159\u00edle\u017eitosti nedo\u017eit\u00fdch 90.\u00a0narozenin n\u011bkdej\u0161\u00edho disidenta a\u00a0prvn\u00edho \u010desk\u00e9ho prezidenta a\u00a0vystoupen\u00ed na presti\u017en\u00ed univerzit\u011b \u010ceng-\u010d&#8216;. <\/p>\n<p class=\"c_bz\">\u201eJedu d\u011blat na Tchaj-wan hodnotovou pragmatickou politiku,\u201c \u0159ekl novin\u00e1\u0159\u016fm p\u0159ed odletem. Ostrov poprv\u00e9 nav\u0161t\u00edvil v\u00a0srpnu 2020.<\/p>\n<p class=\"c_bz\">Vl\u00e1da v\u00a0\u010dele s\u00a0Andrejem Babi\u0161em u\u017e v\u00a0dubnu rozhodla o\u00a0tom, \u017ee neposkytne pro tuto cestu arm\u00e1dn\u00ed letadlo. Premi\u00e9r nesouhlas od\u016fvodnil odli\u0161nou vl\u00e1dn\u00ed zahrani\u010dn\u00ed politikou ve vztahu k\u00a0\u010c\u00edn\u011b. \u201eZahrani\u010dn\u00ed politiku d\u011bl\u00e1 vl\u00e1da a\u00a0my zkr\u00e1tka m\u00e1me jinou zahrani\u010dn\u00ed politiku ne\u017e Sen\u00e1t,\u201c \u0159ekl tehdy.<\/p>\n<p class=\"c_bz\">Neochota vl\u00e1dy poskytnout delegaci vl\u00e1dn\u00ed speci\u00e1l podle Vystr\u010dila trest\u00e1 sp\u00ed\u0161e podnikatele a\u00a0pracovn\u00edky v\u011bdy a\u00a0v\u00fdzkumu ne\u017e jeho samotn\u00e9ho. Krok si vysv\u011btluje t\u00edm, \u017ee se Babi\u0161 sna\u017e\u00ed pomst\u00edt, \u017e\u00e1rl\u00ed na ciz\u00ed \u00fasp\u011bch a\u00a0neum\u00ed pracovat pro \u010ceskou republiku.<\/p>\n<p><a data-dot=\"atm-link\" target=\"_self\" href=\"https:\/\/www.novinky.cz\/clanek\/domaci-vystrcil-babis-je-pomstychtivy-a-zarli-na-uspech-spoluprace-s-tchaj-wanem-40575487\" class=\"c_N\" rel=\"nofollow noopener\"><img height=\"2304\" width=\"4096\" src=\"https:\/\/www.europesays.com\/cz\/wp-content\/uploads\/2026\/06\/f06e.jpeg\" loading=\"eager\" decoding=\"sync\" class=\"c_t c_r\"\/><\/a><\/p>\n","protected":false},"excerpt":{"rendered":"Vystr\u010dil p\u0159ilet\u011bl na mezin\u00e1rodn\u00ed leti\u0161t\u011b Tchao-j\u00fcan v\u00a0ned\u011bli po 23:00\u00a0\u010desk\u00e9ho \u010dasu. Na pozd\u011bj\u0161\u00ed tiskov\u00e9 konferenci podle agentury CNA uvedl,&hellip;\n","protected":false},"author":2,"featured_media":103846,"comment_status":"","ping_status":"","sticky":false,"template":"","format":"standard","meta":{"footnotes":"","_share_on_mastodon":"0"},"categories":[7],"tags":[43,42,202,41,40,5529,960,5019],"class_list":["post-103845","post","type-post","status-publish","format-standard","has-post-thumbnail","category-cesko","tag-ceska-republika","tag-cesko","tag-cina","tag-czech-republic","tag-czechia","tag-milos-vystrcil","tag-senat","tag-tchaj-wan"],"share_on_mastodon":{"url":"https:\/\/pubeurope.com\/@cz\/116674890907283903","error":""},"_links":{"self":[{"href":"https:\/\/www.europesays.com\/cz\/wp-json\/wp\/v2\/posts\/103845","targetHints":{"allow":["GET"]}}],"collection":[{"href":"https:\/\/www.europesays.com\/cz\/wp-json\/wp\/v2\/posts"}],"about":[{"href":"https:\/\/www.europesays.com\/cz\/wp-json\/wp\/v2\/types\/post"}],"author":[{"embeddable":true,"href":"https:\/\/www.europesays.com\/cz\/wp-json\/wp\/v2\/users\/2"}],"replies":[{"embeddable":true,"href":"https:\/\/www.europesays.com\/cz\/wp-json\/wp\/v2\/comments?post=103845"}],"version-history":[{"count":0,"href":"https:\/\/www.europesays.com\/cz\/wp-json\/wp\/v2\/posts\/103845\/revisions"}],"wp:featuredmedia":[{"embeddable":true,"href":"https:\/\/www.europesays.com\/cz\/wp-json\/wp\/v2\/media\/103846"}],"wp:attachment":[{"href":"https:\/\/www.europesays.com\/cz\/wp-json\/wp\/v2\/media?parent=103845"}],"wp:term":[{"taxonomy":"category","embeddable":true,"href":"https:\/\/www.europesays.com\/cz\/wp-json\/wp\/v2\/categories?post=103845"},{"taxonomy":"post_tag","embeddable":true,"href":"https:\/\/www.europesays.com\/cz\/wp-json\/wp\/v2\/tags?post=103845"}],"curies":[{"name":"wp","href":"https:\/\/api.w.org\/{rel}","templated":true}]}}