{"id":103871,"date":"2026-06-01T13:08:09","date_gmt":"2026-06-01T13:08:09","guid":{"rendered":"https:\/\/www.europesays.com\/cz\/103871\/"},"modified":"2026-06-01T13:08:09","modified_gmt":"2026-06-01T13:08:09","slug":"kruh-lidi-kolem-havla-zboril-nad-rozpadlou-knihovnou","status":"publish","type":"post","link":"https:\/\/www.europesays.com\/cz\/103871\/","title":{"rendered":"Kruh lid\u00ed kolem Havla. Zbo\u0159il nad rozpadlou knihovnou"},"content":{"rendered":"<p>&#13;<br \/>\n\tPane doktore, Andrej Babi\u0161 a jeho pod\u0159\u00edzen\u00ed cht\u011bj\u00ed p\u0159esunut\u00ed \u201elidskopr\u00e1vn\u00edch agend\u201d z \u00da\u0159adu vl\u00e1dy na jin\u00e1 ministerstva. Agendy \u201erovnosti mu\u017e\u016f a \u017een, men\u0161in\u201d apod. Ministerstva si sama ur\u010d\u00ed, s k\u00fdm budou pracovat. Spat\u0159ujete v tom ohro\u017een\u00ed demokracie?<\/p>\n<p>&#13;<br \/>\n\tProto\u017ee se mi zdaj\u00ed u\u017e samotn\u00e9 n\u00e1zvy t\u011bchto tzv. agend podez\u0159el\u00e9, ob\u00e1v\u00e1m se, \u017ee m\u016f\u017ee j\u00edt o zneu\u017eit\u00ed dobr\u00fdch \u00famysl\u016f nedobr\u00fdmi agenty a operativci, kte\u0159\u00ed se hl\u00e1s\u00ed o sv\u016fj pod\u00edl na trhu s agendami. A proto\u017ee tento trh je ne\u00faprosn\u00fd a \u010dasto se zd\u00e1, \u017ee aktu\u00e1ln\u011b zvoniv\u011b zn\u011bj\u00edc\u00ed n\u00e1zvy slou\u017e\u00ed k materi\u00e1ln\u00edmu obohacov\u00e1n\u00ed. Sna\u017e\u00edm se pochopit, jak by se tomu dalo zabr\u00e1nit jinak, ne\u017e ve\u0159ejnou kontrolou jejich hospoda\u0159en\u00ed. Na to v\u0161ak \u00fa\u010dastn\u00edci tohoto tr\u017en\u00edho soupe\u0159en\u00ed reaguj\u00ed v mnoha p\u0159\u00edpadech a\u017e s agresivn\u00ed ne\u00fastupnost\u00ed, a sna\u017e\u00ed se skr\u00fdvat sv\u00e9 prav\u00e9 \u00famysly.<\/p>\n<p>&#13;<br \/>\n\tJist\u011b to neplat\u00ed v\u0161eobecn\u011b a zn\u00e1me des\u00edtky organizac\u00ed, kter\u00e9 dlouhodob\u011b vykazuj\u00ed a ve\u0159ejnosti p\u0159edkl\u00e1daj\u00ed k informaci v\u00fdsledky sv\u00fdch prac\u00ed. Ale tak\u00e9 se \u010dasto setk\u00e1v\u00e1me s \u201em\u011bkk\u00fdmi agendami\u201c, kter\u00e9 vznikaj\u00ed a p\u016fsob\u00ed jen d\u00edky dobr\u00fdm spojen\u00edm se st\u00e1tn\u00ed administrativou a n\u011bkter\u00e9, jak se dnes ukazuje, j\u00ed dokonce st\u00ednuj\u00ed.<\/p>\n<p>&#13;<br \/>\n\tNen\u00ed to, samoz\u0159ejm\u011b, jen z\u00e1le\u017eitost na\u0161\u00ed zka\u017een\u00e9 doby, ale i Tovary\u0161stvo Je\u017e\u00ed\u0161ovo se v dob\u011b prvn\u00ed rekatolizace pot\u00fdkalo se zneu\u017e\u00edv\u00e1n\u00edm milodar\u016f ku prosp\u011bchu nezd\u00e1rn\u00fdch \u010dlen\u016f t\u00e9to obce.\u00a0<\/p>\n<p>&#13;<br \/>\n\tP\u0159epokl\u00e1dan\u00e1 decentralizace tzv. ministersk\u00fdch agend se n\u00e1m tedy zd\u00e1 b\u00fdt zm\u011bnou ve prosp\u011bch transparentnosti. P\u0159esto\u017ee \u017ee je to, podle na\u0161eho n\u00e1zoru, jen prvn\u00ed krok, kter\u00fd bude vy\u017eadovat velkou oddanost dobr\u00e9mu \u00famyslu a nikoli jen hled\u00e1n\u00ed cest ke zdroj\u016fm osobn\u00edho nebo skupinov\u00e9ho prosp\u011bchu. V zemi s pot\u00e1cej\u00edc\u00ed se soudn\u00ed moc\u00ed a s d\u016fvodn\u00fdmi pochybnostmi o existenci pr\u00e1vn\u00edho st\u00e1tu se n\u00e1m to jev\u00ed jako \u00fakol nadlidsk\u00fd.<\/p>\n<p>&#13;<\/p>\n<p>    Anketa<\/p>\n<p>Jak jste zat\u00edm spokojeni s \u010dinnost\u00ed Babi\u0161ovy vl\u00e1dy?<\/p>\n<p>hlasovalo: 1152 lid\u00ed<\/p>\n<\/p>\n<p>&#13;<br \/>\n\tTyto agendy byly ovl\u00e1d\u00e1ny neziskov\u00fdmi organizacemi, kter\u00e9 stran\u00ed dne\u0161n\u00ed opozici. Doty\u010dn\u00ed se p\u0159edstavuj\u00ed jako ,,odborn\u00edci\u201d, sp\u0159\u00edzn\u011bn\u00e1 m\u00e9dia je vykresluj\u00ed jako nepostradateln\u00e9. Rod\u00ed se n\u00e1m tu ,,dvojkolejnost moci\u201d? \u017de n\u011bkte\u0159\u00ed ideologicky spr\u00e1vn\u011b zam\u011b\u0159en\u00ed mus\u00ed b\u00fdt sou\u010d\u00e1st\u00ed moci, a\u010dkoliv zvolen\u00ed p\u0159edstavitel\u00e9 je necht\u011bj\u00ed? <br \/>&#13;<br \/>\n\tAno, to je prav\u00fd d\u016fvod nejistoty okolo obhospoda\u0159ov\u00e1n\u00ed ve\u0159ejn\u011b prosp\u011b\u0161n\u00fdch \u010dinnost\u00ed a obav, \u017ee bohumil\u00e9 \u201eneziskovky\u201c mohou nab\u00fdt povahy \u201eorganizac\u00ed ziskov\u00fdch\u201c. A to, i kdyby \u0161lo jen o hled\u00e1n\u00ed dal\u0161\u00edch mo\u017enost\u00ed, jak neplatit dan\u011b, vyhnout se jak\u00e9koliv kontrole hospoda\u0159en\u00ed s finan\u010dn\u00edmi prost\u0159edky, kter\u00e9 by st\u00e1le je\u0161t\u011b m\u011blo b\u00fdt z\u00e1kladn\u00ed funkc\u00ed st\u00e1tu.<\/p>\n<p>&#13;<br \/>\n\tMnoz\u00ed dnes st\u00e1le je\u0161t\u011b mlad\u00ed cestovatel\u00e9 po Evrop\u011b se vracej\u00ed se zku\u0161enost\u00ed, \u017ee ve \u0160v\u00fdcarsku nebo v Nizozemsku, kdy\u017e se n\u011bkdo v restauraci pochlub\u00ed, \u017ee neplat\u00ed dan\u011b, si jeho spolustolovn\u00edci jdou sednout n\u011bkam jinam. O zp\u016fsobu vyb\u00edr\u00e1n\u00ed dan\u00ed ve Spojen\u00fdch st\u00e1tech a o trestech za nedodr\u017eov\u00e1n\u00ed pravidel se vypr\u00e1v\u011bj\u00ed p\u0159\u00edb\u011bhy, ve kter\u00fdch hraje d\u016fle\u017eitou roli s\u00e1m Al Capone.<\/p>\n<p>&#13;<br \/>\n\tNemus\u00ed to b\u00fdt v\u017edy pravda, ale kdy\u017e se n\u011bco podobn\u00e9ho stane u n\u00e1s doma, je \u00fa\u010dastn\u00edk t\u00e9to hry pova\u017eov\u00e1n za hrdinu. \u010cern\u00e1 nebo \u0161ed\u00e1 ekonomika u\u017e nejsou daleko od takov\u00fdch model\u016f hospoda\u0159en\u00ed a dvojkolejnosti moci hospod\u00e1\u0159sk\u00e9 nebo finan\u010dn\u00ed. Snadno a opakovan\u011b je to realizov\u00e1no v prost\u0159ed\u00ed politick\u00e9m. Nav\u00edc roz\u0161\u00ed\u0159en\u00e9m je\u0161t\u011b o nedotknutelnost participant\u016f t\u00e9to \u010dinnosti pod milosrdn\u00fdm a nepr\u016fhledn\u00fdm h\u00e1vem zlo\u010dinu. Sta\u010d\u00ed jen vymyslet vhodn\u00e9 slovn\u00ed spojen\u00ed a spiklenci nach\u00e1zej\u00ed snadno cestu k porozum\u011bn\u00ed.<\/p>\n<p>&#13;<\/p>\n<p>    Anketa<\/p>\n<p>Kter\u00fd n\u00e1rod v\u00edce ubl\u00ed\u017eil \u010desk\u00e9mu n\u00e1rodu?<\/p>\n<p>hlasovalo: 19639 lid\u00ed<\/p>\n<\/p>\n<p>&#13;<br \/>\n\tCo je ov\u0161em dnes zaj\u00edmav\u011bj\u0161\u00ed, je d\u011bn\u00ed kolem Knihovny V\u00e1clava Havla. Miliard\u00e1\u0159 Bakala ji u\u017e nechce platit a n\u011bkte\u0159\u00ed ,,havlovci\u201d jako Martin C. Putna se sl\u00e9tli na \u0159editele Tom\u00e1\u0161e Sedl\u00e1\u010dka, \u017ee instituce za\u010d\u00edn\u00e1 b\u00fdt v\u00edc o Sedl\u00e1\u010dkovi ne\u017e o Havlovi. Sedl\u00e1\u010dek m\u00e1 podporu Dagmar Havlov\u00e9. Strhl se n\u00e1m tu ,,havlovra\u017eedn\u00fd\u201d boj o tom, komu pat\u0159\u00ed velik\u00e1n? <br \/>&#13;<br \/>\n\tKdy\u017e u\u017e byl tento monument vytvo\u0159en, nelze p\u0159ehl\u00e9dnout, \u017ee byl tak\u00e9 bohat\u011b financov\u00e1n ve sv\u011bt\u011b ekonomick\u00e9 metamorf\u00f3zy tak popul\u00e1rn\u00edmi osobnostmi, jako jsou p\u00e1nov\u00e9 Zden\u011bk Bakala a Karel Kom\u00e1rek a jejich rodinn\u00e9 klany, fondy, nadace. Jist\u011b ji tito dva p\u00e1nov\u00e9 a cel\u00e1 \u0159ada dal\u0161\u00edch nepodporovali zcela nezi\u0161tn\u011b. To by bylo v t\u00e9to vysok\u00e9 spole\u010dnosti unf\u00e4hig. A tak se mo\u017en\u00e1 trochu se zpo\u017ed\u011bn\u00edm dov\u00edme, \u017ee se pod jm\u00e9nem V\u00e1clava Havla skr\u00fdvalo n\u011bco mnohem zaj\u00edmav\u011bj\u0161\u00edho, o \u010dem ani jeho nejbli\u017e\u0161\u00ed nic netu\u0161ili. Princip je ale op\u011bt stejn\u00fd.<\/p>\n<p>&#13;<br \/>\n\tHavl\u016fv dlouholet\u00fd p\u0159\u00edtel Ji\u0159\u00ed Kub\u011bna (Paukert) napsal kr\u00e1tce p\u0159ed svou smrt\u00ed (2017) vzpom\u00ednku na V\u00e1clava Havla, ve kter\u00e9 tento nitern\u00fd b\u00e1sn\u00edk a dlouholet\u00fd p\u0159\u00edtel pozd\u011bj\u0161\u00edho prezidenta konstatuje, \u017ee p\u0159i jednom sv\u00e9m setk\u00e1n\u00ed s prezidentem jej p\u0159ekvapilo, kdy\u017e pochopil, \u017ee je to \u201e\u010dlov\u011bk moci\u201c, kter\u00fd nev\u00ed, \u017ee \u201epravda je u Boha\u201c a l\u00e1ska je cesta k Bohu prost\u0159ednictv\u00edm Je\u017e\u00ed\u0161e Krista. Kub\u011bna toto zrcadlo nenastavuje V\u00e1clavu Havlovi ale jen t\u011bm, kte\u0159\u00ed se nad jeho duchovn\u00edm, a p\u0159edev\u0161\u00edm materi\u00e1ln\u00edm d\u011bdictv\u00ed st\u00fdkaj\u00ed a pot\u00fdkaj\u00ed.<\/p>\n<p>&#13;<br \/>\n\t<br \/>&#13;<br \/>\n\tHavel zem\u0159el v roce 2011. A u\u017e n\u011bkolikr\u00e1t jsem sly\u0161el \u00favahu, \u017ee kdyby vid\u011bl, kdo a jak dnes operuje jeho jm\u00e9nem, asi by nebyl r\u00e1d. Jak Vy se znalost\u00ed historick\u00fdch souvislost\u00ed i s Va\u0161\u00ed zku\u0161enost\u00ed nahl\u00ed\u017e\u00edte na tuto v\u011bc?<\/p>\n<p>&#13;<br \/>\n\tZnal jsem osobn\u011b V\u00e1clava Havla u\u017e od roku 1962, kdy za\u010d\u00ednal jeho p\u0159erod z kulis\u00e1ka v dramaturga Divadla Na z\u00e1bradl\u00ed. Pozd\u011bji jsem byl r\u00e1d, \u017ee jsem nemusel b\u00fdt sou\u010d\u00e1st\u00ed jeho spole\u010densk\u00e9ho prost\u0159ed\u00ed, kter\u00e9 se prom\u011bnilo po roce 1989 v jeho obdivovatele a hagiografy. Mnohokr\u00e1t jsem se o n\u011bm bavil s Ivanem Vysko\u010dilem (pozn. red: Jde o \u010desk\u00e9ho herce, spisovatele, dramatika a pedagoga \u017eij\u00edc\u00edho v letech 1929-2023, nikoliv o dodnes \u017eij\u00edc\u00edho herce stejn\u00e9ho jm\u00e9na), kter\u00fd jej vytvo\u0159il do podoby Hugo Pludka v Havlov\u011b Zahradn\u00ed slavnosti. Proto si tak\u00e9 mysl\u00edm, \u017ee by jej v\u011bci okolo jeho poz\u016fstalosti my\u0161lenkov\u00e9 i materi\u00e1ln\u00ed zaj\u00edmaly mnohem v\u00edc, ne\u017e si n\u011bkte\u0159\u00ed z n\u00e1s dovoluj\u00ed pomyslet.<\/p>\n<p>&#13;<\/p>\n<p>\t\t\t\tFotogalerie: &#8211; O p\u0159ipravenosti arm\u00e1dy<\/p>\n<p>&#13;<br \/>\n\tA jak jej oddan\u011b citoval Michal \u017dantovsk\u00fd na \u00favodu Havlova \u017eivotopisu \u2013 \u201e\u2026Byt\u00ed m\u00e1 zkr\u00e1tka pam\u011b\u0165. A tedy i moje mali\u010dkost &#8211; bur\u017eoazn\u00ed d\u00edt\u011b, laborant, voj\u00e1k, kulis\u00e1k, divadeln\u00ed autor, disident, v\u011bze\u0148, prezident, penzista, ve\u0159ejn\u00fd fenom\u00e9n a poustevn\u00edk, \u00fadajn\u00fd hrdina a tajn\u00fd stra\u0161pytel &#8211; tu bude nav\u017edy. Respektive ne tu, ale kdesi. Nikoliv v\u0161ak jinde. Kdesi tu.\u201c<\/p>\n<p>Jak jste vlastn\u011b od revoluce vn\u00edmal prom\u011bny vn\u00edm\u00e1n\u00ed Havla? A tak\u00e9 prom\u011bny osob v jeho okol\u00ed?<\/p>\n<p>&#13;<br \/>\n\tNaposledy jsem se s n\u00edm setkal na balkon\u011b divadla DISK, kde byl pod\u011bkovat student\u016fm DAMU a FAMU za podporu v listopadov\u00fdch \u201erevolu\u010dn\u00edch\u201c dnech. To u\u017e za\u010d\u00ednal b\u00fdt obklopen do uzav\u00edraj\u00edc\u00edho se kruhu osob, kter\u00e9 jsem p\u0159est\u00e1val zn\u00e1t. Snad mne p\u0159ekvapil jeho rozchod se Stanislavem Milotou, ale to se mi zd\u00e1lo dan\u00ed za politickou kari\u00e9ru, kterou form\u00e1tovalo jin\u00e9 prost\u0159ed\u00ed ne\u017e to, se kter\u00fdm jsem p\u0159ich\u00e1zel do styku. A naopak, p\u0159ekvapilo mne jak\u00e9si pozdn\u00ed sm\u00ed\u0159en\u00ed s Ivanem Vysko\u010dilem, kter\u00e9 bylo dokonce zaznamen\u00e1no na obraz a z\u016fstalo dojemn\u00e9 v n\u011bjak\u00e9m TV archivu.<\/p>\n<p>&#13;<br \/>\n\tSnad proto jsem si mohl dovolit luxus nezaj\u00edmat se o Havlova pozdn\u00ed prezidentsk\u00e1 l\u00e9ta, jeho osam\u011blost tam n\u011bkde v prostor\u00e1ch pozd\u011bj\u0161\u00ed Knihovny V\u00e1clava Havla. A nakonec i o ty, kte\u0159\u00ed nev\u011bd\u00ed, co by se jim mohlo zd\u00e1t b\u00fdt prosp\u011b\u0161n\u00e9, ale tou\u017e\u00ed po touze b\u00fdt nebo tak trochu neb\u00fdt V\u00e1clavem Havlem.<\/p>\n<p>&#13;<\/p>\n<p>    Psali jsme:<\/p>\n","protected":false},"excerpt":{"rendered":"&#13; Pane doktore, Andrej Babi\u0161 a jeho pod\u0159\u00edzen\u00ed cht\u011bj\u00ed p\u0159esunut\u00ed \u201elidskopr\u00e1vn\u00edch agend\u201d z \u00da\u0159adu vl\u00e1dy na jin\u00e1 ministerstva.&hellip;\n","protected":false},"author":2,"featured_media":103872,"comment_status":"","ping_status":"","sticky":false,"template":"","format":"standard","meta":{"footnotes":"","_share_on_mastodon":"0"},"categories":[7],"tags":[941,11560,43,42,41,40,417,3745,30530,9633,3820],"class_list":["post-103871","post","type-post","status-publish","format-standard","has-post-thumbnail","category-cesko","tag-babis","tag-bakala","tag-ceska-republika","tag-cesko","tag-czech-republic","tag-czechia","tag-demokracie","tag-havel","tag-putna","tag-rozjezd-zdenka-zborila","tag-zboril"],"share_on_mastodon":{"url":"https:\/\/pubeurope.com\/@cz\/116675012538462062","error":""},"_links":{"self":[{"href":"https:\/\/www.europesays.com\/cz\/wp-json\/wp\/v2\/posts\/103871","targetHints":{"allow":["GET"]}}],"collection":[{"href":"https:\/\/www.europesays.com\/cz\/wp-json\/wp\/v2\/posts"}],"about":[{"href":"https:\/\/www.europesays.com\/cz\/wp-json\/wp\/v2\/types\/post"}],"author":[{"embeddable":true,"href":"https:\/\/www.europesays.com\/cz\/wp-json\/wp\/v2\/users\/2"}],"replies":[{"embeddable":true,"href":"https:\/\/www.europesays.com\/cz\/wp-json\/wp\/v2\/comments?post=103871"}],"version-history":[{"count":0,"href":"https:\/\/www.europesays.com\/cz\/wp-json\/wp\/v2\/posts\/103871\/revisions"}],"wp:featuredmedia":[{"embeddable":true,"href":"https:\/\/www.europesays.com\/cz\/wp-json\/wp\/v2\/media\/103872"}],"wp:attachment":[{"href":"https:\/\/www.europesays.com\/cz\/wp-json\/wp\/v2\/media?parent=103871"}],"wp:term":[{"taxonomy":"category","embeddable":true,"href":"https:\/\/www.europesays.com\/cz\/wp-json\/wp\/v2\/categories?post=103871"},{"taxonomy":"post_tag","embeddable":true,"href":"https:\/\/www.europesays.com\/cz\/wp-json\/wp\/v2\/tags?post=103871"}],"curies":[{"name":"wp","href":"https:\/\/api.w.org\/{rel}","templated":true}]}}