{"id":104408,"date":"2026-06-02T02:40:11","date_gmt":"2026-06-02T02:40:11","guid":{"rendered":"https:\/\/www.europesays.com\/cz\/104408\/"},"modified":"2026-06-02T02:40:11","modified_gmt":"2026-06-02T02:40:11","slug":"spartu-prohnaly-na-planeo-cupu-male-kluby-byli-u-toho-gebre-selassie-ci-samec","status":"publish","type":"post","link":"https:\/\/www.europesays.com\/cz\/104408\/","title":{"rendered":"Spartu prohnaly na Planeo Cupu mal\u00e9 kluby. Byli u toho Gebre Selassie \u010di Samec"},"content":{"rendered":"<p>V\u00edt\u011bzem se sice stala favorizovan\u00e1 Sparta, ale zn\u00e1m\u00e9 osobnosti sledovaly tak\u00e9 velk\u00e1 p\u0159ekvapen\u00ed. Na fin\u00e1lov\u00e9m turnaji Poh\u00e1ru ml\u00e1de\u017ee FA\u010cR Planeo Cupu v\u00a0kategorii hr\u00e1\u010d\u016f do dev\u00edti let brali st\u0159\u00edbro mlad\u00ed fotbalist\u00e9 z\u00a0Komo\u0159an, t\u0159et\u00ed skon\u010dily Ok\u0159\u00ed\u0161ky. V Hlu\u010d\u00edn\u011b byli tak\u00e9 b\u00fdval\u00ed reprezentanti Petr Samec nebo Theodor Gebre Selassie.<\/p>\n<p>O v\u00edkendu se poda\u0159ilo to, co je nejv\u011bt\u0161\u00edm kouzlem Planeo Cupu. Do spole\u010dnosti spar\u0165ansk\u00e9ho v\u00fdb\u011bru se probojovaly tak\u00e9 v\u00fdrazn\u011b men\u0161\u00ed celky. Do Zlat\u00e9 skupiny, ve kter\u00e9 se soupe\u0159\u00ed o medailov\u00e9 pozice, se protla\u010dily Komo\u0159any, Ok\u0159\u00ed\u0161ky (oba stejn\u011b jako Pra\u017ean\u00e9 bez prohry), Vysok\u00e9 M\u00fdto nebo P\u0159erov.<\/p>\n<p>U Ok\u0159\u00ed\u0161ek v\u0161ak nejde o n\u00e1hodu. P\u0159ed rokem se v\u00a0kategorii hr\u00e1\u010d\u016f do osmi let um\u00edstily za Spartou na druh\u00e9m m\u00edst\u011b. Tentokr\u00e1t rovn\u011b\u017e bojovaly o nejvy\u0161\u0161\u00ed p\u0159\u00ed\u010dky. Komo\u0159any jsou pak p\u0159\u00edkladem toho, jak se daj\u00ed vychov\u00e1vat mlad\u00ed fotbalist\u00e9 v\u00a0obci, v n\u00ed\u017e \u017eije 767 obyvatel.<\/p>\n<p>\u201eKluky mus\u00ed fotbal hlavn\u011b bavit, to je z\u00e1klad, a potom ud\u011blat je\u0161t\u011b tro\u0161ku v\u00edc ne\u017e ostatn\u00ed. Dnes maj\u00ed samoz\u0159ejm\u011b lep\u0161\u00ed sportovn\u00ed podm\u00ednky, j\u00e1 m\u00e1m je\u0161t\u011b po\u0159\u00e1d \u0161kv\u00e1ru v\u00a0kolenou, tak\u017ee se to v\u016fbec ned\u00e1 srovn\u00e1vat,\u201c l\u00ed\u010dil Samec, b\u00fdval\u00fd \u00fato\u010dn\u00edk Chebu, Hradce Kr\u00e1lov\u00e9 nebo Ban\u00edku Ostrava. \u201eAle co se t\u00fdk\u00e1 ment\u00e1ln\u00edch podm\u00ednek, to znamen\u00e1 soci\u00e1ln\u00ed s\u00edt\u011b a podobn\u011b, tak to maj\u00ed daleko t\u011b\u017e\u0161\u00ed, aby se tomu ubr\u00e1nili a opravdu se fotbalu v\u011bnovali,\u201c pokra\u010doval dnes 62let\u00fd mu\u017e.<\/p>\n<p>Ok\u0159\u00ed\u0161ky uk\u00e1zaly velkou s\u00edlu u\u017e v\u00a0z\u00e1kladn\u00ed skupin\u011b, ve kter\u00e9 zaznamenaly v\u00fdsledky 11:1, 6:0, 4:1 nebo 5:2. Akor\u00e1t se Zbrojovkou vyhr\u00e1ly \u201epouze\u201c 4:3. \u0158\u00e1dily tak\u00e9 Komo\u0159any (11:0, 6:0, 6:1, 5:2 a 4:2). Oba t\u00fdmy se tak vyrovnaly Spart\u011b nejen bodov\u011b, ale i ve st\u0159eleck\u00e9 produktivit\u011b.<\/p>\n<p>Ve Zlat\u00e9 skupin\u011b ani jeden z\u00a0t\u00e9to trojice nesundal nohu z\u00a0plynu. Sparta a Komo\u0159any zvl\u00e1dly cel\u00fd v\u00edkend bez prohry. Leten\u0161t\u00ed brali zlato, proto\u017ee jejich nejv\u011bt\u0161\u00ed soupe\u0159 remizoval 2:2 s\u00a0Ok\u0159\u00ed\u0161kami.<\/p>\n<p>\u010ctvrt\u00fd se um\u00edstil libereck\u00fd Slovan, jeho\u017e v\u00fdkony sledoval p\u0159\u00edmo na m\u00edst\u011b sou\u010dasn\u00fd sportovn\u00ed \u0159editel klubu. \u201eB\u011bhem jednoho m\u011bs\u00edce je to n\u00e1\u0161 u\u017e druh\u00fd fin\u00e1lov\u00fd turnaj Planeo Cupu,\u201c prozradil Gebre Selassie. \u201eNa prvn\u00edm jsem byl se star\u0161\u00edm synem na U12 v Bl\u0161anech a te\u010f to bylo pro n\u00e1s z Liberce do Hlu\u010d\u00edna podstatn\u011b d\u00e1l,\u201c l\u00ed\u010dil s\u00a0\u00fasm\u011bvem.<\/p>\n<p>Dlouholet\u00fd obr\u00e1nce Werderu Br\u00e9my pochopiteln\u011b rozd\u00e1v\u00e1 ob\u011bma syn\u016fm cenn\u00e9 rady. \u201eSp\u00ed\u0161 si je ale berou hodn\u011b od tren\u00e9r\u016f. Oba jsou rozd\u00edln\u00ed, ale potenci\u00e1l v\u00a0nich je. \u0158ekl bych, \u017ee mo\u017en\u00e1 i v\u011bt\u0161\u00ed, ne\u017e byl u m\u011b,\u201c zakon\u010dil Gebre Selassie.<\/p>\n<p>Poh\u00e1r ml\u00e1de\u017ee FA\u010cR Planeo Cup \u010dek\u00e1 u\u017e jen \u00fapln\u011b z\u00e1v\u011bre\u010dn\u00fd fin\u00e1lov\u00fd turnaj. Op\u011bt se uskute\u010dn\u00ed v Hlu\u010d\u00edn\u011b, kam se sjedou nejlep\u0161\u00ed t\u00fdmy z cel\u00e9 republiky v kategorii U8.<\/p>\n<p>Planeo Cup 2026kategorie U9 &#8211; kone\u010dn\u00e9 po\u0159ad\u00ed1. m\u00edstoAC Sparta Praha19 bod\u016f2.TJ Komo\u0159any173.SK Huhtamaki Ok\u0159\u00ed\u0161ky164.FC Slovan Liberec125.FC Zbrojovka Brno76.1. SK Prost\u011bjov77.SK Vysok\u00e9 M\u00fdto38.1. FC Viktorie P\u0159erov0<\/p>\n<p>Nejlep\u0161\u00ed hr\u00e1\u010d:\u00a0Anton\u00edn Lorenc (Lokomotiva \u010cesk\u00e1 L\u00edpa)<br \/>Nejlep\u0161\u00ed st\u0159elec: \u0160t\u011bp\u00e1n Kotrba (Ok\u0159\u00ed\u0161ky)<br \/>Nejlep\u0161\u00ed brank\u00e1\u0159: Jan Vik (Slavie Hradec Kr\u00e1lov\u00e9)<\/p>\n<p>Fin\u00e1lov\u00e9 turnajekategoriedatumm\u00edstov\u00edt\u011bzU132.-3. kv\u011btnaBl\u0161anySparta PrahaU129.-10. kv\u011btnaBl\u0161anyBan\u00edk OstravaU1116.-17. kv\u011btnaKu\u0159imSigma OlomoucU1023.-24. kv\u011btnaBl\u0161anySparta PrahaU930.-31. kv\u011btnaHlu\u010d\u00ednSparta PrahaU86.-7. \u010dervnaHlu\u010d\u00edn\u00a0<\/p>\n","protected":false},"excerpt":{"rendered":"V\u00edt\u011bzem se sice stala favorizovan\u00e1 Sparta, ale zn\u00e1m\u00e9 osobnosti sledovaly tak\u00e9 velk\u00e1 p\u0159ekvapen\u00ed. Na fin\u00e1lov\u00e9m turnaji Poh\u00e1ru ml\u00e1de\u017ee&hellip;\n","protected":false},"author":2,"featured_media":104409,"comment_status":"","ping_status":"","sticky":false,"template":"","format":"standard","meta":{"footnotes":"","_share_on_mastodon":"0"},"categories":[30],"tags":[1198,863,30635,326,30634,2840,30637,30636,30632,98,99,3534,94,30633,6607],"class_list":["post-104408","post","type-post","status-publish","format-standard","has-post-thumbnail","category-praha","tag-ac-sparta-praha","tag-fc-slovan-liberec","tag-fk-chmel-blsany","tag-fotbal","tag-hlucin","tag-komorany","tag-okrisky","tag-petr-samec","tag-planeo-cup","tag-prague","tag-praha","tag-prerov","tag-sport","tag-theodor-gebre-selassie","tag-vysoke-myto"],"share_on_mastodon":{"url":"https:\/\/pubeurope.com\/@cz\/116678205540649917","error":""},"_links":{"self":[{"href":"https:\/\/www.europesays.com\/cz\/wp-json\/wp\/v2\/posts\/104408","targetHints":{"allow":["GET"]}}],"collection":[{"href":"https:\/\/www.europesays.com\/cz\/wp-json\/wp\/v2\/posts"}],"about":[{"href":"https:\/\/www.europesays.com\/cz\/wp-json\/wp\/v2\/types\/post"}],"author":[{"embeddable":true,"href":"https:\/\/www.europesays.com\/cz\/wp-json\/wp\/v2\/users\/2"}],"replies":[{"embeddable":true,"href":"https:\/\/www.europesays.com\/cz\/wp-json\/wp\/v2\/comments?post=104408"}],"version-history":[{"count":0,"href":"https:\/\/www.europesays.com\/cz\/wp-json\/wp\/v2\/posts\/104408\/revisions"}],"wp:featuredmedia":[{"embeddable":true,"href":"https:\/\/www.europesays.com\/cz\/wp-json\/wp\/v2\/media\/104409"}],"wp:attachment":[{"href":"https:\/\/www.europesays.com\/cz\/wp-json\/wp\/v2\/media?parent=104408"}],"wp:term":[{"taxonomy":"category","embeddable":true,"href":"https:\/\/www.europesays.com\/cz\/wp-json\/wp\/v2\/categories?post=104408"},{"taxonomy":"post_tag","embeddable":true,"href":"https:\/\/www.europesays.com\/cz\/wp-json\/wp\/v2\/tags?post=104408"}],"curies":[{"name":"wp","href":"https:\/\/api.w.org\/{rel}","templated":true}]}}