{"id":104505,"date":"2026-06-02T05:40:18","date_gmt":"2026-06-02T05:40:18","guid":{"rendered":"https:\/\/www.europesays.com\/cz\/104505\/"},"modified":"2026-06-02T05:40:18","modified_gmt":"2026-06-02T05:40:18","slug":"vedl-davidovou-soukalova-na-nej-utocila-protrely-cesky-trener-ted-odesel-k-sousedum","status":"publish","type":"post","link":"https:\/\/www.europesays.com\/cz\/104505\/","title":{"rendered":"Vedl Davidovou, Soukalov\u00e1 na n\u011bj \u00fato\u010dila. Prot\u0159el\u00fd \u010desk\u00fd tren\u00e9r te\u010f ode\u0161el k\u00a0soused\u016fm"},"content":{"rendered":"<p class=\"b_bD\">\u201eTohle je pro m\u011b nov\u00e1 v\u00fdzva. Chci slovensk\u00fd mu\u017esk\u00fd biatlon n\u011bkam posunout. M\u00e1me co zlep\u0161ovat,\u201c uvedl \u0160ikola pro web slovenskybiatlon.sk k\u00a0mo\u017en\u00e1 pon\u011bkud ne\u010dekan\u00e9mu \u00b4p\u0159estupu\u00b4.<\/p>\n<p class=\"b_bD\">\u201eNe\u010dekal jsem, \u017ee to takhle skon\u010d\u00ed,\u201c p\u0159ipom\u00edn\u00e1 sedmapades\u00e1tilet\u00fd tren\u00e9r, podle mnoh\u00fdch jeden z\u00a0nejv\u011bt\u0161\u00edch \u010desk\u00fdch biatlonov\u00fdch odborn\u00edk\u016f.<\/p>\n<p class=\"b_bD\">Je mu jasn\u00e9, \u017ee nep\u016fjde o\u00a0pr\u00e1ci s\u00a0hv\u011bzdami, ale o\u00a0to, co u\u017e tolikr\u00e1t v\u00a0kari\u00e9\u0159e za\u017eil. O\u00a0pokus dot\u00e1hnout talentovan\u00e9 ml\u00e1d\u00ed k\u00a0top v\u00fd\u0161in\u00e1m mezi dosp\u011bl\u00fdmi.<\/p>\n<p><a data-dot=\"atm-link\" target=\"_self\" href=\"https:\/\/www.sport.cz\/clanek\/zimni-sporty-biatlon-seste-misto-je-hezke-ale-marketa-ho-asi-trochu-obreci-rekl-trener-sikola-3114724\" class=\"b_V g_iJ\" rel=\"nofollow noopener\"><img fetchpriority=\"high\" height=\"665\" width=\"887\" src=\"https:\/\/www.europesays.com\/cz\/wp-content\/uploads\/2026\/06\/hgDGr.jpeg\" loading=\"eager\" decoding=\"sync\" class=\"b_B b_z\"\/><\/a><\/p>\n<p class=\"b_bD\">A na Slovensku pro to bude m\u00edt prostor tak\u0159ka n\u00e1sobn\u00fd. Tamn\u00ed mu\u017esk\u00fd biatlonov\u00fd A-t\u00fdm bude podle v\u0161eho nejmlad\u0161\u00ed ze v\u0161ech zem\u00ed startuj\u00edc\u00edch v\u00a0SP. Nejstar\u0161\u00ed z\u00e1vodn\u00edci, \u0161estadvacetilet\u00fd Tom\u00e1\u0161 Sklen\u00e1rik i\u00a0o rok mlad\u0161\u00ed Dami\u00e1n Cesnek ukon\u010dili kari\u00e9ru. Ale zbyli mimo jin\u00e9 Jakub Borgu\u013ea nebo Martin Ma\u0165ko, kte\u0159\u00ed u\u017e bodovali i\u00a0ve Sv\u011btov\u00e9m poh\u00e1ru. By\u0165 sporadicky.<\/p>\n<p class=\"b_bD\">Mo\u017enost za\u010dlenit se do tohoto t\u00fdmu nep\u0159ijal \u0160imon Adamov, kter\u00fd se d\u00e1l p\u0159ipravuje v\u00a0odd\u011blen\u00e9 skupin\u011b jako dosud. I\u00a0na realitu \u00b4rozbit\u00e9\u00b4 p\u0159\u00edpravy tak trochu m\u016f\u017ee \u0160ikola narazit v\u00a0nov\u00e9m p\u016fsobi\u0161ti.<\/p>\n<p><a data-dot=\"atm-link\" target=\"_self\" href=\"https:\/\/www.sport.cz\/clanek\/zimni-sporty-biatlon-soukalova-o-nemoci-souperky-sama-jsem-to-zazila-ten-problem-je-rozsahlejsi-5027095\" class=\"b_V g_iJ\" rel=\"nofollow noopener\"><img height=\"1080\" width=\"1440\" src=\"https:\/\/www.europesays.com\/cz\/wp-content\/uploads\/2026\/06\/biatlon-ms-nove-mesto-sin-slavy-soukalova.jpeg\" loading=\"eager\" decoding=\"sync\" class=\"b_B b_z\"\/><\/a><\/p>\n<p class=\"b_bD\">P\u0159ich\u00e1z\u00ed ov\u0161em s\u00a0pov\u011bst\u00ed mu\u017ee, kter\u00fd posunul \u0159adu talent\u016f na stupn\u011b mezi elitou. Mark\u00e9tu Davidovou, Veroniku V\u00edtkovou, ale i\u00a0Gabrielu Soukalovou, kter\u00e1 mu ov\u0161em ve sv\u00e9 knize nem\u016f\u017ee p\u0159ij\u00edt na jm\u00e9no, nebo\u0165 jeho p\u016fsoben\u00ed ji podle n\u00ed samotn\u00e9 dovedlo k\u00a0probl\u00e9m\u016fm s\u00a0p\u0159\u00edjmem potravy a\u00a0anorexii. Kou\u010d obvin\u011bn\u00ed odm\u00edtal. D\u00e1l p\u016fsobil u\u00a0reprezenta\u010dn\u00edch v\u00fdb\u011br\u016f.<\/p>\n<p class=\"b_bD\">Naposledy u\u00a0juniorsk\u00e9 reprezentace s\u00a0Ilonou Plech\u00e1\u010dovou a\u00a0Hedou Mikol\u00e1\u0161ovou, \u00fasp\u011b\u0161n\u00fdmi z\u00a0ml\u00e1de\u017enick\u00fdch \u0161ampion\u00e1t\u016f. Ale dohoda o\u00a0jeho dal\u0161\u00edm \u00fa\u010dinkov\u00e1n\u00ed v\u00a0tuzemsk\u00fdch pom\u011brech nep\u0159i\u0161la.<\/p>\n<p class=\"b_bD\">\u0160ikola se s\u00e1m uch\u00e1zel o\u00a0m\u00edsto kou\u010de na Slovensku. \u201eV \u010desk\u00e9m biatlonu jsem m\u011bl ur\u010dit\u00e9 po\u017eadavky a\u00a0nena\u0161li jsme shodu,\u201c nasti\u0148uje kou\u010d pro slovensk\u00e1 m\u00e9dia impulzy ke zrodu anga\u017em\u00e1 v\u00a0cizin\u011b. \u201ePak jsem oslovil Slovensk\u00fd svaz biatlonu, abych nalezl novou v\u00fdzvu. Cht\u011bl bych p\u0159edat zku\u0161enosti z\u00a0\u010cech a\u00a0posunout d\u00e1l slovensk\u00fd biatlon,\u201c pokra\u010duje.<\/p>\n<p class=\"b_bD\">C\u00edl pr\u00e1ce? Prezident slovensk\u00e9ho biatlonu Peter Voz\u00e1r hovo\u0159\u00ed o\u00a0touze m\u00edt na ZOH 2030\u00a0mu\u017eskou \u0161tafetu. Tedy o\u00a0tom, co se nepoda\u0159ilo v\u00a0\u00fanoru 2026\u00a0na hr\u00e1ch v\u00a0It\u00e1lii.<\/p>\n<p class=\"b_bD\">B\u011bhem sv\u00e9 tren\u00e9rsk\u00e9 kari\u00e9ry \u0160ikola p\u0159ev\u00e1\u017en\u011b pracoval s\u00a0\u017eenskou kategori\u00ed. P\u0159esun k\u00a0mu\u017esk\u00e9mu t\u00fdmu ov\u0161em nevid\u00ed jako probl\u00e9m. \u201eZ\u00e1klad tr\u00e9ninku je stejn\u00fd. Slovensk\u00fd t\u00fdm je velmi mlad\u00fd. Nap\u0159\u00edklad Jakuba Borgu\u013eu jsem sledoval roky jako ml\u00e1de\u017en\u00edka. Setk\u00e1vali jsme se na velk\u00fdch sout\u011b\u017e\u00edch v\u00a0t\u00e9to kategorii,\u201c p\u0159ipom\u00edn\u00e1 \u0160ikola.<\/p>\n<p class=\"b_bD\">T\u00fdm m\u00e1 podle n\u011bj potenci\u00e1l, by\u0165 um\u00edst\u011bn\u00ed Slov\u00e1k\u016f na bodovan\u00fdch m\u00edstech ve Sv\u011btov\u00e9m poh\u00e1ru bylo v\u00a0posledn\u00ed dob\u011b poskrovnu.<\/p>\n<p class=\"b_bD\">\u201eJ\u00edt v\u00fdsledkov\u011b v\u00fd\u0161e je obrovsk\u00e1 v\u00fdzva. Pot\u0159ebujeme se posunout v\u00a0Poh\u00e1ru n\u00e1rod\u016f, abychom n\u011bkdy mohli jezdit se \u010dtve\u0159ic\u00ed mu\u017e\u016f ve Sv\u011btov\u00e9m poh\u00e1ru,\u201c m\u00e1 jasno o\u00a0dal\u0161\u00edch kroc\u00edch.<\/p>\n<p class=\"b_bD\">\u201eNejv\u011bt\u0161\u00ed s\u00edla i\u00a0v biatlonu je ve v\u011bt\u0161\u00ed skupin\u011b. M\u00fdm c\u00edlem je p\u0159esv\u011bd\u010dit v\u0161echny, \u017ee to d\u011bl\u00e1me dob\u0159e, abychom \u0161li spole\u010dnou cestou. Za\u010d\u00edn\u00e1me soust\u0159ed\u011bn\u00edm na slovensk\u00fdch hor\u00e1ch a\u00a0v Osrbl\u00ed,\u201c podot\u00fdk\u00e1 \u0160ikola nat\u011b\u0161en\u00fd na p\u016fsoben\u00ed na Slovensku i\u00a0kv\u016fli velmi vyda\u0159en\u00fdm ml\u00e1de\u017enick\u00fdm MS v\u00a0uplynul\u00fdch dvou sezon\u00e1ch. \u201eSlovensk\u00fd biatlon byl vid\u011bt, a\u00a0to je z\u00e1klad,\u201c soud\u00ed \u0160ikola.<\/p>\n<p class=\"b_bD\">Dosavadn\u00ed tren\u00e9r slovensk\u00fdch biatlonist\u016f Martin Baj\u010di\u010d\u00e1k bude m\u00edt prioritn\u011b pod palcem Emu Kapustovou. S\u00a0n\u00ed pracoval od lo\u0148ska ve skupin\u011b s\u00a0mu\u017ei a\u00a0Paul\u00ednou B\u00e1tovskou Fialkovou. Dal\u0161\u00ed reprezentantka Anastasia Kuzminov\u00e1 tr\u00e9nuje s\u00a0man\u017eelem Danielem.<\/p>\n<p class=\"b_bD\">\u0160ikola je \u010dtvrt\u00fdm zahrani\u010dn\u00edm kou\u010dem v\u00a0historii. N\u011bmec Manfred Geyer a\u00a0Raku\u0161an Josef Obererlacher vedli mu\u017esk\u00fd a\u00a0\u017eensk\u00fd t\u00fdm v\u00a0letech 2012 &#8211; 2014.\u00a0Od roku 2018\u00a0p\u016fsobil v\u00a0slovensk\u00e9m biatlonu celkem \u010dty\u0159i sezony dal\u0161\u00ed kou\u010d z\u00a0\u010desk\u00fdch zdroj\u016f Tom\u00e1\u0161 Kos.<\/p>\n<p><a data-dot=\"atm-link\" target=\"_self\" href=\"https:\/\/www.sport.cz\/clanek\/zimni-sporty-biatlon-strevni-potize-maler-na-stojce-a-zklamani-na-uvod-biatlonoveho-ms-cekal-jsem-vic-rika-trener-juniorek-5411275\" class=\"b_V g_iJ\" rel=\"nofollow noopener\"><img height=\"2730\" width=\"3640\" src=\"https:\/\/www.europesays.com\/cz\/wp-content\/uploads\/2026\/03\/sport-biatlon-davidova.jpeg\" loading=\"eager\" decoding=\"sync\" class=\"b_B b_z\"\/><\/a><\/p>\n","protected":false},"excerpt":{"rendered":"\u201eTohle je pro m\u011b nov\u00e1 v\u00fdzva. Chci slovensk\u00fd mu\u017esk\u00fd biatlon n\u011bkam posunout. M\u00e1me co zlep\u0161ovat,\u201c uvedl \u0160ikola pro&hellip;\n","protected":false},"author":2,"featured_media":104506,"comment_status":"","ping_status":"","sticky":false,"template":"","format":"standard","meta":{"footnotes":"","_share_on_mastodon":"0"},"categories":[7],"tags":[1109,43,42,41,40,45,2462],"class_list":["post-104505","post","type-post","status-publish","format-standard","has-post-thumbnail","category-cesko","tag-biatlon","tag-ceska-republika","tag-cesko","tag-czech-republic","tag-czechia","tag-slovensko","tag-trener"],"share_on_mastodon":{"url":"https:\/\/pubeurope.com\/@cz\/116678913303960211","error":""},"_links":{"self":[{"href":"https:\/\/www.europesays.com\/cz\/wp-json\/wp\/v2\/posts\/104505","targetHints":{"allow":["GET"]}}],"collection":[{"href":"https:\/\/www.europesays.com\/cz\/wp-json\/wp\/v2\/posts"}],"about":[{"href":"https:\/\/www.europesays.com\/cz\/wp-json\/wp\/v2\/types\/post"}],"author":[{"embeddable":true,"href":"https:\/\/www.europesays.com\/cz\/wp-json\/wp\/v2\/users\/2"}],"replies":[{"embeddable":true,"href":"https:\/\/www.europesays.com\/cz\/wp-json\/wp\/v2\/comments?post=104505"}],"version-history":[{"count":0,"href":"https:\/\/www.europesays.com\/cz\/wp-json\/wp\/v2\/posts\/104505\/revisions"}],"wp:featuredmedia":[{"embeddable":true,"href":"https:\/\/www.europesays.com\/cz\/wp-json\/wp\/v2\/media\/104506"}],"wp:attachment":[{"href":"https:\/\/www.europesays.com\/cz\/wp-json\/wp\/v2\/media?parent=104505"}],"wp:term":[{"taxonomy":"category","embeddable":true,"href":"https:\/\/www.europesays.com\/cz\/wp-json\/wp\/v2\/categories?post=104505"},{"taxonomy":"post_tag","embeddable":true,"href":"https:\/\/www.europesays.com\/cz\/wp-json\/wp\/v2\/tags?post=104505"}],"curies":[{"name":"wp","href":"https:\/\/api.w.org\/{rel}","templated":true}]}}