{"id":104724,"date":"2026-06-02T09:14:13","date_gmt":"2026-06-02T09:14:13","guid":{"rendered":"https:\/\/www.europesays.com\/cz\/104724\/"},"modified":"2026-06-02T09:14:13","modified_gmt":"2026-06-02T09:14:13","slug":"pohadkove-saty-jako-odmena-pro-biatlonovou-kralovnu","status":"publish","type":"post","link":"https:\/\/www.europesays.com\/cz\/104724\/","title":{"rendered":"Poh\u00e1dkov\u00e9 \u0161aty jako odm\u011bna pro biatlonovou kr\u00e1lovnu"},"content":{"rendered":"<p class=\"b_bD\">Bronzov\u00e1 medailistka ze zimn\u00ed olympi\u00e1dy cel\u00fd pond\u011bln\u00ed galave\u010der v\u00a0N\u00e1rodn\u00edm dom\u011b na pra\u017esk\u00fdch Vinohradech brala jako n\u00e1dhernou te\u010dku za \u017eivotn\u00ed, t\u00e9m\u011b\u0159 poh\u00e1dkovou sezonou. \u201eJsem neskute\u010dn\u011b vd\u011b\u010dn\u00e1, jak se vyv\u00edjela, a\u00a0budu si nav\u017edy pamatovat nejen olympijsk\u00fd mas\u00e1k, ale i\u00a0dal\u0161\u00ed vyda\u0159en\u00e9 z\u00e1vody,\u201c usm\u00edvala se.<\/p>\n<p class=\"b_bD\">Pod dojmem toho m\u00e1 Voborn\u00edkov\u00e1 i\u00a0novou tr\u00e9ninkovou motivaci. \u201eB\u011bhem p\u0159ed\u00e1v\u00e1n\u00ed cen jsem si uv\u011bdomila, jak v\u0161echno stra\u0161n\u011b rychle uteklo, u\u017e m\u00e1me zase suchou p\u0159\u00edpravu na novou sezonu. N\u011bjak se mi te\u010f do v\u0161eho ale chod\u00ed s\u00a0v\u011bt\u0161\u00ed chut\u00ed, i\u00a0do t\u011bch t\u011b\u017ek\u00fdch a\u00a0nep\u0159\u00edjemn\u00fdch v\u011bc\u00ed, proto\u017ee u\u017e v\u00edm, \u017ee se to vypl\u00e1c\u00ed,\u201c p\u0159ibl\u00ed\u017eila.<\/p>\n<p><a data-dot=\"atm-link\" target=\"_self\" href=\"https:\/\/www.sport.cz\/clanek\/zimni-sporty-biatlon-o-triumfu-vobornikove-nebylo-pochyb-5473701\" class=\"b_V g_iJ\" rel=\"nofollow noopener\"><img fetchpriority=\"high\" height=\"2730\" width=\"3641\" src=\"https:\/\/www.europesays.com\/cz\/wp-content\/uploads\/2026\/06\/1780391652_232_vobornikova.jpeg\" loading=\"eager\" decoding=\"sync\" class=\"b_B b_z\"\/><\/a><\/p>\n<p class=\"b_bD\">S nads\u00e1zkou p\u0159ij\u00edm\u00e1 pozici kr\u00e1lovny biatlonu. \u201e\u017d\u00e1dn\u00e9 takov\u00e9 ozna\u010den\u00ed nepou\u017e\u00edv\u00e1m. Odm\u011bnila jsem se ale t\u011bmi poh\u00e1dkov\u00fdmi \u0161aty, co m\u00e1m na sob\u011b,\u201c \u0159\u00edkala Voborn\u00edkov\u00e1, jinak ale s\u00a0p\u0159\u00edtelem Mikul\u00e1\u0161em Karl\u00edkem slavila jen decentn\u011b. \u201eM\u011bla jsem nabit\u00fd tr\u00e9ninkov\u00fd den, tak\u017ee jsme si spolu za\u0161li alespo\u0148 na ve\u010de\u0159i,\u201c l\u00ed\u010dila.<\/p>\n<p class=\"b_bD\">Radost ji posledn\u00ed m\u011bs\u00edce d\u011blal nejen biatlon. \u201eTak\u00e9 z\u00a0pohledu osobn\u00edho \u017eivota jsem te\u010f hodn\u011b spokojen\u00e1,\u201c l\u00ed\u010dila se zamilovan\u00fdm pohledem na partnera a\u00a0prozradila i\u00a0nejbli\u017e\u0161\u00ed osud sv\u00e9 bronzov\u00e9 placky z\u00a0Anterselvy, kterou na \u010das sv\u011b\u0159\u00ed do p\u00e9\u010de rodn\u00e9ho m\u011bsta. \u201eOlympijskou medaili te\u010f budu p\u016fj\u010dovat do muzea v\u00a0Hostinn\u00e9m. Na p\u00e1r m\u011bs\u00edc\u016f se j\u00ed vzd\u00e1m,\u201c \u0159ekla.<\/p>\n<p><a data-dot=\"atm-link\" target=\"_self\" href=\"https:\/\/www.sport.cz\/clanek\/nazory-komentare-cesky-biatlon-je-sesty-na-svete-a-snad-mu-dorusta-nova-hvezda-5425598\" class=\"b_V g_iJ\" rel=\"nofollow noopener\"><img height=\"738\" width=\"985\" src=\"https:\/\/www.europesays.com\/cz\/wp-content\/uploads\/2026\/06\/tereza-vobornikova-biatlon-svetovy-pohar-glosa.jpeg\" loading=\"eager\" decoding=\"sync\" class=\"b_B b_z\"\/><\/a><\/p>\n","protected":false},"excerpt":{"rendered":"Bronzov\u00e1 medailistka ze zimn\u00ed olympi\u00e1dy cel\u00fd pond\u011bln\u00ed galave\u010der v\u00a0N\u00e1rodn\u00edm dom\u011b na pra\u017esk\u00fdch Vinohradech brala jako n\u00e1dhernou te\u010dku za&hellip;\n","protected":false},"author":2,"featured_media":104725,"comment_status":"","ping_status":"","sticky":false,"template":"","format":"standard","meta":{"footnotes":"","_share_on_mastodon":"0"},"categories":[15],"tags":[1109,94,93,3102],"class_list":["post-104724","post","type-post","status-publish","format-standard","has-post-thumbnail","category-sport","tag-biatlon","tag-sport","tag-sports","tag-tereza-vobornikova"],"share_on_mastodon":{"url":"https:\/\/pubeurope.com\/@cz\/116679754738513121","error":""},"_links":{"self":[{"href":"https:\/\/www.europesays.com\/cz\/wp-json\/wp\/v2\/posts\/104724","targetHints":{"allow":["GET"]}}],"collection":[{"href":"https:\/\/www.europesays.com\/cz\/wp-json\/wp\/v2\/posts"}],"about":[{"href":"https:\/\/www.europesays.com\/cz\/wp-json\/wp\/v2\/types\/post"}],"author":[{"embeddable":true,"href":"https:\/\/www.europesays.com\/cz\/wp-json\/wp\/v2\/users\/2"}],"replies":[{"embeddable":true,"href":"https:\/\/www.europesays.com\/cz\/wp-json\/wp\/v2\/comments?post=104724"}],"version-history":[{"count":0,"href":"https:\/\/www.europesays.com\/cz\/wp-json\/wp\/v2\/posts\/104724\/revisions"}],"wp:featuredmedia":[{"embeddable":true,"href":"https:\/\/www.europesays.com\/cz\/wp-json\/wp\/v2\/media\/104725"}],"wp:attachment":[{"href":"https:\/\/www.europesays.com\/cz\/wp-json\/wp\/v2\/media?parent=104724"}],"wp:term":[{"taxonomy":"category","embeddable":true,"href":"https:\/\/www.europesays.com\/cz\/wp-json\/wp\/v2\/categories?post=104724"},{"taxonomy":"post_tag","embeddable":true,"href":"https:\/\/www.europesays.com\/cz\/wp-json\/wp\/v2\/tags?post=104724"}],"curies":[{"name":"wp","href":"https:\/\/api.w.org\/{rel}","templated":true}]}}