{"id":104746,"date":"2026-06-02T09:28:14","date_gmt":"2026-06-02T09:28:14","guid":{"rendered":"https:\/\/www.europesays.com\/cz\/104746\/"},"modified":"2026-06-02T09:28:14","modified_gmt":"2026-06-02T09:28:14","slug":"vystrcil-obdrzel-od-tchajwanskeho-prezidenta-rad-priznivych-oblaku","status":"publish","type":"post","link":"https:\/\/www.europesays.com\/cz\/104746\/","title":{"rendered":"Vystr\u010dil obdr\u017eel od tchajwansk\u00e9ho prezidenta \u0158\u00e1d p\u0159\u00edzniv\u00fdch oblak\u016f"},"content":{"rendered":"<p class=\"c_bz\">\u201eJe mi ct\u00ed, \u017ee mohu ud\u011blit p\u0159edsedovi Sen\u00e1tu \u010cR Milo\u0161i Vystr\u010dilovi \u0158\u00e1d p\u0159\u00edzniv\u00fdch oblak\u016f se zvl\u00e1\u0161tn\u00ed velkou stuhou. Hluboce si v\u00e1\u017e\u00edme jeho neochv\u011bjn\u00e9 podpory Tchaj-wanu a\u00a0odv\u00e1\u017en\u00e9 obrany demokracie. Spole\u010dn\u011b budeme nad\u00e1le prohlubovat na\u0161e partnerstv\u00ed vych\u00e1zej\u00edc\u00ed ze sd\u00edlen\u00fdch hodnot,\u201c <a data-dot=\"atm-link\" target=\"_blank\" rel=\"noopener nofollow\" href=\"https:\/\/x.com\/ChingteLai\/status\/2061663510128685464\" class=\"c_N\">napsal na X Laj \u010cching-te<\/a>, zn\u00e1m\u00fd tak\u00e9 jako William Laj.<\/p>\n<p class=\"c_bz\">\u0158\u00e1d p\u0159\u00edzniv\u00fdch oblak\u016f je podle tchajwansk\u00e9 agentury CNA jedno z\u00a0nejvy\u0161\u0161\u00edch tchajwansk\u00fdch vyznamen\u00e1n\u00ed pro cizince. V\u00a0roce 2020\u00a0ho in memoriam obdr\u017eel tak\u00e9 Vystr\u010dil\u016fv p\u0159edch\u016fdce v\u00a0\u010dele horn\u00ed komory \u010desk\u00e9ho parlamentu Jaroslav Kubera, kter\u00fd ne\u010dekan\u011b zem\u0159el nedlouho p\u0159ed pl\u00e1novanou n\u00e1v\u0161t\u011bvou Tchaj-wanu. Tu pak uskute\u010dnil Vystr\u010dil, kter\u00fd tak\u00e9 p\u0159i slavnostn\u00edm ceremoni\u00e1lu p\u0159evzal vyznamen\u00e1n\u00ed pro Kuberu.<\/p>\n<p class=\"c_bz\">Vystr\u010dil ve sv\u00e9m d\u011bkovn\u00e9m projevu uvedl, \u017ee je hluboce poct\u011bn a\u00a0\u017ee ocen\u011bn\u00ed vn\u00edm\u00e1 jako uzn\u00e1n\u00ed \u010desk\u00e9ho Sen\u00e1tu jako celku. Dodal, \u017ee pot\u00e9, co byl v\u00a0roce 2024\u00a0drtivou v\u011bt\u0161inou znovu zvolen p\u0159edsedou horn\u00ed komory, mu jeho kolegov\u00e9 doporu\u010dili, aby Tchaj-wan znovu nav\u0161t\u00edvil.<\/p>\n<p><a data-dot=\"atm-link\" target=\"_self\" href=\"https:\/\/www.novinky.cz\/clanek\/domaci-sami-rozhodujeme-o-tom-s-kym-budeme-pratele-rekl-vystrcil-na-tchaj-wanu-40580904\" class=\"c_N\" rel=\"nofollow noopener\"><img fetchpriority=\"high\" height=\"2304\" width=\"4096\" src=\"https:\/\/www.europesays.com\/cz\/wp-content\/uploads\/2026\/04\/1776589508_245_4243.jpeg\" loading=\"eager\" decoding=\"sync\" class=\"c_t c_r\"\/><\/a><\/p>\n<p class=\"c_bz\">Laj p\u0159i p\u0159\u00edle\u017eitosti ud\u011blen\u00ed \u0159\u00e1du mimo jin\u00e9 uvedl, \u017ee Tchaj-wan a\u00a0\u010cesk\u00e1 republika v\u00a0posledn\u00edch letech prohlubuj\u00ed sv\u00e9 partnerstv\u00ed, a\u00a0to nejen v\u00a0oblasti ochrany sd\u00edlen\u00fdch demokratick\u00fdch hodnot, ale tak\u00e9 prost\u0159ednictv\u00edm spolupr\u00e1ce v\u00a0oblastech obchodu, technologi\u00ed, kultury a\u00a0vzd\u011bl\u00e1v\u00e1n\u00ed. P\u0159ipomn\u011bl tak\u00e9, \u017ee tchajwansk\u00e9 aerolinky China Airlines zah\u00e1jily v\u00a0roce 2023\u00a0p\u0159\u00edm\u00e9 lety mezi Tchaj-pej\u00ed a\u00a0Prahou. Dal\u0161\u00ed leteck\u00fd dopravce Starlux Airlines by m\u011bl v\u00a0srpnu zah\u00e1jit dal\u0161\u00ed p\u0159\u00edm\u00e9 spojen\u00ed na t\u00e9to trase, co\u017e podle Laje d\u00e1le pos\u00edl\u00ed mezilidsk\u00e9 a\u00a0obchodn\u00ed v\u00fdm\u011bny.<\/p>\n<p class=\"c_bz\">V odv\u011btv\u00ed polovodi\u010d\u016f ob\u011b strany zalo\u017eily spole\u010dn\u00e9 v\u00fdzkumn\u00e9 a\u00a0v\u00fdvojov\u00e9 centrum a\u00a0roz\u0161\u00ed\u0159ily \u00fasil\u00ed o\u00a0rozvoj talent\u016f, \u0159ekl Laj a\u00a0dodal, \u017ee \u010desk\u00e9 ambice st\u00e1t se \u201esupertov\u00e1rnou\u201c na um\u011blou inteligenci v\u00a0Evropsk\u00e9 unii p\u0159il\u00e1kaly aktivn\u00ed \u00fa\u010dast tchajwansk\u00fdch spole\u010dnost\u00ed.<\/p>\n<p class=\"c_bz\">Tchajwansk\u00fd prezident uvedl, \u017ee vzhledem k\u00a0tomu, \u017ee se autorit\u00e1\u0159stv\u00ed, kter\u00e9 v\u00a0minulosti za\u017eily Tchaj-wan i\u00a0\u010cesk\u00e1 republika, glob\u00e1ln\u011b nad\u00e1le roz\u0161i\u0159uje, mus\u00ed demokratick\u00e9 zem\u011b br\u00e1nit sv\u00e9 spole\u010dn\u00e9 hodnoty.<\/p>\n<p class=\"c_bz\">Tak\u00e9 Vystr\u010dil poznamenal, \u017ee v\u00a0dob\u011b, kdy jsou v\u00a0mezin\u00e1rodn\u00edm \u0159\u00e1du pod tlakem pr\u00e1vn\u00ed st\u00e1t a\u00a0svoboda, mus\u00ed zem\u011b pos\u00edlit svou odolnost a\u00a0spole\u010dn\u011b pracovat na obran\u011b demokracie a\u00a0svobody.<\/p>\n<p><a data-dot=\"atm-link\" target=\"_self\" href=\"https:\/\/www.novinky.cz\/clanek\/zahranicni-zavazne-zasahl-do-vnitrnich-zalezitosti-ciny-peking-nastvala-vystrcilova-navsteva-tchaj-wanu-40580788\" class=\"c_N\" rel=\"nofollow noopener\"><img height=\"1768\" width=\"3143\" src=\"https:\/\/www.europesays.com\/cz\/wp-content\/uploads\/2026\/06\/5375.jpeg\" loading=\"eager\" decoding=\"sync\" class=\"c_t c_r\"\/><\/a><\/p>\n<p class=\"c_bz\">V pond\u011bl\u00ed, na \u00favod sv\u00e9 \u010dty\u0159denn\u00ed n\u00e1v\u0161t\u011bvy Tchaj-wanu, \u010desk\u00fd politik prohl\u00e1sil, \u017ee \u010c\u00edna nem\u016f\u017ee \u010cesk\u00e9 republice \u0159\u00edkat, s\u00a0k\u00fdm se m\u00e1 p\u0159\u00e1telit. Reagoval tak na ned\u011bln\u00ed prohl\u00e1\u0161en\u00ed \u010d\u00ednsk\u00e9ho velvyslanectv\u00ed v\u00a0Praze, kter\u00e9 ho obvinilo z\u00a0vm\u011b\u0161ov\u00e1n\u00ed do vnit\u0159n\u00edch z\u00e1le\u017eitost\u00ed \u010c\u00edny a\u00a0naru\u0161en\u00ed jej\u00ed st\u00e1tn\u00ed svrchovanosti. Peking reaguje s\u00a0velkou nevol\u00ed na n\u00e1v\u0161t\u011bvy ofici\u00e1ln\u00edch p\u0159edstavitel\u016f ciz\u00edch zem\u00ed na Tchaj-wanu.<\/p>\n<p class=\"c_bz\">Vystr\u010dilovu cestu kritizoval tak\u00e9 \u010desk\u00fd premi\u00e9r Andrej Babi\u0161. Podle n\u011bj po\u0161kod\u00ed obchodn\u00ed vazby a\u00a0vztahy s\u00a0\u010c\u00ednou. P\u0159edseda Sen\u00e1tu v\u00a0noci na pond\u011bl\u00ed p\u0159ilet\u011bl na Tchaj-wan p\u0159\u00edmou komer\u010dn\u00ed linkou, proto\u017ee \u010desk\u00fd <a data-dot=\"atm-link\" target=\"_blank\" href=\"https:\/\/www.novinky.cz\/clanek\/domaci-tiskova-konference-predsedy-senatu-vystrcila-o-letu-na-tchaj-wan-40574619\" class=\"c_N\" rel=\"nofollow noopener\">kabinet mu odm\u00edtl poskytnout vl\u00e1dn\u00ed letoun<\/a>.<\/p>\n<p class=\"c_bz\">Vystr\u010dil v\u00a0pond\u011bl\u00ed v\u00a0Tchaj-peji prohl\u00e1sil, \u017ee \u010cesk\u00e1 republika se \u0159\u00edd\u00ed vlastn\u00ed politikou jedn\u00e9 \u010c\u00edny, nikoli \u010d\u00ednsk\u00fdm principem jedn\u00e9 \u010c\u00edny. Na v\u00fdm\u011bn\u00e1ch n\u00e1zor\u016f mezi \u010desk\u00fdm Sen\u00e1tem a\u00a0tchajwansk\u00fdm z\u00e1konod\u00e1rn\u00fdm sborem podle n\u011bj nen\u00ed nic \u0161patn\u00e9ho, proto\u017ee parlamentn\u00ed diplomacie je d\u016fle\u017eitou sou\u010d\u00e1st\u00ed zahrani\u010dn\u00ed politiky \u010cesk\u00e9 republiky.<\/p>\n<p class=\"c_bz\">\u010cesk\u00fd politik m\u00e1 v\u00a0\u00fater\u00fd na programu tak\u00e9 jedn\u00e1n\u00ed s\u00a0ministry zahrani\u010d\u00ed a\u00a0zdravotnictv\u00ed a\u00a0soci\u00e1ln\u00edch v\u011bc\u00ed \u010di zah\u00e1jen\u00ed veletrhu Innovex. <\/p>\n<p><a data-dot=\"atm-link\" target=\"_self\" href=\"https:\/\/www.novinky.cz\/clanek\/domaci-vystrcil-babis-je-pomstychtivy-a-zarli-na-uspech-spoluprace-s-tchaj-wanem-40575487\" class=\"c_N\" rel=\"nofollow noopener\"><img height=\"2304\" width=\"4096\" src=\"https:\/\/www.europesays.com\/cz\/wp-content\/uploads\/2026\/06\/f06e.jpeg\" loading=\"eager\" decoding=\"sync\" class=\"c_t c_r\"\/><\/a><\/p>\n","protected":false},"excerpt":{"rendered":"\u201eJe mi ct\u00ed, \u017ee mohu ud\u011blit p\u0159edsedovi Sen\u00e1tu \u010cR Milo\u0161i Vystr\u010dilovi \u0158\u00e1d p\u0159\u00edzniv\u00fdch oblak\u016f se zvl\u00e1\u0161tn\u00ed velkou stuhou.&hellip;\n","protected":false},"author":2,"featured_media":104747,"comment_status":"","ping_status":"","sticky":false,"template":"","format":"standard","meta":{"footnotes":"","_share_on_mastodon":"0"},"categories":[7],"tags":[43,42,41,40,23677,5529,5019,2952],"class_list":["post-104746","post","type-post","status-publish","format-standard","has-post-thumbnail","category-cesko","tag-ceska-republika","tag-cesko","tag-czech-republic","tag-czechia","tag-laj-cching-te","tag-milos-vystrcil","tag-tchaj-wan","tag-vyznamenani"],"share_on_mastodon":{"url":"https:\/\/pubeurope.com\/@cz\/116679809892393294","error":""},"_links":{"self":[{"href":"https:\/\/www.europesays.com\/cz\/wp-json\/wp\/v2\/posts\/104746","targetHints":{"allow":["GET"]}}],"collection":[{"href":"https:\/\/www.europesays.com\/cz\/wp-json\/wp\/v2\/posts"}],"about":[{"href":"https:\/\/www.europesays.com\/cz\/wp-json\/wp\/v2\/types\/post"}],"author":[{"embeddable":true,"href":"https:\/\/www.europesays.com\/cz\/wp-json\/wp\/v2\/users\/2"}],"replies":[{"embeddable":true,"href":"https:\/\/www.europesays.com\/cz\/wp-json\/wp\/v2\/comments?post=104746"}],"version-history":[{"count":0,"href":"https:\/\/www.europesays.com\/cz\/wp-json\/wp\/v2\/posts\/104746\/revisions"}],"wp:featuredmedia":[{"embeddable":true,"href":"https:\/\/www.europesays.com\/cz\/wp-json\/wp\/v2\/media\/104747"}],"wp:attachment":[{"href":"https:\/\/www.europesays.com\/cz\/wp-json\/wp\/v2\/media?parent=104746"}],"wp:term":[{"taxonomy":"category","embeddable":true,"href":"https:\/\/www.europesays.com\/cz\/wp-json\/wp\/v2\/categories?post=104746"},{"taxonomy":"post_tag","embeddable":true,"href":"https:\/\/www.europesays.com\/cz\/wp-json\/wp\/v2\/tags?post=104746"}],"curies":[{"name":"wp","href":"https:\/\/api.w.org\/{rel}","templated":true}]}}