{"id":105104,"date":"2026-06-02T14:35:18","date_gmt":"2026-06-02T14:35:18","guid":{"rendered":"https:\/\/www.europesays.com\/cz\/105104\/"},"modified":"2026-06-02T14:35:18","modified_gmt":"2026-06-02T14:35:18","slug":"nikol-leitgeb-sve-vystoupeni-u-krause-resila-az-na-terapiich-uplne-me-rozmetal-a-ja-to-nezvladla-rika","status":"publish","type":"post","link":"https:\/\/www.europesays.com\/cz\/105104\/","title":{"rendered":"Nikol Leitgeb sv\u00e9 vystoupen\u00ed u Krause \u0159e\u0161ila a\u017e na terapi\u00edch. \u00dapln\u011b m\u011b rozmetal a j\u00e1 to nezvl\u00e1dla, \u0159\u00edk\u00e1"},"content":{"rendered":"<p> <a href=\"https:\/\/www.readzone.cz\/nikol-leitgeb-sve-vystoupeni-u-krause-resila-az-na-terapiich-uplne-me-rozmetal-a-ja-to-nezvladla-rika\/0644-nikol-leitgeb\/\" border=\"0\" itemprop=\"url\" data-wpel-link=\"internal\" target=\"_self\" rel=\"follow noopener noreferrer nofollow\"> <img decoding=\"async\" class=\"\" data-attachment-id=\"40763\" data-orig-file=\"https:\/\/www.readzone.cz\/wp-content\/uploads\/2026\/06\/0644-nikol-leitgeb.jpg\" data-orig-size=\"1600,900\" data-comments-opened=\"\" data-image-meta=\"{&quot;aperture&quot;:&quot;0&quot;,&quot;credit&quot;:&quot;&quot;,&quot;camera&quot;:&quot;&quot;,&quot;caption&quot;:&quot;&quot;,&quot;created_timestamp&quot;:&quot;0&quot;,&quot;copyright&quot;:&quot;&quot;,&quot;focal_length&quot;:&quot;0&quot;,&quot;iso&quot;:&quot;0&quot;,&quot;shutter_speed&quot;:&quot;0&quot;,&quot;title&quot;:&quot;&quot;,&quot;orientation&quot;:&quot;0&quot;,&quot;alt&quot;:&quot;&quot;}\" data-image-title=\"0644-nikol-leitgeb\" data-image-description=\"\" data-medium-file=\"https:\/\/www.readzone.cz\/wp-content\/uploads\/2026\/06\/0644-nikol-leitgeb-300x169.jpg\" data-large-file=\"https:\/\/www.readzone.cz\/wp-content\/uploads\/2026\/06\/0644-nikol-leitgeb-1024x576.jpg\" src=\"https:\/\/www.europesays.com\/cz\/wp-content\/uploads\/2026\/06\/0644-nikol-leitgeb.jpg\" width=\"135\" height=\"135\" loading=\"lazy\" data-original-width=\"135\" data-original-height=\"135\" itemprop=\"http:\/\/schema.org\/image\" title=\"0644-nikol-leitgeb\" alt=\"Portrait of a smiling blonde woman wearing a beige blazer and gold earrings, against a green patterned backdrop.\" style=\"width: 135px; height: 135px;\"\/> <\/a><\/p>\n<p> Nikol Leitgeb, FOTO: NextFoto.cz<\/p>\n<p> <a href=\"https:\/\/www.readzone.cz\/nikol-leitgeb-sve-vystoupeni-u-krause-resila-az-na-terapiich-uplne-me-rozmetal-a-ja-to-nezvladla-rika\/0644-nikol-stibrova-leitgeb-petr-leitgeb\/\" border=\"0\" itemprop=\"url\" data-wpel-link=\"internal\" target=\"_self\" rel=\"follow noopener noreferrer nofollow\"> <img decoding=\"async\" class=\"\" data-attachment-id=\"40764\" data-orig-file=\"https:\/\/www.readzone.cz\/wp-content\/uploads\/2026\/06\/0644-nikol-stibrova-leitgeb-petr-leitgeb.jpg\" data-orig-size=\"800,1152\" data-comments-opened=\"\" data-image-meta=\"{&quot;aperture&quot;:&quot;0&quot;,&quot;credit&quot;:&quot;&quot;,&quot;camera&quot;:&quot;&quot;,&quot;caption&quot;:&quot;&quot;,&quot;created_timestamp&quot;:&quot;0&quot;,&quot;copyright&quot;:&quot;&quot;,&quot;focal_length&quot;:&quot;0&quot;,&quot;iso&quot;:&quot;0&quot;,&quot;shutter_speed&quot;:&quot;0&quot;,&quot;title&quot;:&quot;&quot;,&quot;orientation&quot;:&quot;0&quot;,&quot;alt&quot;:&quot;&quot;}\" data-image-title=\"0644-nikol-stibrova-leitgeb-petr-leitgeb\" data-image-description=\"\" data-medium-file=\"https:\/\/www.readzone.cz\/wp-content\/uploads\/2026\/06\/0644-nikol-stibrova-leitgeb-petr-leitgeb-208x300.jpg\" data-large-file=\"https:\/\/www.readzone.cz\/wp-content\/uploads\/2026\/06\/0644-nikol-stibrova-leitgeb-petr-leitgeb-711x1024.jpg\" src=\"https:\/\/www.europesays.com\/cz\/wp-content\/uploads\/2026\/06\/0644-nikol-stibrova-leitgeb-petr-leitgeb.jpg\" width=\"135\" height=\"135\" loading=\"lazy\" data-original-width=\"135\" data-original-height=\"135\" itemprop=\"http:\/\/schema.org\/image\" title=\"0644-nikol-stibrova-leitgeb-petr-leitgeb\" alt=\"A smiling couple holds hands at a fashion-forward event: woman in a beige suit with an orange clutch, man in a dark cardigan and white tee, standing in front of green patterned curtains.\" style=\"width: 135px; height: 135px;\"\/> <\/a><\/p>\n<p> Nikol Leitgeb a Petr Leitgeb, FOTO: NextFoto.cz<\/p>\n<p> <a href=\"https:\/\/www.readzone.cz\/nikol-leitgeb-sve-vystoupeni-u-krause-resila-az-na-terapiich-uplne-me-rozmetal-a-ja-to-nezvladla-rika\/pojistovna1\/\" border=\"0\" itemprop=\"url\" data-wpel-link=\"internal\" target=\"_self\" rel=\"follow noopener noreferrer nofollow\"> <img decoding=\"async\" class=\"\" data-attachment-id=\"40765\" data-orig-file=\"https:\/\/www.readzone.cz\/wp-content\/uploads\/2026\/06\/pojistovna1.jpg\" data-orig-size=\"1000,703\" data-comments-opened=\"\" data-image-meta=\"{&quot;aperture&quot;:&quot;0&quot;,&quot;credit&quot;:&quot;&quot;,&quot;camera&quot;:&quot;&quot;,&quot;caption&quot;:&quot;&quot;,&quot;created_timestamp&quot;:&quot;0&quot;,&quot;copyright&quot;:&quot;&quot;,&quot;focal_length&quot;:&quot;0&quot;,&quot;iso&quot;:&quot;0&quot;,&quot;shutter_speed&quot;:&quot;0&quot;,&quot;title&quot;:&quot;&quot;,&quot;orientation&quot;:&quot;0&quot;,&quot;alt&quot;:&quot;&quot;}\" data-image-title=\"pojistovna1\" data-image-description=\"\" data-medium-file=\"https:\/\/www.readzone.cz\/wp-content\/uploads\/2026\/06\/pojistovna1-300x211.jpg\" data-large-file=\"https:\/\/www.readzone.cz\/wp-content\/uploads\/2026\/06\/pojistovna1.jpg\" src=\"https:\/\/www.europesays.com\/cz\/wp-content\/uploads\/2026\/06\/pojistovna1.jpg\" width=\"135\" height=\"135\" loading=\"lazy\" data-original-width=\"135\" data-original-height=\"135\" itemprop=\"http:\/\/schema.org\/image\" title=\"pojistovna1\" alt=\"Portrait of a young blonde woman wearing a pink hoodie, looking at the camera with a neutral expression.\" style=\"width: 135px; height: 135px;\"\/> <\/a><\/p>\n<p> Nikol Leitgeb v seri\u00e1lu Poji\u0161\u0165ovna \u0161t\u011bst\u00ed, FOTO: distr. TV Nova<\/p>\n<p> <a href=\"https:\/\/www.readzone.cz\/nikol-leitgeb-sve-vystoupeni-u-krause-resila-az-na-terapiich-uplne-me-rozmetal-a-ja-to-nezvladla-rika\/pojistovna2\/\" border=\"0\" itemprop=\"url\" data-wpel-link=\"internal\" target=\"_self\" rel=\"follow noopener noreferrer nofollow\"> <img decoding=\"async\" class=\"\" data-attachment-id=\"40766\" data-orig-file=\"https:\/\/www.readzone.cz\/wp-content\/uploads\/2026\/06\/pojistovna2.jpg\" data-orig-size=\"1000,703\" data-comments-opened=\"\" data-image-meta=\"{&quot;aperture&quot;:&quot;0&quot;,&quot;credit&quot;:&quot;&quot;,&quot;camera&quot;:&quot;&quot;,&quot;caption&quot;:&quot;&quot;,&quot;created_timestamp&quot;:&quot;0&quot;,&quot;copyright&quot;:&quot;&quot;,&quot;focal_length&quot;:&quot;0&quot;,&quot;iso&quot;:&quot;0&quot;,&quot;shutter_speed&quot;:&quot;0&quot;,&quot;title&quot;:&quot;&quot;,&quot;orientation&quot;:&quot;0&quot;,&quot;alt&quot;:&quot;&quot;}\" data-image-title=\"pojistovna2\" data-image-description=\"\" data-medium-file=\"https:\/\/www.readzone.cz\/wp-content\/uploads\/2026\/06\/pojistovna2-300x211.jpg\" data-large-file=\"https:\/\/www.readzone.cz\/wp-content\/uploads\/2026\/06\/pojistovna2.jpg\" src=\"https:\/\/www.europesays.com\/cz\/wp-content\/uploads\/2026\/06\/pojistovna2.jpg\" width=\"135\" height=\"135\" loading=\"lazy\" data-original-width=\"135\" data-original-height=\"135\" itemprop=\"http:\/\/schema.org\/image\" title=\"pojistovna2\" alt=\"Smiling blonde woman wearing a dark top, looking at the camera; pin badge visible on chest\" style=\"width: 135px; height: 135px;\"\/> <\/a><\/p>\n<p> Nikol Leitgeb v seri\u00e1lu Poji\u0161\u0165ovna \u0161t\u011bst\u00ed, FOTO: distr. TV Nova<\/p>\n<p> <a href=\"https:\/\/www.readzone.cz\/nikol-leitgeb-sve-vystoupeni-u-krause-resila-az-na-terapiich-uplne-me-rozmetal-a-ja-to-nezvladla-rika\/0644-nikol-stibrova-leitgeb-petr-leitgeba\/\" border=\"0\" itemprop=\"url\" data-wpel-link=\"internal\" target=\"_self\" rel=\"follow noopener noreferrer nofollow\"> <img decoding=\"async\" class=\"\" data-attachment-id=\"40767\" data-orig-file=\"https:\/\/www.readzone.cz\/wp-content\/uploads\/2026\/06\/0644-nikol-stibrova-leitgeb-petr-leitgeba.jpg\" data-orig-size=\"1600,900\" data-comments-opened=\"\" data-image-meta=\"{&quot;aperture&quot;:&quot;0&quot;,&quot;credit&quot;:&quot;&quot;,&quot;camera&quot;:&quot;&quot;,&quot;caption&quot;:&quot;&quot;,&quot;created_timestamp&quot;:&quot;0&quot;,&quot;copyright&quot;:&quot;&quot;,&quot;focal_length&quot;:&quot;0&quot;,&quot;iso&quot;:&quot;0&quot;,&quot;shutter_speed&quot;:&quot;0&quot;,&quot;title&quot;:&quot;&quot;,&quot;orientation&quot;:&quot;0&quot;,&quot;alt&quot;:&quot;&quot;}\" data-image-title=\"0644-nikol-stibrova-leitgeb-petr-leitgeba\" data-image-description=\"\" data-medium-file=\"https:\/\/www.readzone.cz\/wp-content\/uploads\/2026\/06\/0644-nikol-stibrova-leitgeb-petr-leitgeba-300x169.jpg\" data-large-file=\"https:\/\/www.readzone.cz\/wp-content\/uploads\/2026\/06\/0644-nikol-stibrova-leitgeb-petr-leitgeba-1024x576.jpg\" src=\"https:\/\/www.europesays.com\/cz\/wp-content\/uploads\/2026\/06\/0644-nikol-stibrova-leitgeb-petr-leitgeba.jpg\" width=\"135\" height=\"135\" loading=\"lazy\" data-original-width=\"135\" data-original-height=\"135\" itemprop=\"http:\/\/schema.org\/image\" title=\"0644-nikol-stibrova-leitgeb-petr-leitgeba\" alt=\"Two smiling adults posing together indoors in front of teal patterned curtains.\" style=\"width: 135px; height: 135px;\"\/> <\/a><\/p>\n<p> Nikol Leitgeb a Petr Leitgeb, FOTO: NextFoto.cz<\/p>\n<p>Influencerka Nikol Leitgeb se po letech vr\u00e1tila k momentu ze sv\u00e9 minulosti, kter\u00fd na dlouh\u00e9 roky ovlivnil jej\u00ed ve\u0159ejn\u00e9 vystupov\u00e1n\u00ed. Jako dvacetilet\u00e1 studentka za\u017eila v po\u0159adu Uvoln\u011bte se, pros\u00edm nep\u0159\u00edjemnou situaci, kterou j\u00ed pomohla uzav\u0159\u00edt a\u017e n\u00e1v\u0161t\u011bva terapeuta.<\/p>\n<p>Tlak na vzhled trv\u00e1 od puberty<\/p>\n<p>Sleduj\u00edc\u00ed se Leitgeb na Instagramu ptali na jej\u00ed n\u00e1zor ohledn\u011b videa, kde stylista Filip Van\u011bk s Gabrielou Wolfovou kritizovali oble\u010den\u00ed mlad\u00e9 saxofonistky. \u201eTohle je to, co j\u00e1 za\u017e\u00edv\u00e1m od m\u00fdch patn\u00e1cti let,\u201c sv\u011b\u0159ila se Leitgeb ve sv\u00fdch stories s t\u00edm, \u017ee podobn\u00e9 chov\u00e1n\u00ed vn\u00edm\u00e1 jako smutnou normu.<\/p>\n<p>Brzy oslav\u00ed \u010dty\u0159ic\u00e1t\u00e9 narozeniny a podle sv\u00fdch slov u\u017e nem\u00e1 zapot\u0159eb\u00ed podobn\u00fdm situac\u00edm \u010delit. Vzpom\u00edn\u00e1 na obdob\u00ed po dvac\u00e1t\u00e9m roce \u017eivota, kdy p\u0159ibrala a m\u00e9dia jej\u00ed vzhled nevyb\u00edrav\u011b komentovala. Zra\u0148uj\u00edc\u00ed ot\u00e1zky novin\u00e1\u0159\u016f na tehdej\u0161\u00ed postavu v n\u00ed zanechaly hlubok\u00e9 stopy.<\/p>\n<p>\u201eTo byly n\u011bkdy hrozn\u00fd v\u011bci, pamatuju si, \u017ee jsem n\u011bkdy po m\u00fdch dvaceti letech p\u0159ibrala, a to se psalo \u201aCo se to s teb ou stalo Nikol \u0160t\u00edbrov\u00e1?\u2019. A to bylo t\u011b\u017ek\u00fd a samoz\u0159ejm\u011b si to dote\u010f \u0159e\u0161\u00edm na terapi\u00edch,\u201d popsala emotivn\u011b.<\/p>\n<p>Selh\u00e1n\u00ed v televizn\u00edm studiu<\/p>\n<p>Nejv\u011bt\u0161\u00ed trauma si v\u0161ak odnesla z vystoupen\u00ed v po\u0159adu Uvoln\u011bte se, pros\u00edm na \u010cT. \u201eJ\u00e1 stra\u0161n\u011b nerada chod\u00edm do rozhvoor\u016f nebo do podcast\u016f, j\u00e1 to nem\u00e1m r\u00e1da a stra\u0161n\u011b dlouho jsem \u0159e\u0161ila pro\u010d. A to jsme taky na terapii kone\u010dn\u011b roz\u0159e\u0161ili, kde se to ve mn\u011b vzalo,\u201d prozradila.<\/p>\n<p>\u201eV m\u00fdch dvaceti letech jsme byla u toho Honzy Krause v Uvoln\u011bte se, pros\u00edm a tenkr\u00e1t to hrozn\u011b fr\u010delo, to m\u011blo stra\u0161nou sledovanost. A on m\u011b tam tenkr\u00e1t stra\u0161n\u011b rozmetal,\u201d pod\u011blila se o sv\u00e9 pocity. Moder\u00e1tor Jan Kraus se tehdy zam\u011b\u0159il na jej\u00ed studium mezin\u00e1rodn\u00edch vztah\u016f a cht\u011bl po n\u00ed sly\u0161et znalosti z politologie. Leitgeb pod palbou ot\u00e1zek nedok\u00e1zala odpov\u011bd\u011bt a marn\u011b hledala slova.<\/p>\n<p>Ve studiu zavl\u00e1dla t\u00ed\u017eiv\u00e1 nervozita a cel\u00e1 situace skon\u010dila televizn\u00edm fiaskem. Kraus vytrvale nal\u00e9hal a zaj\u00edmal se o v\u00fd\u0161i \u0161koln\u00e9ho na jej\u00ed soukrom\u00e9 vysok\u00e9 \u0161kole. Z rozhovoru vyzn\u011bla jako studentka, kter\u00e1 si sv\u016fj vysoko\u0161kolsk\u00fd titul pouze kupuje. S odstupem \u010dasu p\u0159izn\u00e1v\u00e1, \u017ee dnes by moder\u00e1tora odp\u00e1lkovala nebo situaci dok\u00e1zala odleh\u010dit, tehdy ji ale tr\u00e9ma zcela paralyzovala.<\/p>\n<p>Odm\u00edt\u00e1n\u00ed podcast\u016f a hled\u00e1n\u00ed p\u0159\u00ed\u010diny<\/p>\n<p>Tento ve\u0159ejn\u00fd v\u00fdstup na n\u00ed zanechal dlouhodob\u00e9 n\u00e1sledky. Leitgeb od t\u00e9 doby c\u00edt\u00ed siln\u00fd odpor k pozv\u00e1n\u00edm do medi\u00e1ln\u00edho prostoru. \u201eJ\u00e1 jsem najednou byla \u00fapln\u00e1 blbka pro v\u0161echny, ale i sama pro sebe,\u201c popsala sv\u00e9 tehdej\u0161\u00ed pocity. Dlouh\u00e9 roky nech\u00e1pala, pro\u010d v n\u00ed p\u0159edstava \u00fa\u010dasti v talk show vyvol\u00e1v\u00e1 takovou paniku. P\u016fvod sv\u00fdch \u00fazkost\u00ed rozkl\u00ed\u010dovala a\u017e d\u00edky odborn\u00e9 pomoci.<\/p>\n<p>\u201eTen rozhovor byl tot\u00e1ln\u00ed fiasko a stra\u0161n\u011b dlouho se to \u0159e\u0161ilo. A ve mn\u011b to z\u016fstalo,\u201d uzav\u0159ela.<\/p>\n<p>Rozhovor je dodnes dostupn\u00fd na <a href=\"https:\/\/www.youtube.com\/watch?v=wJ3xCeOXCPA\" target=\"_blank\" rel=\"noopener noreferrer follow external nofollow\" data-wpel-link=\"external\">YouTube<\/a>.<\/p>\n<p>Otev\u0159en\u00fd vzkaz o p\u0159ijet\u00ed t\u011bla<\/p>\n<p>Dnes se Leitgeb sna\u017e\u00ed podporovat ostatn\u00ed \u017eeny v sebel\u00e1sce a bojuje proti nere\u00e1ln\u00fdm ide\u00e1l\u016fm kr\u00e1sy. Ned\u00e1vno zve\u0159ejnila video v plavk\u00e1ch bez jak\u00fdchkoliv retu\u0161\u00ed a uk\u00e1zala svou skute\u010dnou figuru. Sama p\u0159izn\u00e1v\u00e1 ob\u010dasn\u00e9 podl\u00e9h\u00e1n\u00ed tlaku okol\u00ed a p\u0159em\u00fd\u0161l\u00ed o bl\u00ed\u017e\u00edc\u00ed se \u010dty\u0159ic\u00edtce. Tou\u017e\u00ed st\u00e1rnout s gr\u00e1ci\u00ed a ob\u010das zpanika\u0159\u00ed z informac\u00ed o perimenopauze nebo hladin\u011b kortizolu. Sv\u00e9 sleduj\u00edc\u00ed ale vyz\u00fdv\u00e1, aby na sebe p\u0159estaly b\u00fdt p\u0159\u00edsn\u00e9. Chu\u0165 k j\u00eddlu pova\u017euje za znak zdrav\u00ed a \u017eeny si podle n\u00ed nezaslou\u017e\u00ed \u017e\u00edt v neust\u00e1l\u00e9m stresu z vlastn\u00edho vzhledu.<\/p>\n<p>Zdroj informac\u00ed: autorsk\u00e9 zpracov\u00e1n\u00ed redakce <a href=\"https:\/\/www.readzone.cz\/kontakty\/\" target=\"_blank\" rel=\"noopener noreferrer follow nofollow\" data-wpel-link=\"internal\">Readzone.cz<\/a> na z\u00e1klad\u011b ve\u0159ejn\u011b dostupn\u00fdch informac\u00ed z m\u00e9di\u00ed (<a href=\"https:\/\/www.instagram.com\/stibrovicnikolka\/?hl=cs\" target=\"_blank\" rel=\"noopener follow external noreferrer nofollow\" data-wpel-link=\"external\">instagram<\/a>, <a href=\"https:\/\/www.youtube.com\/watch?v=wJ3xCeOXCPA\" target=\"_blank\" rel=\"noopener follow external noreferrer nofollow\" data-wpel-link=\"external\">youtube<\/a>).<script async src=\"\/\/www.instagram.com\/embed.js\"><\/script><\/p>\n","protected":false},"excerpt":{"rendered":"Nikol Leitgeb, FOTO: NextFoto.cz Nikol Leitgeb a Petr Leitgeb, FOTO: NextFoto.cz Nikol Leitgeb v seri\u00e1lu Poji\u0161\u0165ovna \u0161t\u011bst\u00ed, FOTO:&hellip;\n","protected":false},"author":2,"featured_media":105105,"comment_status":"","ping_status":"","sticky":false,"template":"","format":"standard","meta":{"footnotes":"","_share_on_mastodon":"0"},"categories":[14],"tags":[79,22666,2431,3294,11485,1819,28503,11171,3298,8108,11099,30807,14446,80,30808],"class_list":["post-105104","post","type-post","status-publish","format-standard","has-post-thumbnail","category-zabava","tag-entertainment","tag-herci-a-herecky","tag-influenceri","tag-jan-kraus","tag-nikol-leitgeb","tag-rozhovory","tag-sebevedomi","tag-site","tag-talk-show","tag-terapie","tag-trauma","tag-uvolnete-se-prosim","tag-vzhled","tag-zabava","tag-ze-socialnich-siti"],"share_on_mastodon":{"url":"https:\/\/pubeurope.com\/@cz\/116681020862981021","error":""},"_links":{"self":[{"href":"https:\/\/www.europesays.com\/cz\/wp-json\/wp\/v2\/posts\/105104","targetHints":{"allow":["GET"]}}],"collection":[{"href":"https:\/\/www.europesays.com\/cz\/wp-json\/wp\/v2\/posts"}],"about":[{"href":"https:\/\/www.europesays.com\/cz\/wp-json\/wp\/v2\/types\/post"}],"author":[{"embeddable":true,"href":"https:\/\/www.europesays.com\/cz\/wp-json\/wp\/v2\/users\/2"}],"replies":[{"embeddable":true,"href":"https:\/\/www.europesays.com\/cz\/wp-json\/wp\/v2\/comments?post=105104"}],"version-history":[{"count":0,"href":"https:\/\/www.europesays.com\/cz\/wp-json\/wp\/v2\/posts\/105104\/revisions"}],"wp:featuredmedia":[{"embeddable":true,"href":"https:\/\/www.europesays.com\/cz\/wp-json\/wp\/v2\/media\/105105"}],"wp:attachment":[{"href":"https:\/\/www.europesays.com\/cz\/wp-json\/wp\/v2\/media?parent=105104"}],"wp:term":[{"taxonomy":"category","embeddable":true,"href":"https:\/\/www.europesays.com\/cz\/wp-json\/wp\/v2\/categories?post=105104"},{"taxonomy":"post_tag","embeddable":true,"href":"https:\/\/www.europesays.com\/cz\/wp-json\/wp\/v2\/tags?post=105104"}],"curies":[{"name":"wp","href":"https:\/\/api.w.org\/{rel}","templated":true}]}}