{"id":105934,"date":"2026-06-03T10:30:16","date_gmt":"2026-06-03T10:30:16","guid":{"rendered":"https:\/\/www.europesays.com\/cz\/105934\/"},"modified":"2026-06-03T10:30:16","modified_gmt":"2026-06-03T10:30:16","slug":"orban-osobne-naridil-zasah-proti-ukrajinskemu-zlatemu-konvoji-tvrdi-magyar","status":"publish","type":"post","link":"https:\/\/www.europesays.com\/cz\/105934\/","title":{"rendered":"Orb\u00e1n osobn\u011b na\u0159\u00eddil z\u00e1sah proti ukrajinsk\u00e9mu \u201ezlat\u00e9mu konvoji\u201c, tvrd\u00ed Magyar"},"content":{"rendered":"<p class=\"c_bz\">Z\u00e1stupci ukrajinsk\u00e9 st\u00e1tn\u00ed O\u0161\u010dadbank p\u0159ev\u00e1\u017eeli z\u00a0V\u00eddn\u011b na Ukrajinu p\u0159es \u00fazem\u00ed Ma\u010farska hotovost v\u00a0hodnot\u011b 1,7\u00a0miliardy korun v\u00a0dolarech a\u00a0eurech a\u00a0dev\u011bt zlat\u00fdch cihel. Na \u00fazem\u00ed Ma\u010farska byli 5.\u00a0b\u0159ezna 2026\u00a0zadr\u017eeni protiteroristickou jednotkou TEK a\u00a0vz\u00e1p\u011bt\u00ed vyho\u0161t\u011bni ze zem\u011b.<\/p>\n<p class=\"c_bz\">Sou\u010dasn\u00fd premi\u00e9r Magyar ve st\u0159edu na <a data-dot=\"atm-link\" target=\"_blank\" rel=\"noopener nofollow\" href=\"https:\/\/www.facebook.com\/peter.magyar.102\" class=\"c_N\">Facebooku<\/a> zve\u0159ejnil status, v\u00a0n\u011bm\u017e obvinil Orb\u00e1na, \u017ee osobn\u011b \u0159\u00eddil pr\u00e1ci bezpe\u010dnostn\u00edch jednotek. \u201eMohl rozhodovat o\u00a0razi\u00edch nebo dokonce o\u00a0zdr\u017een\u00ed \u0159\u00edzen\u00ed. Mus\u00ed za to p\u0159ijmout zodpov\u011bdnost,\u201c uvedl Magyar.<\/p>\n<p class=\"c_bz\">Orb\u00e1nova strana Fidesz ale ozna\u010dila tvrzen\u00ed premi\u00e9ra za nepravdiv\u00e1. \u201eP\u00e9ter Magyar l\u017ee. Ka\u017ed\u00fd \u010dlen Orb\u00e1novy vl\u00e1dy v\u017edy z\u016fstal v\u011brn\u00fd sv\u00e9 p\u0159\u00edsaze a\u00a0dodr\u017eoval z\u00e1kony,\u201c uvedla strana ve sv\u00e9m prohl\u00e1\u0161en\u00ed.<\/p>\n<p><a data-dot=\"atm-link\" target=\"_self\" href=\"https:\/\/www.novinky.cz\/clanek\/zahranicni-evropa-madarsko-zrusilo-vyhosteni-a-zakaz-vstupu-pro-ukrajince-kteri-prevazeli-zlate-cihly-40578718\" class=\"c_N\" rel=\"nofollow noopener\"><img fetchpriority=\"high\" height=\"1080\" width=\"1920\" src=\"https:\/\/www.europesays.com\/cz\/wp-content\/uploads\/2026\/06\/madarsko-ukrajina-zadrzeni-banka-penize.jpeg\" loading=\"eager\" decoding=\"sync\" class=\"c_t c_r\"\/><\/a><\/p>\n<p class=\"c_bz\">Ukrajinsk\u00e1 banka v\u00fd\u0161e zm\u00edn\u011bn\u00fdm zp\u016fsobem opakovan\u011b p\u0159ev\u00e1\u017eela hotovost a\u00a0zlato p\u0159es \u00fazem\u00ed Ma\u010farska. Orb\u00e1n po lednov\u00e9m zastaven\u00ed dod\u00e1vek ropy p\u0159es ropovod Dru\u017eba nabyl p\u0159esv\u011bd\u010den\u00ed, \u017ee Kyjev nedod\u00e1v\u00e1 Ma\u010farsku ropu schv\u00e1ln\u011b, aby ovlivnil v\u00fdsledky ma\u010farsk\u00fdch dubnov\u00fdch parlamentn\u00edch voleb, a\u00a0za\u010d\u00e1tkem b\u0159ezna rozhodl o\u00a0zadr\u017een\u00ed ukrajinsk\u00e9ho konvoje. K\u00a0zastaven\u00ed dod\u00e1vek ropy p\u0159itom do\u0161lo v\u00a0d\u016fsledku rusk\u00e9ho \u00fatoku na ropovod Dru\u017eba.<\/p>\n<p class=\"c_bz\">Web <a data-dot=\"atm-link\" target=\"_blank\" rel=\"noopener nofollow\" href=\"https:\/\/telex.hu\/belfold\/2026\/06\/03\/aranykonvoj-ukrajna-nav-titkosszolgalat-orban-kormany-tek\" class=\"c_N\">telex.hu<\/a> v\u00a0t\u00e9to souvislosti uvedl, \u017ee p\u0159\u00edslu\u0161n\u00edci TEK zastavili dv\u011b ukrajinsk\u00e9 dod\u00e1vky, zabavili hotovost i\u00a0zlato a\u00a0ukrajinsk\u00fd doprovod zadr\u017eeli. Sedm Ukrajinc\u016f bylo pot\u00e9 vyho\u0161t\u011bno ze zem\u011b, ale pen\u00edze a\u00a0zlato byly vr\u00e1ceny Ukrajin\u011b a\u017e za\u010d\u00e1tkem kv\u011btna po ma\u010farsk\u00fdch parlamentn\u00edch volb\u00e1ch, v\u00a0nich\u017e drtiv\u011b zv\u00edt\u011bzila Magyarova strana Tisza.<\/p>\n<p class=\"c_bz\">Ma\u010farsk\u00fd N\u00e1rodn\u00ed imigra\u010dn\u00ed \u00fa\u0159ad v\u00a0kv\u011btnu rovn\u011b\u017e zru\u0161il rozhodnut\u00ed o\u00a0vyho\u0161t\u011bn\u00ed a\u00a0t\u0159\u00edlet\u00e9m z\u00e1kazu vstupu pro sedm ob\u010dan\u016f Ukrajiny.<\/p>\n<p><a data-dot=\"atm-link\" target=\"_self\" href=\"https:\/\/www.novinky.cz\/clanek\/zahranicni-evropa-po-padu-orbana-se-ukrajina-a-madarsko-sblizuji-kyjev-i-budapest-avizuji-dvoustranna-jednani-40578629\" class=\"c_N\" rel=\"nofollow noopener\"><img height=\"2304\" width=\"4096\" src=\"https:\/\/www.europesays.com\/cz\/wp-content\/uploads\/2026\/06\/1780482616_346_d2a5.jpeg\" loading=\"eager\" decoding=\"sync\" class=\"c_t c_r\"\/><\/a><\/p>\n","protected":false},"excerpt":{"rendered":"Z\u00e1stupci ukrajinsk\u00e9 st\u00e1tn\u00ed O\u0161\u010dadbank p\u0159ev\u00e1\u017eeli z\u00a0V\u00eddn\u011b na Ukrajinu p\u0159es \u00fazem\u00ed Ma\u010farska hotovost v\u00a0hodnot\u011b 1,7\u00a0miliardy korun v\u00a0dolarech a\u00a0eurech a\u00a0dev\u011bt&hellip;\n","protected":false},"author":2,"featured_media":105935,"comment_status":"","ping_status":"","sticky":false,"template":"","format":"standard","meta":{"footnotes":"","_share_on_mastodon":"0"},"categories":[3],"tags":[109,108,106,22134,796,110,799],"class_list":["post-105934","post","type-post","status-publish","format-standard","has-post-thumbnail","category-evropa","tag-europa","tag-europe","tag-evropa","tag-konvoj","tag-madarsko","tag-ukrajina","tag-viktor-orban"],"share_on_mastodon":{"url":"https:\/\/pubeurope.com\/@cz\/116685716208581882","error":""},"_links":{"self":[{"href":"https:\/\/www.europesays.com\/cz\/wp-json\/wp\/v2\/posts\/105934","targetHints":{"allow":["GET"]}}],"collection":[{"href":"https:\/\/www.europesays.com\/cz\/wp-json\/wp\/v2\/posts"}],"about":[{"href":"https:\/\/www.europesays.com\/cz\/wp-json\/wp\/v2\/types\/post"}],"author":[{"embeddable":true,"href":"https:\/\/www.europesays.com\/cz\/wp-json\/wp\/v2\/users\/2"}],"replies":[{"embeddable":true,"href":"https:\/\/www.europesays.com\/cz\/wp-json\/wp\/v2\/comments?post=105934"}],"version-history":[{"count":0,"href":"https:\/\/www.europesays.com\/cz\/wp-json\/wp\/v2\/posts\/105934\/revisions"}],"wp:featuredmedia":[{"embeddable":true,"href":"https:\/\/www.europesays.com\/cz\/wp-json\/wp\/v2\/media\/105935"}],"wp:attachment":[{"href":"https:\/\/www.europesays.com\/cz\/wp-json\/wp\/v2\/media?parent=105934"}],"wp:term":[{"taxonomy":"category","embeddable":true,"href":"https:\/\/www.europesays.com\/cz\/wp-json\/wp\/v2\/categories?post=105934"},{"taxonomy":"post_tag","embeddable":true,"href":"https:\/\/www.europesays.com\/cz\/wp-json\/wp\/v2\/tags?post=105934"}],"curies":[{"name":"wp","href":"https:\/\/api.w.org\/{rel}","templated":true}]}}