{"id":106037,"date":"2026-06-03T12:11:22","date_gmt":"2026-06-03T12:11:22","guid":{"rendered":"https:\/\/www.europesays.com\/cz\/106037\/"},"modified":"2026-06-03T12:11:22","modified_gmt":"2026-06-03T12:11:22","slug":"evropa-ho-rusi-istanbul-ho-oslavuje-rapper-ye-prilakal-118-tisic-fanousku-2","status":"publish","type":"post","link":"https:\/\/www.europesays.com\/cz\/106037\/","title":{"rendered":"Evropa ho ru\u0161\u00ed, Istanbul ho oslavuje. Rapper Ye p\u0159il\u00e1kal 118 tis\u00edc fanou\u0161k\u016f"},"content":{"rendered":"<p class=\"_text_yrczc_117 _size_body_1_yrczc_2731\">Z\u00e1padn\u00ed Evropa mu v\u00a0posledn\u00edch m\u011bs\u00edc\u00edch zav\u00edrala dve\u0159e. V\u00a0Istanbulu ale Kanye West uk\u00e1zal, \u017ee o\u00a0jeho koncerty je st\u00e1le obrovsk\u00fd z\u00e1jem.<\/p>\n<p class=\"_text_yrczc_117 _size_body_1_yrczc_2731\">Americk\u00fd rapper, kter\u00fd dnes vystupuje pod\u00a0jm\u00e9nem Ye, <a rel=\"nofollow noopener noreferrer\" href=\"https:\/\/www.reuters.com\/business\/media-telecom\/kanye-west-performs-118000-turkey-despite-bans-elsewhere-2026-05-31\/\" target=\"_blank\" class=\"_actionitem_1gads_1\" style=\"--actionitem-transition-duration:.3s;--actionitem-decoration-color:var(--color-current);--actionitem-decoration-line:underline;--actionitem-decoration-thickness:var(--thickness-default);--actionitem-color:var(--color-theme);--actionitem-hover-color:var(--color-current);--actionitem-hover-decoration-color:var(--color-transparent)\">odehr\u00e1l<\/a> v sobotu ve\u010der koncert na olympijsk\u00e9m stadionu Atat\u00fcrk v Istanbulu. Podle tureck\u00e9 st\u00e1tn\u00ed agentury Anadolu dorazilo na akci 118 tis\u00edc fanou\u0161k\u016f, co\u017e z n\u00ed d\u011bl\u00e1 jednu z nejv\u011bt\u0161\u00edch hudebn\u00edch ud\u00e1lost\u00ed leto\u0161n\u00edho roku.<\/p>\n<p class=\"_text_yrczc_117 _size_body_1_yrczc_2731\">Pro\u00a0Westa \u0161lo o\u00a0prvn\u00ed evropsk\u00e9 vystoupen\u00ed od\u00a0roku 2014 a\u00a0z\u00e1rove\u0148 o\u00a0jeho premi\u00e9ru v\u00a0Turecku.<\/p>\n<p><a href=\"https:\/\/www.hrot24.cz\/clanek\/kontroverzni-rapper-ye-vystoupi-v-cine-H47Tk\" target=\"_self\" rel=\"nofollow noopener\"><img loading=\"lazy\" decoding=\"async\" src=\"https:\/\/www.europesays.com\/cz\/wp-content\/uploads\/2026\/06\/1780465633_846_CROP.webp\"  width=\"292\" height=\"164\" class=\"_image_m7o9x_1 aspect-16\/9 @lg:w-[292px] @2xl:w-[343px] w-full\" alt=\"Kontroverzn\u00ed rapper Ye pl\u00e1nuje vystoupen\u00ed v \u010c\u00edn\u011b\"\/><\/a> <\/p>\n<p class=\"_text_yrczc_117 _size_body_1_yrczc_2731\">Na\u00a0stadion podle tureck\u00fdch m\u00e9di\u00ed p\u0159ijeli fanou\u0161ci z\u00a0Velk\u00e9 Brit\u00e1nie, N\u011bmecka, Francie, Nizozemska, Polska, Ruska i\u00a0zem\u00ed Bl\u00edzk\u00e9ho v\u00fdchodu. Organiz\u00e1to\u0159i\u00a0u\u017e p\u0159ed\u00a0koncertem odhadovali, \u017ee celkov\u00e1 n\u00e1v\u0161t\u011bvnost p\u0159ekro\u010d\u00ed hranici 115 tis\u00edc lid\u00ed.<\/p>\n<p> Travis Scott i\u00a0milionov\u00e1 produkce <\/p>\n<p class=\"_text_yrczc_117 _size_body_1_yrczc_2731\">Akce p\u0159itom nebyla v\u00fdjime\u010dn\u00e1 jen po\u010dtem n\u00e1v\u0161t\u011bvn\u00edk\u016f.<\/p>\n<p class=\"_text_yrczc_117 _size_body_1_yrczc_2731\">Podle organiz\u00e1tora Erdema Karahana p\u0159es\u00e1hl rozpo\u010det na\u00a0produkci t\u0159i\u00a0miliony dolar\u016f. Sou\u010d\u00e1st\u00ed show bylo ob\u0159\u00ed p\u00f3dium, jeho\u017e stavba zabrala deset dn\u00ed a\u00a0vy\u017e\u00e1dala si p\u0159epravu zhruba \u010dty\u0159 des\u00edtek kamion\u016f techniky. N\u00e1v\u0161t\u011bvn\u00edci sledovali 360stup\u0148ov\u00fd zvukov\u00fd syst\u00e9m, laserov\u00e9 efekty i\u00a0dronovou show.<\/p>\n<p><a href=\"https:\/\/www.hrot24.cz\/clanek\/duolingo-maskot-duo-mrtvy-smrt-zelena-sova-drake-konspirace-HzuRJ\" target=\"_self\" rel=\"nofollow noopener\"><img loading=\"lazy\" decoding=\"async\" src=\"https:\/\/www.europesays.com\/cz\/wp-content\/uploads\/2026\/06\/1780465634_576_CROP.webp\"  width=\"292\" height=\"164\" class=\"_image_m7o9x_1 aspect-16\/9 @lg:w-[292px] @2xl:w-[343px] w-full\" alt=\"Maskot Duo je mrtv\u00fd. Za smrt vir\u00e1ln\u00ed sovy m\u016f\u017ee podle Duolinga rapper Drake\"\/><\/a> <\/p>\n<p class=\"_text_yrczc_117 _size_body_1_yrczc_2731\">P\u0159ekvapen\u00edm ve\u010dera bylo vystoupen\u00ed rappera Travise Scotta, kter\u00fd se\u00a0k\u00a0Westovi p\u0159ipojil jako speci\u00e1ln\u00ed host. Organiz\u00e1to\u0159i\u00a0o\u010dek\u00e1vali, \u017ee koncert a\u00a0souvisej\u00edc\u00ed turistick\u00fd ruch <a rel=\"nofollow noopener noreferrer\" href=\"https:\/\/allhiphop.com\/news\/kanye-west-concert-in-istanbul-expected-to-rake-in-100m-from-tourism\/#google_vignette\" target=\"_blank\" class=\"_actionitem_1gads_1\" style=\"--actionitem-transition-duration:.3s;--actionitem-decoration-color:var(--color-current);--actionitem-decoration-line:underline;--actionitem-decoration-thickness:var(--thickness-default);--actionitem-color:var(--color-theme);--actionitem-hover-color:var(--color-current);--actionitem-hover-decoration-color:var(--color-transparent)\">p\u0159inesou<\/a> tureck\u00e9 ekonomice a\u017e sto milion\u016f dolar\u016f.<\/p>\n<p> Od\u00a0z\u00e1kaz\u016f k\u00a0omluv\u011b <\/p>\n<p class=\"_text_yrczc_117 _size_body_1_yrczc_2731\">Koncert z\u00e1rove\u0148 p\u0159edstavoval v\u00fdrazn\u00fd kontrast k\u00a0situaci, kterou West v\u00a0posledn\u00edch m\u011bs\u00edc\u00edch za\u017e\u00edval v\u00a0\u0159ad\u011b evropsk\u00fdch zem\u00ed.<\/p>\n<p class=\"_text_yrczc_117 _size_body_1_yrczc_2731\">Hudebn\u00edk\u00a0\u010del\u00ed dlouhodob\u00e9 kritice kv\u016fli antisemitsk\u00fdm v\u00fdrok\u016fm a\u00a0kontroverzn\u00edm vyj\u00e1d\u0159en\u00edm, v\u010detn\u011b ve\u0159ejn\u00fdch koment\u00e1\u0159\u016f a\u00a0singl\u016f <a rel=\"nofollow noopener noreferrer\" href=\"https:\/\/www.nbcnews.com\/tech\/tech-news\/ye-song-glorifying-hitler-gets-millions-views-x-platforms-struggle-rem-rcna205905\" target=\"_blank\" class=\"_actionitem_1gads_1\" style=\"--actionitem-transition-duration:.3s;--actionitem-decoration-color:var(--color-current);--actionitem-decoration-line:underline;--actionitem-decoration-thickness:var(--thickness-default);--actionitem-color:var(--color-theme);--actionitem-hover-color:var(--color-current);--actionitem-hover-decoration-color:var(--color-transparent)\">adoruj\u00edc\u00edch<\/a> Adolfa Hitlera, nebo pou\u017e\u00edv\u00e1n\u00ed nacistick\u00e9 symboliky. Pr\u00e1v\u011b kv\u016fli tomu byly letos zru\u0161eny \u010di odlo\u017eeny n\u011bkter\u00e9 jeho pl\u00e1novan\u00e9 koncerty.<\/p>\n<p class=\"_text_yrczc_117 _size_body_1_yrczc_2731\"><a rel=\"nofollow noopener noreferrer\" href=\"https:\/\/www.bbc.com\/news\/articles\/c4gxk3kxjr0o\" target=\"_blank\" class=\"_actionitem_1gads_1\" style=\"--actionitem-transition-duration:.3s;--actionitem-decoration-color:var(--color-current);--actionitem-decoration-line:underline;--actionitem-decoration-thickness:var(--thickness-default);--actionitem-color:var(--color-theme);--actionitem-hover-color:var(--color-current);--actionitem-hover-decoration-color:var(--color-transparent)\">Podle<\/a> serveru BBC mu Brit\u00e1nie v dubnu odm\u00edtla vstup do zem\u011b s od\u016fvodn\u011bn\u00edm, \u017ee jeho p\u0159\u00edtomnost nen\u00ed ve ve\u0159ejn\u00e9m z\u00e1jmu. N\u00e1sledn\u011b padlo pl\u00e1novan\u00e9 vystoupen\u00ed na lond\u00fdnsk\u00e9m festivalu Wireless. Zru\u0161en byl tak\u00e9 koncert v Polsku a odlo\u017eena show ve francouzsk\u00e9 Marseille.<\/p>\n<p class=\"_text_yrczc_117 _size_body_1_yrczc_2731\"><a rel=\"nofollow noopener noreferrer\" href=\"https:\/\/www.facebook.com\/judr.jiri.pospisil\/posts\/%C5%99ekl-jsem-to-p%C5%99ed-rokem-a-plat%C3%AD-to-po%C5%99%C3%A1djsem-d%C5%AFrazn%C4%9B-proti-tomu-aby-kanye-west-v\/1492160735608197\/\" target=\"_blank\" class=\"_actionitem_1gads_1\" style=\"--actionitem-transition-duration:.3s;--actionitem-decoration-color:var(--color-current);--actionitem-decoration-line:underline;--actionitem-decoration-thickness:var(--thickness-default);--actionitem-color:var(--color-theme);--actionitem-hover-color:var(--color-current);--actionitem-hover-decoration-color:var(--color-transparent)\">Debata<\/a> se rozho\u0159ela tak\u00e9 v \u010cesku, kde m\u00e1 Ye podle pl\u00e1n\u016f vystoupit v pra\u017esk\u00e9 Chuchle Aren\u011b. Proti koncertu se postavila \u010d\u00e1st politik\u016f i p\u0159edstavitel\u016f \u017eidovsk\u00e9 komunity, kte\u0159\u00ed upozor\u0148uj\u00ed pr\u00e1v\u011b na jeho d\u0159\u00edv\u011bj\u0161\u00ed v\u00fdroky.<\/p>\n<p class=\"_text_yrczc_117 _size_body_1_yrczc_2731\">West se\u00a0mezit\u00edm sna\u017e\u00ed svou pov\u011bst napravit. Letos v\u00a0lednu <a rel=\"nofollow noopener noreferrer\" href=\"https:\/\/dam.tmz.com\/document\/58\/o\/2026\/01\/26\/588da5bbba7246dab3a39b3befbabb72.pdf\" target=\"_blank\" class=\"_actionitem_1gads_1\" style=\"--actionitem-transition-duration:.3s;--actionitem-decoration-color:var(--color-current);--actionitem-decoration-line:underline;--actionitem-decoration-thickness:var(--thickness-default);--actionitem-color:var(--color-theme);--actionitem-hover-color:var(--color-current);--actionitem-hover-decoration-color:var(--color-transparent)\">zve\u0159ejnil<\/a> v den\u00edku The Wall Street Journal celostr\u00e1nkovou omluvu, v n\u00ed\u017e se distancoval od sv\u00fdch d\u0159\u00edv\u011bj\u0161\u00edch v\u00fdrok\u016f a omluvil se \u017eidovsk\u00e9 komunit\u011b. Sv\u00e9 chov\u00e1n\u00ed tehdy spojoval s nediagnostikovan\u00fdm poran\u011bn\u00edm mozku a nel\u00e9\u010denou bipol\u00e1rn\u00ed poruchou.<\/p>\n<p class=\"_text_yrczc_117 _size_body_1_yrczc_2731\">Ani tato omluva v\u0161ak \u010d\u00e1st kritik\u016f nep\u0159esv\u011bd\u010dila. Istanbulsk\u00fd koncert p\u0159esto uk\u00e1zal, \u017ee Ye z\u016fst\u00e1v\u00e1 jednou z\u00a0nejv\u00fdrazn\u011bj\u0161\u00edch a\u00a0z\u00e1rove\u0148 nejkontroverzn\u011bj\u0161\u00edch postav sou\u010dasn\u00e9 hudebn\u00ed sc\u00e9ny.<\/p>\n<p><a href=\"https:\/\/www.hrot24.cz\/clanek\/hnev-lgbt-nezabral-rapper-eminem-bori-hitparady-i-prodeje-HF5Vm\" target=\"_self\" rel=\"nofollow noopener\"><img loading=\"lazy\" decoding=\"async\" src=\"https:\/\/www.europesays.com\/cz\/wp-content\/uploads\/2026\/06\/1780465634_824_CROP.webp\"  width=\"292\" height=\"164\" class=\"_image_m7o9x_1 aspect-16\/9 @lg:w-[292px] @2xl:w-[343px] w-full\" alt=\"Hn\u011bv LGBT nezabral. Rapper Eminem s nar\u00e1\u017ekami na transgender bo\u0159\u00ed hitpar\u00e1dy i prodeje\"\/><\/a><\/p>\n","protected":false},"excerpt":{"rendered":"Z\u00e1padn\u00ed Evropa mu v\u00a0posledn\u00edch m\u011bs\u00edc\u00edch zav\u00edrala dve\u0159e. V\u00a0Istanbulu ale Kanye West uk\u00e1zal, \u017ee o\u00a0jeho koncerty je st\u00e1le obrovsk\u00fd&hellip;\n","protected":false},"author":2,"featured_media":105661,"comment_status":"","ping_status":"","sticky":false,"template":"","format":"standard","meta":{"footnotes":"","_share_on_mastodon":"0"},"categories":[3],"tags":[30903,109,108,106,17576,84,17418,10910,337,1943,99,24156,30902,4771,30905,30901,30904],"class_list":["post-106037","post","type-post","status-publish","format-standard","has-post-thumbnail","category-evropa","tag-chuchle-arena","tag-europa","tag-europe","tag-evropa","tag-hip-hop","tag-hudba","tag-istanbul","tag-kanye-west","tag-koncert","tag-kontroverze","tag-praha","tag-the-wall-street-journal","tag-travis-scott","tag-turecko","tag-wireless-festival","tag-ye","tag-zidovska-komunita"],"share_on_mastodon":{"url":"https:\/\/pubeurope.com\/@cz\/116686113296043494","error":""},"_links":{"self":[{"href":"https:\/\/www.europesays.com\/cz\/wp-json\/wp\/v2\/posts\/106037","targetHints":{"allow":["GET"]}}],"collection":[{"href":"https:\/\/www.europesays.com\/cz\/wp-json\/wp\/v2\/posts"}],"about":[{"href":"https:\/\/www.europesays.com\/cz\/wp-json\/wp\/v2\/types\/post"}],"author":[{"embeddable":true,"href":"https:\/\/www.europesays.com\/cz\/wp-json\/wp\/v2\/users\/2"}],"replies":[{"embeddable":true,"href":"https:\/\/www.europesays.com\/cz\/wp-json\/wp\/v2\/comments?post=106037"}],"version-history":[{"count":0,"href":"https:\/\/www.europesays.com\/cz\/wp-json\/wp\/v2\/posts\/106037\/revisions"}],"wp:featuredmedia":[{"embeddable":true,"href":"https:\/\/www.europesays.com\/cz\/wp-json\/wp\/v2\/media\/105661"}],"wp:attachment":[{"href":"https:\/\/www.europesays.com\/cz\/wp-json\/wp\/v2\/media?parent=106037"}],"wp:term":[{"taxonomy":"category","embeddable":true,"href":"https:\/\/www.europesays.com\/cz\/wp-json\/wp\/v2\/categories?post=106037"},{"taxonomy":"post_tag","embeddable":true,"href":"https:\/\/www.europesays.com\/cz\/wp-json\/wp\/v2\/tags?post=106037"}],"curies":[{"name":"wp","href":"https:\/\/api.w.org\/{rel}","templated":true}]}}