{"id":106069,"date":"2026-06-03T12:32:14","date_gmt":"2026-06-03T12:32:14","guid":{"rendered":"https:\/\/www.europesays.com\/cz\/106069\/"},"modified":"2026-06-03T12:32:14","modified_gmt":"2026-06-03T12:32:14","slug":"v-zime-je-tu-plno-behem-leta-ale-davy-puvabnou-rakouskou-destinaci-jeste-nezaplavily","status":"publish","type":"post","link":"https:\/\/www.europesays.com\/cz\/106069\/","title":{"rendered":"V zim\u011b je tu plno. B\u011bhem l\u00e9ta ale davy p\u016fvabnou rakouskou destinaci je\u0161t\u011b nezaplavily"},"content":{"rendered":"<p class=\"c_bz\">Zat\u00edmco v\u011bt\u0161ina jin\u00fdch rakousk\u00fdch st\u0159edisek u\u017e d\u00e1vno l\u00e1k\u00e1 n\u00e1v\u0161t\u011bvn\u00edky i\u00a0na \u0159adu letn\u00edch aktivit, v\u00a0regionu Obertauern hraje nad\u00e1le prim zima. B\u011bhem pr\u00e1zdnin operuje jen zlomek m\u00edstn\u00edch hotel\u016f, zhruba 10\u00a0procent, karta se v\u0161ak pomalu za\u010d\u00edn\u00e1 obracet. Informovali o\u00a0tom z\u00e1stupci oblasti na ned\u00e1vn\u00e9 tiskov\u00e9 konferenci.<\/p>\n<p class=\"c_bz\">Nejv\u011bt\u0161\u00ed v\u00fdhodou Obertauernu jsou p\u0159\u00edzniv\u011bj\u0161\u00ed teploty, oblast n\u00e1v\u0161t\u011bvn\u00edky l\u00e1k\u00e1 na koncept zvan\u00fd coolcation, co\u017e je spojen\u00ed anglick\u00fdch slov cool a\u00a0vacation, tedy chladiv\u00e1 dovolen\u00e1. D\u00edky rozp\u011bt\u00ed nadmo\u0159sk\u00e9 v\u00fd\u0161ky od 1740\u00a0do 2526\u00a0metr\u016f v\u00a0oblasti nikdy nepanuj\u00ed takov\u00e1 vedra jako v\u00a0ni\u017e\u0161\u00edch poloh\u00e1ch nebo ve m\u011bstech, co\u017e m\u016f\u017ee b\u00fdt v\u00a0parn\u00e9m l\u00e9t\u011b velik\u00e9 plus. A\u00a0co \u017ee se tu d\u00e1 d\u011blat?<\/p>\n<p>Pro ko\u010d\u00e1rky i\u00a0b\u011b\u017ece<\/p>\n<p class=\"c_bz\">Prim hraj\u00ed treky v\u00a0hor\u00e1ch. V\u00a0Obertauernu se nach\u00e1z\u00ed p\u0159es 280\u00a0kilometr\u016f zna\u010den\u00fdch tras, po nich\u017e lze vyrazit na pastviny anebo k\u00a0jeden\u00e1cti k\u0159i\u0161\u0165\u00e1lov\u00fdm jezer\u016fm, kter\u00e9 se v\u00a0oblasti nach\u00e1zej\u00ed. P\u016fsobivou dominantou je 60\u00a0metr\u016f vysok\u00fd vodop\u00e1d Johanneswasserfall, kter\u00fd je mo\u017en\u00e9 si prohl\u00e9dnout tak\u00e9 z\u00a0vyhl\u00eddkov\u00e9 platformy.<\/p>\n<p><a data-dot=\"atm-link\" target=\"_self\" href=\"https:\/\/www.novinky.cz\/clanek\/cestovani-idealni-evropske-mesto-na-vikend-styrsky-hradec-40575228\" class=\"c_N\" rel=\"nofollow noopener\"><img fetchpriority=\"high\" height=\"2268\" width=\"4032\" src=\"https:\/\/www.europesays.com\/cz\/wp-content\/uploads\/2026\/06\/styrsky-hradec.jpeg\" loading=\"eager\" decoding=\"sync\" class=\"c_t c_r\"\/><\/a><\/p>\n<p class=\"c_bz\">V Obertauernu se nach\u00e1zej\u00ed i\u00a0stezky vhodn\u00e9 pro ko\u010d\u00e1rky, na vrcholy se lze popov\u00e9zt t\u0159emi lanovkami, kter\u00e9 jsou za dobr\u00e9ho po\u010das\u00ed v\u00a0provozu ka\u017ed\u00fd den.<\/p>\n<p class=\"c_bz\">Po h\u0159ebenech hor ale nen\u00ed pot\u0159eba jen chodit, ambici\u00f3zn\u011bj\u0161\u00ed n\u00e1v\u0161t\u011bvn\u00edci se mohou rozb\u011bhnout po trailrunningov\u00fdch stezk\u00e1ch. Do Obertauernu jezd\u00ed tr\u00e9novat i\u00a0\u0161pi\u010dkov\u00ed sportovci, kdy\u017e se cht\u011bj\u00ed vystavit tzv. hypoxii, tedy nedostatku kysl\u00edku. Ta m\u016f\u017ee pomoci zefektivnit metabolismus, ale i\u00a0zlep\u0161it zdatnost a\u00a0kondici d\u00edky nav\u00fd\u0161en\u00ed VO2\u00a0max, maxim\u00e1ln\u00ed spot\u0159eby kysl\u00edku. <\/p>\n<p class=\"c_bz\">Stezek pro trailrunning je kolem Obertauernu osm a\u00a0maj\u00ed celkovou d\u00e9lku 133\u00a0kilometr\u016f. M\u00edstn\u00ed hory je ale mo\u017en\u00e9 pozn\u00e1vat i\u00a0ze sedla kola, p\u0159\u00edpadn\u011b z\u00a0ko\u0148sk\u00e9ho h\u0159betu. <\/p>\n<p class=\"c_bz\">St\u0159edisko Obertauern proslavila britsk\u00e1 skupina The Beatles. Brouci tu v\u00a0roce 1965\u00a0nat\u00e1\u010deli sc\u00e9ny pro film Help! Jeliko\u017e ale neum\u011bli ly\u017eovat, museli m\u00edsto nich ve sc\u00e9n\u00e1ch zasko\u010dit dvojn\u00edci.<\/p>\n<p><a data-dot=\"atm-link\" target=\"_self\" href=\"https:\/\/www.novinky.cz\/clanek\/cestovani-to-nejkrasnejsi-leto-v-rakouskych-horach-kam-vyrazit-na-treky-a-na-kola-40579661\" class=\"c_N\" rel=\"nofollow noopener\"><img height=\"562\" width=\"1000\" src=\"https:\/\/www.europesays.com\/cz\/wp-content\/uploads\/2026\/05\/kitzbuhel.jpeg\" loading=\"eager\" decoding=\"sync\" class=\"c_t c_r\"\/><\/a><\/p>\n","protected":false},"excerpt":{"rendered":"Zat\u00edmco v\u011bt\u0161ina jin\u00fdch rakousk\u00fdch st\u0159edisek u\u017e d\u00e1vno l\u00e1k\u00e1 n\u00e1v\u0161t\u011bvn\u00edky i\u00a0na \u0159adu letn\u00edch aktivit, v\u00a0regionu Obertauern hraje nad\u00e1le prim&hellip;\n","protected":false},"author":2,"featured_media":106070,"comment_status":"","ping_status":"","sticky":false,"template":"","format":"standard","meta":{"footnotes":"","_share_on_mastodon":"0"},"categories":[15],"tags":[256,834,94,93],"class_list":["post-106069","post","type-post","status-publish","format-standard","has-post-thumbnail","category-sport","tag-rakousko","tag-salcbursko","tag-sport","tag-sports"],"share_on_mastodon":{"url":"https:\/\/pubeurope.com\/@cz\/116686195707890193","error":""},"_links":{"self":[{"href":"https:\/\/www.europesays.com\/cz\/wp-json\/wp\/v2\/posts\/106069","targetHints":{"allow":["GET"]}}],"collection":[{"href":"https:\/\/www.europesays.com\/cz\/wp-json\/wp\/v2\/posts"}],"about":[{"href":"https:\/\/www.europesays.com\/cz\/wp-json\/wp\/v2\/types\/post"}],"author":[{"embeddable":true,"href":"https:\/\/www.europesays.com\/cz\/wp-json\/wp\/v2\/users\/2"}],"replies":[{"embeddable":true,"href":"https:\/\/www.europesays.com\/cz\/wp-json\/wp\/v2\/comments?post=106069"}],"version-history":[{"count":0,"href":"https:\/\/www.europesays.com\/cz\/wp-json\/wp\/v2\/posts\/106069\/revisions"}],"wp:featuredmedia":[{"embeddable":true,"href":"https:\/\/www.europesays.com\/cz\/wp-json\/wp\/v2\/media\/106070"}],"wp:attachment":[{"href":"https:\/\/www.europesays.com\/cz\/wp-json\/wp\/v2\/media?parent=106069"}],"wp:term":[{"taxonomy":"category","embeddable":true,"href":"https:\/\/www.europesays.com\/cz\/wp-json\/wp\/v2\/categories?post=106069"},{"taxonomy":"post_tag","embeddable":true,"href":"https:\/\/www.europesays.com\/cz\/wp-json\/wp\/v2\/tags?post=106069"}],"curies":[{"name":"wp","href":"https:\/\/api.w.org\/{rel}","templated":true}]}}