{"id":106213,"date":"2026-06-03T14:26:11","date_gmt":"2026-06-03T14:26:11","guid":{"rendered":"https:\/\/www.europesays.com\/cz\/106213\/"},"modified":"2026-06-03T14:26:11","modified_gmt":"2026-06-03T14:26:11","slug":"bmw-privezlo-do-ceska-unikatni-vuz-jeden-ze-ctyr-na-svete","status":"publish","type":"post","link":"https:\/\/www.europesays.com\/cz\/106213\/","title":{"rendered":"BMW p\u0159ivezlo do \u010ceska unik\u00e1tn\u00ed v\u016fz, jeden ze \u010dty\u0159 na sv\u011bt\u011b"},"content":{"rendered":"<p class=\"c_bz\">BMW Group \u010cesk\u00e1 republika si letos p\u0159ipom\u00edn\u00e1 20\u00a0let p\u016fsoben\u00ed na \u010desk\u00e9m trhu. P\u0159i t\u00e9to p\u0159\u00edle\u017eitosti automobilka p\u0159ipravila speci\u00e1ln\u00ed v\u016fz, postaven\u00fd na z\u00e1klad\u011b modelu BMW M2, kter\u00fd ov\u0161em v\u00a0p\u0159edstihu dostal sadu BMW M Performance Track Kit.<\/p>\n<p><img fetchpriority=\"high\" height=\"2731\"   width=\"4096\" src=\"https:\/\/www.europesays.com\/cz\/wp-content\/uploads\/2026\/06\/bmw-m2-bmw-m2-m-performance-track-kit-m-performance.jpeg\" loading=\"eager\" decoding=\"sync\" class=\"c_t c_r\"\/>Foto: BMW<\/p>\n<p class=\"c_bz\">Tuto sadu p\u0159itom v\u00a0p\u0159edstihu dostaly pouze \u010dty\u0159i trhy na sv\u011bt\u011b. Vedle \u010ceska obdr\u017eely po jednom kitu N\u011bmecko, Velk\u00e1 Brit\u00e1nie a\u00a0USA. \u010cesk\u00fd exempl\u00e1\u0159 je v\u0161ak speci\u00e1ln\u00ed tak\u00e9 origin\u00e1ln\u00edm polepem ve stylu z\u00e1vodn\u00ed livreje, kter\u00fd navazuje na vozy BMW 635\u00a0CSI (E24) a\u00a0BMW M3\u00a0DTM (E30). Z\u00e1vodn\u00ed dvac\u00edtka na dve\u0159\u00edch pak odkazuje na 20\u00a0let na trhu.<\/p>\n<p>Bl\u00ed\u017e motorsportu<\/p>\n<p class=\"c_bz\">Livrej kombinuj\u00edc\u00ed tradi\u010dn\u00ed barvy divize BMW M s\u00a0technick\u00fdmi n\u00e1kresy vozu je pozoruhodn\u00e1, je\u0161t\u011b zaj\u00edmav\u011bj\u0161\u00ed je v\u0161ak technika pod kapotou, kter\u00e1 p\u0159ibli\u017euje silni\u010dn\u00ed model BMW M2\u00a0sv\u011btu profesion\u00e1ln\u00edho motorsportu. Ostatn\u011b na jeho lad\u011bn\u00ed se pod\u00edleli odborn\u00edci divize BMW M i\u00a0testovac\u00ed jezdci.<\/p>\n<p><a data-dot=\"atm-link\" target=\"_self\" href=\"https:\/\/www.novinky.cz\/clanek\/auto-bmw-m2-poprve-prijizdi-s-pohonem-vsech-kol-40581268\" class=\"c_N\" rel=\"nofollow noopener\"><img height=\"2304\" width=\"4096\" src=\"https:\/\/www.europesays.com\/cz\/wp-content\/uploads\/2026\/06\/1780496771_75_bmw-m2-xdrive-bmw-m.jpeg\" loading=\"eager\" decoding=\"sync\" class=\"c_t c_r\"\/><\/a><\/p>\n<p class=\"c_bz\">Sada p\u0159in\u00e1\u0161\u00ed tlumi\u010de s\u00a0mo\u017enost\u00ed nastavit kompresi a\u00a0odskok ve 14\u00a0kroc\u00edch, sv\u011btlou v\u00fd\u0161ku je pak mo\u017en\u00e9 sn\u00ed\u017eit v\u00a0rozmez\u00ed 10\u00a0a\u017e 20\u00a0milimetr\u016f. Sou\u010d\u00e1st\u00ed sady je tak\u00e9 p\u0159edn\u00ed splitter a\u00a0posuvn\u00e9 zadn\u00ed k\u0159\u00eddlo, inspirovan\u00e9 z\u00e1vodn\u00edmi vozy. V\u00a0rychlosti 200\u00a0km\/h tak v\u016fz dok\u00e1\u017ee generovat p\u0159\u00edtlak a\u017e 200\u00a0kilogram\u016f.<\/p>\n<p class=\"c_bz\">Cena kitu, kter\u00fd je navzdory zam\u011b\u0159en\u00ed na okruhov\u00e9 je\u017ed\u011bn\u00ed schv\u00e1len\u00fd i\u00a0pro b\u011b\u017en\u00fd silni\u010dn\u00ed provoz, je p\u0159edb\u011b\u017en\u011b stanovena na 23\u00a0500\u00a0eur (cca 568\u00a0400\u00a0K\u010d). P\u0159esn\u00e1 cena pro \u010desk\u00fd trh bude teprve ozn\u00e1mena. Objedn\u00e1v\u00e1n\u00ed a\u00a0distribuce prob\u011bhne individu\u00e1ln\u00ed formou p\u0159es dealery BMW.<\/p>\n<p class=\"c_bz\">V\u00fdro\u010dn\u00ed BMW M2\u00a0ov\u0161em dostalo i\u00a0n\u011bkolik prvk\u016f z\u00a0nab\u00eddky p\u0159\u00edslu\u0161enstv\u00ed BMW M Performance Parts, jako nap\u0159\u00edklad karbonov\u00fd kryt motoru, hasic\u00ed p\u0159\u00edstroj nebo speci\u00e1ln\u00ed loketn\u00ed op\u011brku a\u00a0kobere\u010dky. V\u00a0podb\u011bz\u00edch jsou pneumatiky Michelin Pilot Sport 4S.<\/p>\n<p><a data-dot=\"atm-link\" target=\"_self\" href=\"https:\/\/www.novinky.cz\/clanek\/auto-elektricke-bmw-m3-ma-stat-podobne-jako-spalovaci-40576455\" class=\"c_N\" rel=\"nofollow noopener\"><img height=\"2304\" width=\"4096\" src=\"https:\/\/www.europesays.com\/cz\/wp-content\/uploads\/2026\/06\/bmw-i3-elektromobil-sedan-neue-klasse.jpeg\" loading=\"eager\" decoding=\"sync\" class=\"c_t c_r\"\/><\/a><\/p>\n","protected":false},"excerpt":{"rendered":"BMW Group \u010cesk\u00e1 republika si letos p\u0159ipom\u00edn\u00e1 20\u00a0let p\u016fsoben\u00ed na \u010desk\u00e9m trhu. P\u0159i t\u00e9to p\u0159\u00edle\u017eitosti automobilka p\u0159ipravila speci\u00e1ln\u00ed&hellip;\n","protected":false},"author":2,"featured_media":106214,"comment_status":"","ping_status":"","sticky":false,"template":"","format":"standard","meta":{"footnotes":"","_share_on_mastodon":"0"},"categories":[12],"tags":[1993,2531,67,68,2131,6065,134],"class_list":["post-106213","post","type-post","status-publish","format-standard","has-post-thumbnail","category-byznys","tag-bmw","tag-bmw-m2","tag-business","tag-byznys","tag-cesky-trh","tag-kupe-coupe","tag-sportovni-auta"],"share_on_mastodon":{"url":"https:\/\/pubeurope.com\/@cz\/116686643931291978","error":""},"_links":{"self":[{"href":"https:\/\/www.europesays.com\/cz\/wp-json\/wp\/v2\/posts\/106213","targetHints":{"allow":["GET"]}}],"collection":[{"href":"https:\/\/www.europesays.com\/cz\/wp-json\/wp\/v2\/posts"}],"about":[{"href":"https:\/\/www.europesays.com\/cz\/wp-json\/wp\/v2\/types\/post"}],"author":[{"embeddable":true,"href":"https:\/\/www.europesays.com\/cz\/wp-json\/wp\/v2\/users\/2"}],"replies":[{"embeddable":true,"href":"https:\/\/www.europesays.com\/cz\/wp-json\/wp\/v2\/comments?post=106213"}],"version-history":[{"count":0,"href":"https:\/\/www.europesays.com\/cz\/wp-json\/wp\/v2\/posts\/106213\/revisions"}],"wp:featuredmedia":[{"embeddable":true,"href":"https:\/\/www.europesays.com\/cz\/wp-json\/wp\/v2\/media\/106214"}],"wp:attachment":[{"href":"https:\/\/www.europesays.com\/cz\/wp-json\/wp\/v2\/media?parent=106213"}],"wp:term":[{"taxonomy":"category","embeddable":true,"href":"https:\/\/www.europesays.com\/cz\/wp-json\/wp\/v2\/categories?post=106213"},{"taxonomy":"post_tag","embeddable":true,"href":"https:\/\/www.europesays.com\/cz\/wp-json\/wp\/v2\/tags?post=106213"}],"curies":[{"name":"wp","href":"https:\/\/api.w.org\/{rel}","templated":true}]}}