{"id":106531,"date":"2026-06-03T19:40:07","date_gmt":"2026-06-03T19:40:07","guid":{"rendered":"https:\/\/www.europesays.com\/cz\/106531\/"},"modified":"2026-06-03T19:40:07","modified_gmt":"2026-06-03T19:40:07","slug":"odsouzeny-makedonsky-expremier-gruevski-se-stale-ukryva-v-madarsku","status":"publish","type":"post","link":"https:\/\/www.europesays.com\/cz\/106531\/","title":{"rendered":"Odsouzen\u00fd makedonsk\u00fd expremi\u00e9r Gruevski se st\u00e1le ukr\u00fdv\u00e1 v\u00a0Ma\u010farsku"},"content":{"rendered":"<p class=\"c_bz\">Ma\u010farsk\u00fd investigativn\u00ed novin\u00e1\u0159 Szabolcs Panyi podle webu <a data-dot=\"atm-link\" target=\"_blank\" rel=\"noopener nofollow\" href=\"https:\/\/nepszava.hu\/3323979_nikola-gruevszki-magyar-allampolgarsag-orban-kormany\" class=\"c_N\">nepszava.hu<\/a> upozornil, \u017ee Gruevski je d\u00edky ud\u011blen\u00ed ma\u010farsk\u00e9ho ob\u010danstv\u00ed v\u00a0lep\u0161\u00ed situaci a\u00a0jeho vyd\u00e1n\u00ed zat\u00edm nehroz\u00ed. Gruevsk\u00e9mu bylo podle Panyiho ud\u011bleno ma\u010farsk\u00e9 st\u00e1tn\u00ed ob\u010danstv\u00ed v\u00a0roce 2022\u00a0z\u00a0d\u016fvodu \u201est\u00e1tn\u00edho z\u00e1jmu\u201c. \u201eGruevsk\u00e9mu zaji\u0161\u0165uje ma\u010farsk\u00e9 ob\u010danstv\u00ed ochranu. Ob\u010danstv\u00ed by mu mohlo b\u00fdt odebr\u00e1no pouze v\u00a0p\u0159\u00edpad\u011b, pokud by bylo prok\u00e1z\u00e1no, \u017ee ho z\u00edskal podvodem nebo korupc\u00ed,\u201c upozornil investigativn\u00ed novin\u00e1\u0159.<\/p>\n<p class=\"c_bz\">Gruevsk\u00e9mu ud\u011blilo Ma\u010farsko politick\u00fd azyl v\u00a0roce 2018.\u00a0B\u00fdval\u00fd premi\u00e9r byl ve sv\u00e9 zemi odsouzen ke dv\u011bma let\u016fm v\u011bzen\u00ed za zneu\u017eit\u00ed pravomoc\u00ed ve\u0159ejn\u00e9ho \u010dinitele v\u00a0souvislosti s\u00a0n\u00e1kupem panc\u00e9\u0159ovan\u00e9ho automobilu v\u00a0p\u0159epo\u010dtu za 15\u00a0milion\u016f korun. Gruevski \u010delil i\u00a0dal\u0161\u00edm obvin\u011bn\u00edm z\u00a0korupce, zneu\u017eit\u00ed moci, volebn\u00edch podvod\u016f a\u00a0ileg\u00e1ln\u00edch odposlech\u016f opozice i\u00a0ob\u010dansk\u00fdch organizac\u00ed.<\/p>\n<p class=\"c_bz\">Nov\u00fd ma\u010farsk\u00fd premi\u00e9r P\u00e9ter Magyar po leto\u0161n\u00edm n\u00e1stupu k\u00a0moci sl\u00edbil, \u017ee Ma\u010farsko nebude \u00fato\u010di\u0161t\u011bm mezin\u00e1rodn\u00edch zlo\u010dinc\u016f. Krom\u011b zm\u00edn\u011bn\u00fdch Ziobra a\u00a0Gruevsk\u00e9ho z\u00edskal v\u00a0Ma\u010farsku politick\u00fd azyl tak\u00e9 b\u00fdval\u00fd n\u00e1m\u011bstek polsk\u00e9ho ministra spravedlnosti Marcin Romanowski.<\/p>\n<p class=\"c_bz\">Po zm\u011bn\u011b vl\u00e1dy v\u00a0Ma\u010farsku Romanowski zemi rovn\u011b\u017e urychlen\u011b opustil. Do Spojen\u00fdch st\u00e1t\u016f se v\u0161ak nedostal a\u00a0podle dostupn\u00fdch informac\u00ed se m\u011bl objevit v\u00a0Srbsku a\u00a0v Chorvatsku.<\/p>\n<p><a data-dot=\"atm-link\" target=\"_self\" href=\"https:\/\/www.novinky.cz\/clanek\/zahranicni-amerika-stihany-polsky-exministr-se-do-usa-dostal-s-pomoci-americkeho-diplomata-40578770\" class=\"c_N\" rel=\"nofollow noopener\"><img fetchpriority=\"high\" height=\"2299\" width=\"4088\" src=\"https:\/\/www.europesays.com\/cz\/wp-content\/uploads\/2026\/06\/12e6.jpeg\" loading=\"eager\" decoding=\"sync\" class=\"c_t c_r\"\/><\/a><\/p>\n","protected":false},"excerpt":{"rendered":"Ma\u010farsk\u00fd investigativn\u00ed novin\u00e1\u0159 Szabolcs Panyi podle webu nepszava.hu upozornil, \u017ee Gruevski je d\u00edky ud\u011blen\u00ed ma\u010farsk\u00e9ho ob\u010danstv\u00ed v\u00a0lep\u0161\u00ed situaci&hellip;\n","protected":false},"author":2,"featured_media":106532,"comment_status":"","ping_status":"","sticky":false,"template":"","format":"standard","meta":{"footnotes":"","_share_on_mastodon":"0"},"categories":[3],"tags":[8429,109,108,106,796,31121],"class_list":["post-106531","post","type-post","status-publish","format-standard","has-post-thumbnail","category-evropa","tag-azyl","tag-europa","tag-europe","tag-evropa","tag-madarsko","tag-makedonie"],"share_on_mastodon":{"url":"https:\/\/pubeurope.com\/@cz\/116687878401888458","error":""},"_links":{"self":[{"href":"https:\/\/www.europesays.com\/cz\/wp-json\/wp\/v2\/posts\/106531","targetHints":{"allow":["GET"]}}],"collection":[{"href":"https:\/\/www.europesays.com\/cz\/wp-json\/wp\/v2\/posts"}],"about":[{"href":"https:\/\/www.europesays.com\/cz\/wp-json\/wp\/v2\/types\/post"}],"author":[{"embeddable":true,"href":"https:\/\/www.europesays.com\/cz\/wp-json\/wp\/v2\/users\/2"}],"replies":[{"embeddable":true,"href":"https:\/\/www.europesays.com\/cz\/wp-json\/wp\/v2\/comments?post=106531"}],"version-history":[{"count":0,"href":"https:\/\/www.europesays.com\/cz\/wp-json\/wp\/v2\/posts\/106531\/revisions"}],"wp:featuredmedia":[{"embeddable":true,"href":"https:\/\/www.europesays.com\/cz\/wp-json\/wp\/v2\/media\/106532"}],"wp:attachment":[{"href":"https:\/\/www.europesays.com\/cz\/wp-json\/wp\/v2\/media?parent=106531"}],"wp:term":[{"taxonomy":"category","embeddable":true,"href":"https:\/\/www.europesays.com\/cz\/wp-json\/wp\/v2\/categories?post=106531"},{"taxonomy":"post_tag","embeddable":true,"href":"https:\/\/www.europesays.com\/cz\/wp-json\/wp\/v2\/tags?post=106531"}],"curies":[{"name":"wp","href":"https:\/\/api.w.org\/{rel}","templated":true}]}}