{"id":107170,"date":"2026-06-04T11:49:12","date_gmt":"2026-06-04T11:49:12","guid":{"rendered":"https:\/\/www.europesays.com\/cz\/107170\/"},"modified":"2026-06-04T11:49:12","modified_gmt":"2026-06-04T11:49:12","slug":"kam-o-vikendu-tipy-na-kulturni-a-rodinne-akce-napric-republikou-16","status":"publish","type":"post","link":"https:\/\/www.europesays.com\/cz\/107170\/","title":{"rendered":"Kam o\u00a0v\u00edkendu: Tipy na kulturn\u00ed a\u00a0rodinn\u00e9 akce nap\u0159\u00ed\u010d republikou"},"content":{"rendered":"<p>Seznam Fest<\/p>\n<p class=\"e_bX\"><a data-dot=\"atm-link\" target=\"_blank\" href=\"https:\/\/www.seznamzpravy.cz\/clanek\/domaci-zivot-v-cesku-seznam-fest-v-holesovicich-vystoupi-psh-ci-kasparek-v-rohliku-306398\" class=\"e_n\" rel=\"nofollow noopener\">Seznam slav\u00ed narozeniny<\/a> a\u00a0hlavn\u00ed oslava vypukne v\u00a0sobotu 6.\u00a0\u010dervna v\u00a0are\u00e1lu Garbe v\u00a0pra\u017esk\u00fdch Hole\u0161ovic\u00edch. Program za\u010dne ve 12\u00a0hodin a\u00a0a\u017e do p\u016flnoci nab\u00eddne n\u00e1v\u0161t\u011bvn\u00edk\u016fm hudebn\u00ed vystoupen\u00ed i\u00a0\u017eiv\u00e9 nat\u00e1\u010den\u00ed obl\u00edben\u00fdch podcast\u016f redakc\u00ed Novinky.cz a\u00a0Seznam Zpr\u00e1vy.<\/p>\n<p class=\"e_bX\">Vstup do are\u00e1lu bude mo\u017en\u00fd od 12\u00a0hodin, u\u017e v\u00a0jednu odstartuje program Ka\u0161p\u00e1rek v\u00a0rohl\u00edku. Z\u00a0hudebn\u00edk\u016f se d\u00e1le objev\u00ed zp\u011bva\u010dka Lenny, Skyline, PSH a\u00a0Kapit\u00e1n Demo. Z\u00a0podcast\u016f se m\u016f\u017eete t\u011b\u0161it na <a data-dot=\"atm-link\" target=\"_blank\" rel=\"noopener nofollow\" href=\"https:\/\/www.novinky.cz\/sekce\/podcasty-slepa-mapa-375\" class=\"e_n\">Slepou mapu<\/a> o\u00a0cestov\u00e1n\u00ed s\u00a0d\u011btmi, <a data-dot=\"atm-link\" target=\"_blank\" href=\"https:\/\/www.seznamzpravy.cz\/sekce\/audio-podcast-kulturak-453\" class=\"e_n\" rel=\"nofollow noopener\">Kultur\u00e1k<\/a> s\u00a0Jon\u00e1\u0161em Zbo\u0159ilem a\u00a0zp\u011bva\u010dkou Lenny, <a data-dot=\"atm-link\" target=\"_blank\" rel=\"noopener nofollow\" href=\"https:\/\/www.sport.cz\/sekce\/podcasty-primak-1840\" class=\"e_n\">P\u0159\u00edm\u00e1k<\/a> pro fotbalov\u00e9 fanou\u0161ky s\u00a0t\u00e9matem mistrovstv\u00ed sv\u011bta za dve\u0159mi i\u00a0podcast <a data-dot=\"atm-link\" target=\"_blank\" href=\"https:\/\/www.seznamzpravy.cz\/sekce\/audio-podcast-stastny-podcast-459\" class=\"e_n\" rel=\"nofollow noopener\">\u0160\u0165astn\u00fd \u0160\u00eddlo<\/a>, kde Jind\u0159ich \u0160\u00eddlo s\u00a0Robertem \u010c\u00e1sensk\u00fdm, \u0161\u00e9fredaktorem Seznam Zpr\u00e1v, zrekapituluj\u00ed v\u00fdvoj \u010desk\u00e9 \u017eurnalistiky za posledn\u00edch 30\u00a0let.<\/p>\n<p class=\"e_bX\"><a data-dot=\"atm-link\" target=\"_blank\" rel=\"noopener nofollow\" href=\"https:\/\/www.seznamfest.cz\/#program\" class=\"e_n\">Zakoupen\u00edm vstupenky<\/a> z\u00edsk\u00e1te krom\u011b vstupu na Seznam Fest i\u00a0dopl\u0148kov\u00fd benefit ve form\u011b kredit\u016f na j\u00eddlo a\u00a0pit\u00ed.<\/p>\n<p>Poh\u00e1dky a\u00a0lod\u011b<\/p>\n<p class=\"e_bX\">Pokud hled\u00e1te program v\u00edce zam\u011b\u0159en\u00fd pro d\u011bti, m\u016f\u017eete zaj\u00edt do N\u00e1rodopisn\u00e9ho muzea\u00a0 v\u00a0Praze &#8211; ka\u017ed\u00fd \u010dtvrtek se tam kon\u00e1 cyklus tvo\u0159iv\u00fdch setk\u00e1n\u00ed s\u00a0v\u00fdtvarnou d\u00edlnou v\u011bnovanou obl\u00edben\u00fdm \u010desk\u00fdm poh\u00e1dk\u00e1m. Prvn\u00ed \u010dervnov\u00fd \u010dtvrtek bude ve znamen\u00ed postavy z\u00a0poh\u00e1dky O\u00a0hol\u010di\u010dce s\u00a0n\u00e1hradn\u00ed hlavou podle pov\u00eddky od Milo\u0161e Macourka.<\/p>\n<p class=\"e_bX\">Od p\u00e1tku do ned\u011ble pak Vltava v\u00a0Praze bude pat\u0159it 113.\u00a0ro\u010dn\u00edku vesla\u0159sk\u00e9ho z\u00e1vodu Prim\u00e1torky. Krom\u011b samotn\u00e9ho z\u00e1vodu bude na n\u00e1plavce Ra\u0161\u00ednova n\u00e1b\u0159e\u017e\u00ed p\u0159ipraven i\u00a0doprovodn\u00fdm program. Krom toho od p\u00e1tku do ned\u011ble v\u00a0pra\u017esk\u00e9 Troje prob\u00edh\u00e1 sv\u011btov\u00fd poh\u00e1r ve vodn\u00edm slalomu.<\/p>\n<p>KAMEN!CE<\/p>\n<p class=\"e_bX\">Historick\u00e9 centrum m\u011bsta \u010cesk\u00e9 Kamenice na rozhran\u00ed \u010cesk\u00e9ho \u0160v\u00fdcarska a\u00a0Lu\u017eick\u00fdch hor rozezn\u00ed hudebn\u00ed festival. T\u0159\u00eddenn\u00ed slavnost za\u010d\u00edn\u00e1 ve \u010dtvrtek 4.\u00a06., kdy vystoup\u00ed nap\u0159\u00edklad indie-popov\u00fd projekt Cigarette Pillowbag nebo skupina Bert and Friends. V\u00a0p\u00e1tek se pak na hlavn\u00ed stage objev\u00ed dal\u0161\u00ed zvu\u010dn\u00e1  jm\u00e9na jako rap-metalov\u00fd producent a\u00a0rapper Redzed nebo jihlavsk\u00e9 trio 58G. <\/p>\n<p class=\"e_bX\">V\u00a0sobotu se n\u00e1v\u0161t\u011bvn\u00edci mohou t\u011b\u0161it nap\u0159\u00edklad na Gufrau &#8211; mladou pra\u017eskou trojici, kter\u00e1 se za posledn\u00ed rok dostala z\u00a0hudebn\u00edho undergroundu a\u017e k\u00a0cen\u011b And\u011bl za skladbu roku, nebo dvacetiletou \u010desko-americkou zp\u011bva\u010dku Marii April, dr\u017eitelku stejn\u00e9 ceny za Objev roku.<\/p>\n<p><a data-dot=\"mol-article-card-media\" aria-hidden=\"true\" tabindex=\"-1\" href=\"https:\/\/www.seznamzpravy.cz\/clanek\/kultura-hudebni-festivaly-2026-info-305444\" class=\"e_n f_lW\" rel=\"nofollow noopener\" target=\"_blank\"><img fetchpriority=\"high\" height=\"2304\"   width=\"4096\" src=\"https:\/\/www.europesays.com\/cz\/wp-content\/uploads\/2026\/06\/cd72.jpeg\" loading=\"eager\" decoding=\"sync\" class=\"e_aa e_Z\"\/><\/a>CO.CON<\/p>\n<p class=\"e_bX\">Prvn\u00ed \u010dervnov\u00fd v\u00edkend se nebudou nudit ani fanou\u0161ci sci-fi, fantasy a\u00a0hern\u00ed kultury. V\u00a0Plzni se 6.\u00a0\u010dervna uskute\u010dn\u00ed p\u00e1t\u00fd ro\u010dn\u00edk festivalu CO.CON. V\u00a0kulturn\u00ed z\u00f3n\u011b DEPO2015\u00a0budou vystaveny st\u00e1nky s\u00a0tematick\u00fdm zbo\u017e\u00edm, nap\u0159\u00edklad s\u00a0deskov\u00fdmi hrami, komiksy a\u00a0knihami nebo tematick\u00fdm oble\u010den\u00edm a\u00a0dopl\u0148ky. <\/p>\n<p class=\"e_bX\">Festival nab\u00edz\u00ed i\u00a0mo\u017enost si zahr\u00e1t r\u016fzn\u00e9 videohry nebo vyzkou\u0161et z\u00e1vodnick\u00e9 simul\u00e1tory. Nebude chyb\u011bt ani v\u00fdb\u011br workshop\u016f, kde se tvo\u0159iv\u00e9 du\u0161e mohou nau\u010dit kreslit, a\u00a0to jak na pap\u00edr, tak i\u00a0digit\u00e1ln\u011b. Samotn\u00e1 akce za\u010d\u00edn\u00e1 v\u00a010:00\u00a0a\u00a0nav\u0161t\u00edvit ji m\u016f\u017eete a\u017e do 18:00.<\/p>\n<p>Ostravsk\u00e1 muzejn\u00ed noc<\/p>\n<p class=\"e_bX\">Sobotn\u00ed noc z\u00e1rove\u0148 otev\u0159e br\u00e1ny n\u011bkolika ostravsk\u00fdch muze\u00ed v\u00a0r\u00e1mci muzejn\u00ed noci. Na mimo\u0159\u00e1dn\u00fd program se m\u016f\u017eete t\u011b\u0161it nap\u0159\u00edklad v\u00a0M\u011bstsk\u00e9 galerii sou\u010dasn\u00e9ho um\u011bn\u00ed PLATO, kde budou prob\u00edhat komentovan\u00e9 prohl\u00eddky v\u00fdstav i\u00a0samotn\u00e9 budovy, nebo si n\u00e1v\u0161t\u011bvn\u00edci mohou vybrat z\u00a0dvojice workshop\u016f: v\u00e1z\u00e1n\u00ed kytic a\u00a0v\u00fdroby sv\u00edcn\u016f. <\/p>\n<p class=\"e_bX\">Mo\u017enost voln\u00e9 prohl\u00eddky expozic spole\u010dn\u011b s\u00a0doprovodn\u00fdm programem nab\u00eddne tak\u00e9 Galerie v\u00fdtvarn\u00e9ho um\u011bn\u00ed v\u00a0Ostrav\u011b. Atmosf\u00e9ru v\u00a0muzeu o\u017eiv\u00ed nap\u0159\u00edklad akordeonista Ji\u0159\u00ed Veska nebo zvukov\u00e1 performance hudebn\u00edho v\u00fdtvarn\u00edka V\u00e1clava Ko\u0159\u00ednka. D\u00e1le se m\u016f\u017eete t\u011b\u0161it na netradi\u010dn\u00ed program nap\u0159\u00edklad v\u00a0Ostravsk\u00e9m muzeu, Nov\u00e9 radnici nebo galeri\u00edch D\u00edra, Gong \u010di J\u00e1ma 10.<\/p>\n<p>\u017div\u00e9 sochy ve Slavkov\u011b u\u00a0Brna<\/p>\n<p class=\"e_bX\">Prvn\u00ed \u010dervnov\u00e1 sobota bude ve Slavkov\u011b u\u00a0Brna pat\u0159it vystoupen\u00ed \u017eiv\u00fdch soch a\u00a0bodyartu. N\u00e1v\u0161t\u011bvn\u00edci barokn\u00edho z\u00e1meck\u00e9ho parku Slavkov &#8211; Austerlitz se mohou st\u00e1t i\u00a0porotou a\u00a0zvolit nejlep\u0161\u00edho z\u00a0um\u011blc\u016f cel\u00e9ho festivalu. Doprovodn\u00fd program mysl\u00ed i\u00a0na d\u011bti: v\u00a0d\u011btsk\u00e9 z\u00f3n\u011b se nejmlad\u0161\u00ed n\u00e1v\u0161t\u011bvn\u00edci sami mohou p\u0159ibl\u00ed\u017eit bodyartu d\u00edky malov\u00e1n\u00ed na obli\u010dej, zapl\u00e9t\u00e1n\u00ed vlas\u016f a\u00a0do\u010dasn\u00fdm tetov\u00e1n\u00edm. Pl\u00e1novan\u00fd za\u010d\u00e1tek je v\u00a010:00\u00a0a\u00a0cel\u00e1 slavnost bude trvat \u0161est\u00a0hodin.<\/p>\n<p>\u010cejkovick\u00e9 slavnosti v\u00edna<\/p>\n<p class=\"e_bX\">Z\u00e1meck\u00e1 zahrada v\u00a0\u010cejkovic\u00edch prvn\u00ed \u010dervnov\u00fd v\u00edkend rovn\u011b\u017e o\u017eije. N\u00e1v\u0161t\u011bvn\u00edky \u010dek\u00e1 ochutn\u00e1vka v\u00edn z\u00a0t\u00e9m\u011b\u0159 t\u0159iceti m\u00edstn\u00edch vina\u0159stv\u00ed. V\u00a0sobotu za\u010dne akce v\u00a011:00\u00a0a\u00a0a\u017e do 19:00\u00a0bude prov\u00e1zena cimb\u00e1lovou muzikou Neovesk\u00e1. Od 13:00\u00a0se k\u00a0n\u00ed p\u0159id\u00e1 mu\u017esk\u00fd sbor R\u00e9vokaz, ochutn\u00e1vka v\u00edna bude kon\u010dit ve 20:00.\u00a0N\u00e1sledn\u011b se a\u017e do p\u016flnoci n\u00e1v\u0161t\u011bvn\u00edci mohou t\u011b\u0161it na tane\u010dn\u00ed z\u00e1bavu v\u00a0pod\u00e1n\u00ed kapely Nejvy\u0161\u0161\u00ed \u010das. V\u00a0ned\u011bli pak budou m\u00edt n\u00e1v\u0161t\u011bvn\u00edci mo\u017enost si od 9:00\u00a0do 12:00\u00a0samotn\u00e1 v\u00edna zakoupit.<\/p>\n<p><a data-dot=\"mol-article-card-media\" aria-hidden=\"true\" tabindex=\"-1\" href=\"https:\/\/www.seznamzpravy.cz\/clanek\/magazin-cestovani-ceske-sklarny-exkurze-263540\" class=\"e_n f_lW\" rel=\"nofollow noopener\" target=\"_blank\"><img height=\"1114\"   width=\"1981\" src=\"https:\/\/www.europesays.com\/cz\/wp-content\/uploads\/2026\/06\/dsc-7091.jpeg\" loading=\"eager\" decoding=\"sync\" class=\"e_aa e_Z\"\/><\/a>Dny m\u011bsta Jind\u0159ich\u016fv Hradec<\/p>\n<p class=\"e_bX\">Od p\u00e1tku do ned\u011ble je tak\u00e9 mo\u017enost se z\u00fa\u010dastnit slavnost\u00ed m\u011bsta Jind\u0159ich\u016fv Hradec. N\u00e1m\u011bst\u00ed M\u00edru v\u00a0p\u00e1tek ve\u010der rozezn\u00ed jiho\u010desk\u00fd kytarista Tolky nebo popov\u00fd zp\u011bv\u00e1k Sebastian. V\u00a0sobotu se pak m\u016f\u017eete t\u011b\u0161it nap\u0159\u00edklad na skupinu Laura a\u00a0jej\u00ed tyg\u0159i, Davida Kollera nebo dechovku v\u00a0pod\u00e1n\u00ed skupiny Bo\u017eej\u00e1ci. <\/p>\n<p class=\"e_bX\">Krom\u011b hudby je v\u0161ak mo\u017enost nav\u0161t\u00edvit \u0159adu dal\u0161\u00edch atrakc\u00ed po cel\u00e9m m\u011bst\u011b, nap\u0159\u00edklad d\u011btskou z\u00f3nu v\u00a0Husov\u00fdch sadech, vystoupen\u00ed s\u00a0papou\u0161ky na Planet\u011b papou\u0161k\u016f Jarol, Muzeum fotografie a\u00a0modern\u00edch obrazov\u00fdch d\u011bjin nebo hv\u011bzd\u00e1rnu a\u00a0planet\u00e1rium prof. Franti\u0161ka Nu\u0161la. Akce bude slavnostn\u011b zakon\u010dena v\u00a0ned\u011bli v\u00a018:00\u00a0koncertem Hudby Hradn\u00ed str\u00e1\u017ee a\u00a0Policie \u010cR.<\/p>\n<p>Brou\u0161en\u00ed skla v\u00a0Ni\u017eboru<\/p>\n<p class=\"e_bX\">Ve skl\u00e1rn\u011b R\u00fcckl v\u00a0Ni\u017eboru se v\u00a0r\u00e1mci 11.\u00a0ro\u010dn\u00edku Glass Cutting World Cup uskute\u010dn\u00ed jedine\u010dn\u00e1 t\u0159\u00eddenn\u00ed akce pln\u00e1 skl\u00e1\u0159sk\u00e9ho \u0159emesla, workshop\u016f, komentovan\u00fdch prohl\u00eddek, uk\u00e1zek fouk\u00e1n\u00ed a\u00a0brou\u0161en\u00ed skla, sout\u011b\u017e\u00ed i\u00a0setk\u00e1n\u00ed mistr\u016f brusi\u010d\u016f z\u00a0cel\u00e9ho sv\u011bta. N\u00e1v\u0161t\u011bvn\u00edci v\u0161ech v\u011bkov\u00fdch kategori\u00ed si budou moci vyzkou\u0161et pr\u00e1ci se sklem, nahl\u00e9dnout do hut\u011b a\u00a0brus\u00edrny, u\u017e\u00edt si street food, pivn\u00ed speci\u00e1ly a\u00a0\u0159emeslnou zmrzlinu. <\/p>\n<p class=\"e_bX\">Na ve\u010der jsou p\u0159ipraveny  koncerty Michala Pavl\u00ed\u010dka Band (p\u00e1tek) a\u00a0Eddie Stoilow (sobota). V\u00a0ned\u011bli si m\u016f\u017eete vyzkou\u0161et vlastn\u00ed schopnosti v\u00a0sout\u011b\u017ei pro ve\u0159ejnost. Vstup do venkovn\u00edch prostor are\u00e1lu je zdarma do 18:00, koncerty od 19:00\u00a0jsou zpoplatn\u011bny \u010d\u00e1stkou 390\u00a0K\u010d.<\/p>\n<p>Ho\u0159ick\u00e9 pa\u0161ijov\u00e9 hry<\/p>\n<p class=\"e_bX\">V Ho\u0159ic\u00edch na \u0160umav\u011b se 6.\u00a06.\u00a0odehraje pa\u0161ijov\u00e9 divadlo. Vypr\u00e1v\u011bn\u00ed o\u00a0posledn\u00edch dnech Je\u017e\u00ed\u0161e Krista pat\u0159\u00ed sp\u00ed\u0161e k\u00a0Velikonoc\u016fm, v\u00a0Ho\u0159ic\u00edch ale tato \u010dervnov\u00e1 tradice trv\u00e1 v\u00edce ne\u017e dv\u011b stolet\u00ed. Program odstartuje m\u0161e svat\u00e1 v\u00a0kostele svat\u00e9 Kate\u0159iny v\u00a018:00\u00a0a\u00a0ve 20:30\u00a0se odehraje pa\u0161ijov\u00e9 p\u0159edstaven\u00ed v\u00a0m\u00edstn\u00edm p\u0159\u00edrodn\u00edm amfite\u00e1tru. <\/p>\n<p class=\"e_bX\">P\u0159ed samotnou show m\u016f\u017eete zav\u00edtat do centra Ho\u0159ic a\u00a0nav\u0161t\u00edvit Muzeum pa\u0161ijov\u00fdch her. Pokud v\u00e1s prohl\u00eddka muzea nel\u00e1k\u00e1, m\u016f\u017eete \u010das p\u0159ed divadlem vyu\u017e\u00edt k\u00a0proch\u00e1zce po okol\u00ed. Mapu se zaj\u00edmav\u00fdmi m\u00edsty m\u016f\u017eete naj\u00edt na <a data-dot=\"atm-link\" target=\"_blank\" rel=\"noopener nofollow\" href=\"https:\/\/horickepasije.cz\/prochazka-po-okoli\/\" class=\"e_n\">str\u00e1nk\u00e1ch akce<\/a>. Dal\u0161\u00ed mo\u017enost p\u0159edstaven\u00ed spat\u0159it bude druhou sobotu v\u00a0\u010dervnu, tedy t\u00fdden od prvn\u00ed slavnosti.<\/p>\n","protected":false},"excerpt":{"rendered":"Seznam Fest Seznam slav\u00ed narozeniny a\u00a0hlavn\u00ed oslava vypukne v\u00a0sobotu 6.\u00a0\u010dervna v\u00a0are\u00e1lu Garbe v\u00a0pra\u017esk\u00fdch Hole\u0161ovic\u00edch. Program za\u010dne ve 12\u00a0hodin&hellip;\n","protected":false},"author":2,"featured_media":107171,"comment_status":"","ping_status":"","sticky":false,"template":"","format":"standard","meta":{"footnotes":"","_share_on_mastodon":"0"},"categories":[7],"tags":[43,42,41,40,9838,30464,1837,3912],"class_list":["post-107170","post","type-post","status-publish","format-standard","has-post-thumbnail","category-cesko","tag-ceska-republika","tag-cesko","tag-czech-republic","tag-czechia","tag-festivaly","tag-muzejni-noc","tag-tipy-na-vylety","tag-vylety-po-cesku"],"share_on_mastodon":{"url":"https:\/\/pubeurope.com\/@cz\/116691688865999532","error":""},"_links":{"self":[{"href":"https:\/\/www.europesays.com\/cz\/wp-json\/wp\/v2\/posts\/107170","targetHints":{"allow":["GET"]}}],"collection":[{"href":"https:\/\/www.europesays.com\/cz\/wp-json\/wp\/v2\/posts"}],"about":[{"href":"https:\/\/www.europesays.com\/cz\/wp-json\/wp\/v2\/types\/post"}],"author":[{"embeddable":true,"href":"https:\/\/www.europesays.com\/cz\/wp-json\/wp\/v2\/users\/2"}],"replies":[{"embeddable":true,"href":"https:\/\/www.europesays.com\/cz\/wp-json\/wp\/v2\/comments?post=107170"}],"version-history":[{"count":0,"href":"https:\/\/www.europesays.com\/cz\/wp-json\/wp\/v2\/posts\/107170\/revisions"}],"wp:featuredmedia":[{"embeddable":true,"href":"https:\/\/www.europesays.com\/cz\/wp-json\/wp\/v2\/media\/107171"}],"wp:attachment":[{"href":"https:\/\/www.europesays.com\/cz\/wp-json\/wp\/v2\/media?parent=107170"}],"wp:term":[{"taxonomy":"category","embeddable":true,"href":"https:\/\/www.europesays.com\/cz\/wp-json\/wp\/v2\/categories?post=107170"},{"taxonomy":"post_tag","embeddable":true,"href":"https:\/\/www.europesays.com\/cz\/wp-json\/wp\/v2\/tags?post=107170"}],"curies":[{"name":"wp","href":"https:\/\/api.w.org\/{rel}","templated":true}]}}