{"id":107489,"date":"2026-06-04T16:55:12","date_gmt":"2026-06-04T16:55:12","guid":{"rendered":"https:\/\/www.europesays.com\/cz\/107489\/"},"modified":"2026-06-04T16:55:12","modified_gmt":"2026-06-04T16:55:12","slug":"babis-sebral-vystrcilovi-letadlo-ten-vzal-batoh-a-letel-na-tchaj-wan-linkou","status":"publish","type":"post","link":"https:\/\/www.europesays.com\/cz\/107489\/","title":{"rendered":"Babi\u0161 sebral Vystr\u010dilovi letadlo, ten vzal batoh a\u00a0let\u011bl na Tchaj-wan linkou"},"content":{"rendered":"<p class=\"e_cz\">Aktu\u00e1ln\u00ed ud\u00e1losti kolem p\u0159edsedy Sen\u00e1tu Milo\u0161e Vystr\u010dila, kter\u00fd odlet\u011bl navzdory vl\u00e1dn\u00edmu z\u00e1kazu na Tchaj-wan, neukazuje jen hlubok\u00fd p\u0159\u00edkop v\u00a0\u010desk\u00e9 zahrani\u010dn\u00ed politice. Ukazuje, jak snadno se z\u00a0malichern\u00e9 dom\u00e1c\u00ed pomstychtivosti stane prvot\u0159\u00eddn\u00ed diplomatick\u00fd triumf. Sta\u010d\u00ed k\u00a0tomu jedin\u00e9: kdy\u017e se na jedn\u00e9 stran\u011b potk\u00e1 politick\u00e1 ubohost a\u00a0na stran\u011b druh\u00e9 asijsk\u00fd smysl pro humor, detail a\u00a0solidaritu.<\/p>\n<p>Kdy\u017e premi\u00e9r hraje lokaje<\/p>\n<p class=\"e_cz\">V\u0161echno to za\u010dalo p\u0159\u00ed o\u00a0vl\u00e1dn\u00ed letadlo. Milo\u0161 Vystr\u010dil se na Tchaj-wan chystal po \u0161esti letech od sv\u00e9 prvn\u00ed p\u0159elomov\u00e9 cesty. S\u00a0n\u00edm pades\u00e1tka \u010desk\u00fdch podnikatel\u016f, z\u00e1stupc\u016f univerzit jako UK, MU \u010di \u010cVUT, a\u00a0v\u011bdc\u016f. Lid\u00e9, kte\u0159\u00ed na demokratick\u00e9m ostrov\u011b, jen\u017e v\u00a0\u010cesku sv\u00fdmi investicemi vytvo\u0159il p\u0159es 24\u00a0tis\u00edc pracovn\u00edch m\u00edst, jeli domlouvat re\u00e1ln\u00fd byznys s\u00a0vysokou p\u0159idanou hodnotou. Mikro\u010dipy, um\u011blou inteligenci, drony, modern\u00ed medic\u00ednu.<\/p>\n<p class=\"e_cz\">Jen\u017ee vl\u00e1dn\u00ed kabinet slo\u017een\u00fd z\u00a0hnut\u00ed ANO, SPD a\u00a0Motorist\u016f \u0159ekl ne. Nov\u011b toti\u017e o\u00a0letech \u00fastavn\u00edch \u010dinitel\u016f nerozhoduje cel\u00e1 vl\u00e1da na n\u00e1vrh ministerstva obrany, jak tomu bylo od roku 1998, ale osobn\u011b premi\u00e9r. A\u00a0ten sv\u00e9m Facebooku nahr\u00e1l video, kde <a data-dot=\"atm-link\" target=\"_blank\" rel=\"ugc noopener nofollow\" href=\"https:\/\/www.irozhlas.cz\/zpravy-domov\/stoji-miliony-a-nici-byznys-rekl-babis-k-vystrcilove-letu-na-tchaj-wan-omezenost_2604191000_med\" class=\"e_x\">cestu ozna\u010dil za \u201ev\u00fdlet za miliony<\/a>\u201c, kter\u00fd \u201eni\u010dit n\u00e1\u0161 byznys\u201c.<\/p>\n<p class=\"e_cz\">\u201eMy budeme d\u011blat pragmaticky zahrani\u010dn\u00ed politiku pro na\u0161e firmy, aby d\u011blaly byznys, ne tu hodnotovou, kter\u00e1 v\u00edcem\u00e9n\u011b nic nep\u0159inesla,\u201c prohl\u00e1sil premi\u00e9r.<\/p>\n<p class=\"e_cz\">Zaprv\u00e9, d\u011blat \u201epragmatickou politiku bez hodnot\u201c m\u00e1 sv\u016fj p\u0159esn\u00fd \u010desk\u00fd p\u0159eklad: \u0159\u00edk\u00e1 se tomu oportunismus a\u00a0lokajstv\u00ed. Zadruh\u00e9, ekonomick\u00e1 realita Babi\u0161ova slova usv\u011bd\u010duje ze l\u017ei. Tchajwansk\u00e9 technologick\u00e9 investice v\u00a0\u010cR dlouhodob\u011b drtiv\u011b por\u00e1\u017eej\u00ed ty \u010d\u00ednsk\u00e9. Z\u00a0Pekingu jsme se za ta l\u00e9ta slib\u016f do\u010dkali maxim\u00e1ln\u011b tak n\u00e1kupu fotbalov\u00e9 Slavie, n\u011bkolika budov a\u00a0levn\u00fdch cetek. Tchaj-wan u\u00a0n\u00e1s stav\u00ed high-tech pr\u016fmysl.<\/p>\n<p class=\"e_cz\">Vystr\u010dil to pojmenoval p\u0159esn\u011b: <a data-dot=\"atm-link\" target=\"_blank\" rel=\"ugc noopener nofollow\" href=\"https:\/\/www.seznamzpravy.cz\/clanek\/domaci-politika-odmitnuti-vladniho-letounu-je-podraz-rika-vystrcil-poleti-linkou-304544\" class=\"e_x\">byl to podraz a\u00a0n\u016f\u017e do zad \u010desk\u00fdm firm\u00e1m<\/a>. P\u016fvodn\u011b p\u0159itom vl\u00e1dn\u00ed speci\u00e1l rezervovan\u00fd byl, stejn\u011b jako pro Draho\u0161ovu cestu do Vatik\u00e1nu. Pak ale p\u0159i\u0161el befel z\u00a0premi\u00e9rsk\u00e9 kancel\u00e1\u0159e \u201eletadla se odeb\u00edraj\u00ed\u201c, patrn\u011b v\u00a0hlubok\u00e9m p\u0159edklonu sm\u011brem k\u00a0Pekingu. \u010c\u00ednsk\u00e1 ambas\u00e1da ostatn\u011b okam\u017eit\u011b za\u010dala chrlit hrozby o \u201ez\u00e1va\u017en\u00e9m z\u00e1sahu do vnit\u0159n\u00edch z\u00e1le\u017eitost\u00ed\u201c.<\/p>\n<p class=\"e_cz\">Jen\u017ee Vystr\u010dil ud\u011blal to, co m\u011bl. \u0158ekl, \u017ee <a data-dot=\"atm-link\" target=\"_blank\" rel=\"ugc noopener nofollow\" href=\"https:\/\/zpravy.aktualne.cz\/domaci\/cesta-na-tchaj-wan-je-hodnotova-i-pragmaticka-rekl-pred-odletem-vystrcil\/r~aaa29a879af49634f8f6adc0fc9ae691\/\" class=\"e_x\">na Tchaj-wan polet\u00ed, i\u00a0kdyby vl\u00e1dn\u00ed letadlo nedostal<\/a>. A\u00a0tak cel\u00e1 delegace nakonec nakoupila letenky a\u00a0v ned\u011bli r\u00e1no nastoupila na b\u011b\u017enou komer\u010dn\u00ed linku China Airlines. Mimochodem\u00a0\u2013 linku, kter\u00e1 mezi Prahou a\u00a0Tchaj-pej\u00ed vznikla pr\u00e1v\u011b jako p\u0159\u00edm\u00fd d\u016fsledek Vystr\u010dilovy minul\u00e9 diplomatick\u00e9 aktivity.<\/p>\n<p>\u010ce\u0161t\u00ed chytrol\u00edni a \u201ekultura sva\u010dinov\u00fdch bat\u016f\u017ek\u016f\u201c<\/p>\n<p class=\"e_cz\">P\u0159edseda Sen\u00e1tu se na cestu linkov\u00fdm letadlem sbalil jako civiln\u00ed pasa\u017e\u00e9r. Na pra\u017esk\u00e9m leti\u0161ti se objevil v\u00a0obleku, s\u00a0batohem na z\u00e1dech.<\/p>\n<p class=\"e_cz\">\u010cesk\u00fd internet okam\u017eit\u011b explodoval. Lid\u00e9, kte\u0159\u00ed doma chod\u00ed v\u00a0tepl\u00e1k\u00e1ch s\u00a0vytahan\u00fdmi koleny i\u00a0do obchodu pro rohl\u00edky, se n\u00e1hle stali arbitry elegance.<\/p>\n<p class=\"e_cz\">\u201eVystr\u010dil s\u00a0b\u00e1glem jako buran, asi aby mu n\u011bkdo ze southaiwanc\u016f neukradl doklady a\u00a0prachy,\u201c napsal jeden z\u00a0komentuj\u00edc\u00edch. \u201eTo je hezk\u00e9, pane Vystr\u010dil, \u017ee jste si v\u00a0bat\u016f\u017eku p\u0159inesl sva\u010dinu, ale p\u0159\u00ed\u0161t\u011b pou\u017eijte vchod pro slu\u017eebnictvo,\u201c sekundoval dal\u0161\u00ed.<\/p>\n<p class=\"e_cz\">Posm\u011b\u0161ky o\u00a0tom, jak \u0161\u00e9f Sen\u00e1tu vypad\u00e1 ned\u016fstojn\u011b, zaplavily soci\u00e1ln\u00ed s\u00edt\u011b. V\u00a0o\u010d\u00edch dom\u00e1c\u00edch kritik\u016f a\u00a0vl\u00e1dn\u00edch troll\u016f m\u011bl b\u00fdt Vystr\u010dil pon\u00ed\u017een\u00a0\u2013 o\u017eebra\u010den o\u00a0lesk vl\u00e1dn\u00edho speci\u00e1lu, nucen ma\u010dkat se na sedadle economy class s\u00a0batohem jako n\u011bjak\u00fd student na eurov\u00edkendu. Dom\u00e1c\u00ed \u00fakol \u201eznep\u0159\u00edjemnit a\u00a0zesm\u011b\u0161nit reprezentanta hodnotov\u00e9 politiky\u201c se zd\u00e1l b\u00fdt spln\u011bn.<\/p>\n<p class=\"e_cz\">Jen\u017ee pak letadlo p\u0159ist\u00e1lo v\u00a0Tchaj-peji.<\/p>\n<p>Batohov\u00e1 diplomacie v\u00a0praxi<\/p>\n<p class=\"e_cz\">Tchajwansk\u00e1 diplomacie je, na rozd\u00edl od t\u00e9 \u010desk\u00e9 vl\u00e1dn\u00ed, nesm\u00edrn\u011b sofistikovan\u00e1, citliv\u00e1 a\u00a0m\u00e1 obrovsk\u00fd smysl pro humor. Tamn\u00ed politick\u00e9 \u0161pi\u010dky velmi dob\u0159e v\u011bd\u011bly, za jak\u00fdch okolnost\u00ed \u010desk\u00e1 delegace p\u0159ilet\u011bla. V\u011bd\u011bly o\u00a0\u010d\u00ednsk\u00e9m tlaku, o\u00a0Babi\u0161ov\u011b z\u00e1kazu letadla i\u00a0o trapn\u00fdch \u00fatoc\u00edch na soci\u00e1ln\u00edch s\u00edt\u00edch.<\/p>\n<p class=\"e_cz\">Kdy\u017e Milo\u0161e Vystr\u010dila p\u0159ijal v\u00a0Prezidentsk\u00e9m pal\u00e1ci nov\u00fd tchajwansk\u00fd prezident Lai Ching-te, aby <a data-dot=\"atm-link\" target=\"_blank\" rel=\"ugc noopener nofollow\" href=\"https:\/\/www.senat.cz\/zpravodajstvi\/zprava.php?ke_dni=2.6.2026&amp;O=15&amp;id=4074&amp;from=M\" class=\"e_x\">mu p\u0159edal \u0158\u00e1d p\u0159\u00edzniv\u00fdch oblak\u016f <\/a>(civiln\u00ed st\u00e1tn\u00ed vyznamen\u00e1n\u00ed, kter\u00e9 v\u00a0minulosti dostal t\u0159eba Edvard Bene\u0161 a\u00a0in memoriam Jaroslav Kubera), do\u0161lo na ofici\u00e1ln\u00ed v\u00fdm\u011bnu d\u00e1rk\u016f. A\u00a0pak se stalo n\u011bco, co \u010desk\u00e9 posm\u011bv\u00e1\u010dky paralyzovalo. <a data-dot=\"atm-link\" target=\"_blank\" rel=\"ugc noopener nofollow\" href=\"https:\/\/www.forum24.cz\/tchajwansky-prezident-si-vzal-batoh-jako-vystrcil-z-posmesku-ceskych-dezolatu-udelal-symbol-solidarity?utm_campaign=hp_feed&amp;utm_medium=seznam_distribuce&amp;utm_source=www.seznam.cz#dop_ab_variant=1705801&amp;dop_source_zone_name=hpfeed.sznhp.box\" class=\"e_x\">Prezident Lai Ching-te si vzal batoh tak\u00e9.<\/a><\/p>\n<p class=\"e_cz\">Na ofici\u00e1ln\u00edch z\u00e1b\u011brech stoj\u00ed vedle sebe\u00a0\u2013 \u010desk\u00fd p\u0159edseda Sen\u00e1tu a\u00a0tchajwansk\u00fd prezident, oba v\u00a0oblec\u00edch a\u00a0oba s\u00a0batohem na z\u00e1dech. Nebyl to m\u00f3dn\u00ed v\u00fdst\u0159elek. Bylo to hlubok\u00e9, skv\u011ble promy\u0161len\u00e9 politick\u00e9 gesto solidarity. Prezident demokratick\u00e9 ostrovn\u00ed asijsk\u00e9 velmoci t\u00edm cel\u00e9mu sv\u011btu (a hlavn\u011b Praze a\u00a0Pekingu) vzk\u00e1zal: \u201eMy v\u00edme, \u010d\u00edm jsi musel proj\u00edt, abys sem mohl p\u0159ilet\u011bt. A\u00a0stoj\u00edme p\u0159i tob\u011b. Ten batoh nen\u00ed ostuda, ten batoh je symbol odvahy.\u201c<\/p>\n<p class=\"e_cz\">Z ter\u010de posm\u011bchu se b\u011bhem n\u011bkolika vte\u0159in stal mezin\u00e1rodn\u00ed symbol partnerstv\u00ed. Dresovou diplomacii, kdy si st\u00e1tn\u00edci vym\u011b\u0148uj\u00ed fotbalov\u00e1 tri\u010dka, nahradila diplomacie bat\u016f\u017ekov\u00e1.<\/p>\n<p>Dva sv\u011bty \u010desk\u00e9 politiky<\/p>\n<p class=\"e_cz\">Cel\u00fd tenhle p\u0159\u00edb\u011bh v\u00a0sob\u011b nese dokonalou metaforu o\u00a0tom, v\u00a0jak schizofrenn\u00edm stavu se \u010desk\u00e1 politika nach\u00e1z\u00ed. Na jedn\u00e9 stran\u011b tu m\u00e1me vl\u00e1dn\u00ed garnituru, kter\u00e1 vid\u00ed sv\u011bt skrze tabulky Agrofertu a\u00a0horizont p\u0159\u00ed\u0161t\u00edch voleb. Sv\u011bt, kde se \u00fasp\u011bch m\u011b\u0159\u00ed t\u00edm, jestli se dostate\u010dn\u011b hluboko uklon\u00edte autorit\u00e1\u0159sk\u00e9mu re\u017eimu, abyste n\u00e1hodou neohrozili export levn\u00e9ho zbo\u017e\u00ed, a\u00a0kde se nejvy\u0161\u0161\u00ed st\u00e1tn\u00ed n\u00e1v\u0161t\u011bvy zakazuj\u00ed z\u00a0\u010dist\u00e9 osobn\u00ed malichernosti.<\/p>\n<p class=\"e_cz\">Na druh\u00e9 stran\u011b stoj\u00ed instituce jako Sen\u00e1t, kter\u00e1 si dr\u017e\u00ed havlovskou kontinuitu (ostatn\u011b delegace na Tchaj-wanu odhalovala lavi\u010dku V\u00e1clava Havla k\u00a0jeho nedo\u017eit\u00fdm 90.\u00a0narozenin\u00e1m). Sv\u011bt, kde plat\u00ed, \u017ee demokratick\u00e9 zem\u011b si samy ur\u010duj\u00ed, s\u00a0k\u00fdm se budou p\u0159\u00e1telit, a\u00a0nenechaj\u00ed si to diktovat ani Pekingem, ani Strakovou akademi\u00ed.<\/p>\n<p class=\"e_cz\">Milo\u0161 Vystr\u010dil jel na Tchaj-wan d\u011blat hodnotovou pragmatickou politiku. A\u00a0p\u0159ivezl z\u00a0n\u00ed jasn\u00fd vzkaz: kdy\u017e m\u00e1te rovnou p\u00e1te\u0159, tak v\u00e1m k\u00a0mezin\u00e1rodn\u00edmu respektu sta\u010d\u00ed i\u00a0letenka z\u00a0b\u011b\u017en\u00e9 linky a\u00a0batoh na z\u00e1dech. Kdy\u017e ji nem\u00e1te, nepom\u016f\u017ee v\u00e1m ani cel\u00e1 letka vl\u00e1dn\u00edch speci\u00e1l\u016f.<\/p>\n","protected":false},"excerpt":{"rendered":"Aktu\u00e1ln\u00ed ud\u00e1losti kolem p\u0159edsedy Sen\u00e1tu Milo\u0161e Vystr\u010dila, kter\u00fd odlet\u011bl navzdory vl\u00e1dn\u00edmu z\u00e1kazu na Tchaj-wan, neukazuje jen hlubok\u00fd p\u0159\u00edkop&hellip;\n","protected":false},"author":2,"featured_media":107490,"comment_status":"","ping_status":"","sticky":false,"template":"","format":"standard","meta":{"footnotes":"","_share_on_mastodon":"0"},"categories":[7],"tags":[266,43,42,202,41,40,752,69,3654,5529,174,5019,562,652],"class_list":["post-107489","post","type-post","status-publish","format-standard","has-post-thumbnail","category-cesko","tag-andrej-babis","tag-ceska-republika","tag-cesko","tag-cina","tag-czech-republic","tag-czechia","tag-diplomacie","tag-investice","tag-letadla","tag-milos-vystrcil","tag-politika","tag-tchaj-wan","tag-vlada-andreje-babise","tag-vztahy"],"share_on_mastodon":{"url":"https:\/\/pubeurope.com\/@cz\/116692892022623530","error":""},"_links":{"self":[{"href":"https:\/\/www.europesays.com\/cz\/wp-json\/wp\/v2\/posts\/107489","targetHints":{"allow":["GET"]}}],"collection":[{"href":"https:\/\/www.europesays.com\/cz\/wp-json\/wp\/v2\/posts"}],"about":[{"href":"https:\/\/www.europesays.com\/cz\/wp-json\/wp\/v2\/types\/post"}],"author":[{"embeddable":true,"href":"https:\/\/www.europesays.com\/cz\/wp-json\/wp\/v2\/users\/2"}],"replies":[{"embeddable":true,"href":"https:\/\/www.europesays.com\/cz\/wp-json\/wp\/v2\/comments?post=107489"}],"version-history":[{"count":0,"href":"https:\/\/www.europesays.com\/cz\/wp-json\/wp\/v2\/posts\/107489\/revisions"}],"wp:featuredmedia":[{"embeddable":true,"href":"https:\/\/www.europesays.com\/cz\/wp-json\/wp\/v2\/media\/107490"}],"wp:attachment":[{"href":"https:\/\/www.europesays.com\/cz\/wp-json\/wp\/v2\/media?parent=107489"}],"wp:term":[{"taxonomy":"category","embeddable":true,"href":"https:\/\/www.europesays.com\/cz\/wp-json\/wp\/v2\/categories?post=107489"},{"taxonomy":"post_tag","embeddable":true,"href":"https:\/\/www.europesays.com\/cz\/wp-json\/wp\/v2\/tags?post=107489"}],"curies":[{"name":"wp","href":"https:\/\/api.w.org\/{rel}","templated":true}]}}