{"id":107985,"date":"2026-06-05T07:56:09","date_gmt":"2026-06-05T07:56:09","guid":{"rendered":"https:\/\/www.europesays.com\/cz\/107985\/"},"modified":"2026-06-05T07:56:09","modified_gmt":"2026-06-05T07:56:09","slug":"seniorka-v-prerove-usnula-za-volantem-auto-ponicilo-popelnice-i-fasady-domu","status":"publish","type":"post","link":"https:\/\/www.europesays.com\/cz\/107985\/","title":{"rendered":"Seniorka v\u00a0P\u0159erov\u011b usnula za volantem. Auto poni\u010dilo popelnice i\u00a0fas\u00e1dy dom\u016f"},"content":{"rendered":"<p class=\"c_bz\">\u201eStar\u0161\u00ed \u017eena jela po ulici Prost\u011bjovsk\u00e1 ve sm\u011bru od ulice Hranick\u00e1 a\u00a0p\u0159i pr\u016fjezdu m\u00edrnou pravoto\u010divou zat\u00e1\u010dkou ji vlivem \u00fanavy p\u0159emohl mikrosp\u00e1nek. Pokra\u010dovala rovn\u011b a\u00a0vyjela vlevo mimo komunikaci, kde najela nejd\u0159\u00edve do k\u0159ov\u00ed v\u00a0travnat\u00e9m p\u00e1su lemuj\u00edc\u00edm silnici, pot\u00e9 narazila do \u010dty\u0159 plastov\u00fdch popelnic a\u00a0d\u00e1le porazila plastov\u00fd sloupek rozvodny telekomunikac\u00ed,\u201c informovala v\u00a0p\u00e1tek policejn\u00ed mluv\u010d\u00ed Milu\u0161e Zaj\u00edcov\u00e1.<\/p>\n<p class=\"c_bz\">Po\u0161kozeny byly tak\u00e9 fas\u00e1dy dvou dom\u016f a\u00a0okapov\u00fd svod. Vozidlo nakonec z\u016fstalo st\u00e1t na chodn\u00edku.<\/p>\n<p class=\"c_bz\">\u201eP\u0159i nehod\u011b ke zran\u011bn\u00ed osob nedo\u0161lo a\u00a0dechov\u00e1 zkou\u0161ka u\u00a0\u0159idi\u010dky byla negativn\u00ed. Hmotn\u00e1 \u0161koda byla p\u0159edb\u011b\u017en\u011b odhadnuta na 100\u00a0tis\u00edc korun,\u201c doplnila policejn\u00ed mluv\u010d\u00ed.<\/p>\n<p><a data-dot=\"atm-link\" target=\"_self\" href=\"https:\/\/www.novinky.cz\/clanek\/krimi-ridice-v-prerove-premohl-mikrospanek-se-skodovkou-narazil-do-stromu-a-skoncil-v-nemocnici-40524929\" class=\"c_N\" rel=\"nofollow noopener\"><img height=\"360\" width=\"640\" src=\"https:\/\/www.europesays.com\/cz\/wp-content\/uploads\/2026\/06\/policie-dopravni-nehody-mikrospanek-prerov.jpeg\" loading=\"lazy\" decoding=\"async\" class=\"c_t c_r c_l\"\/><\/a><\/p>\n","protected":false},"excerpt":{"rendered":"\u201eStar\u0161\u00ed \u017eena jela po ulici Prost\u011bjovsk\u00e1 ve sm\u011bru od ulice Hranick\u00e1 a\u00a0p\u0159i pr\u016fjezdu m\u00edrnou pravoto\u010divou zat\u00e1\u010dkou ji vlivem&hellip;\n","protected":false},"author":2,"featured_media":107986,"comment_status":"","ping_status":"","sticky":false,"template":"","format":"standard","meta":{"footnotes":"","_share_on_mastodon":"0"},"categories":[7],"tags":[43,42,41,40,323,31424,325,3534,4367],"class_list":["post-107985","post","type-post","status-publish","format-standard","has-post-thumbnail","category-cesko","tag-ceska-republika","tag-cesko","tag-czech-republic","tag-czechia","tag-dopravni-nehody","tag-mikrospanek","tag-policie","tag-prerov","tag-seniori"],"share_on_mastodon":{"url":"https:\/\/pubeurope.com\/@cz\/116696435314167687","error":""},"_links":{"self":[{"href":"https:\/\/www.europesays.com\/cz\/wp-json\/wp\/v2\/posts\/107985","targetHints":{"allow":["GET"]}}],"collection":[{"href":"https:\/\/www.europesays.com\/cz\/wp-json\/wp\/v2\/posts"}],"about":[{"href":"https:\/\/www.europesays.com\/cz\/wp-json\/wp\/v2\/types\/post"}],"author":[{"embeddable":true,"href":"https:\/\/www.europesays.com\/cz\/wp-json\/wp\/v2\/users\/2"}],"replies":[{"embeddable":true,"href":"https:\/\/www.europesays.com\/cz\/wp-json\/wp\/v2\/comments?post=107985"}],"version-history":[{"count":0,"href":"https:\/\/www.europesays.com\/cz\/wp-json\/wp\/v2\/posts\/107985\/revisions"}],"wp:featuredmedia":[{"embeddable":true,"href":"https:\/\/www.europesays.com\/cz\/wp-json\/wp\/v2\/media\/107986"}],"wp:attachment":[{"href":"https:\/\/www.europesays.com\/cz\/wp-json\/wp\/v2\/media?parent=107985"}],"wp:term":[{"taxonomy":"category","embeddable":true,"href":"https:\/\/www.europesays.com\/cz\/wp-json\/wp\/v2\/categories?post=107985"},{"taxonomy":"post_tag","embeddable":true,"href":"https:\/\/www.europesays.com\/cz\/wp-json\/wp\/v2\/tags?post=107985"}],"curies":[{"name":"wp","href":"https:\/\/api.w.org\/{rel}","templated":true}]}}