{"id":108196,"date":"2026-06-05T11:16:14","date_gmt":"2026-06-05T11:16:14","guid":{"rendered":"https:\/\/www.europesays.com\/cz\/108196\/"},"modified":"2026-06-05T11:16:14","modified_gmt":"2026-06-05T11:16:14","slug":"moskva-poprve-priznala-problem-klicoveho-pilire-ruske-ekonomiky-zapad-tusi-co-za-tim-skutecne-je","status":"publish","type":"post","link":"https:\/\/www.europesays.com\/cz\/108196\/","title":{"rendered":"Moskva poprv\u00e9 p\u0159iznala probl\u00e9m kl\u00ed\u010dov\u00e9ho pil\u00ed\u0159e rusk\u00e9 ekonomiky. Z\u00e1pad tu\u0161\u00ed, co za t\u00edm skute\u010dn\u011b je"},"content":{"rendered":"<p>T\u011b\u017eba ropy v Rusku se od za\u010d\u00e1tku leto\u0161n\u00edho roku sn\u00ed\u017eila, \u0159ekl ve \u010dtvrtek vicepremi\u00e9r Alexandr Novak. Pokles p\u0159i\u010detl nepl\u00e1novan\u00fdm odst\u00e1vk\u00e1m rafineri\u00ed kv\u016fli \u00fadr\u017eb\u011b. Je to poprv\u00e9, kdy p\u0159edstavitel rusk\u00e9 vl\u00e1dy ve\u0159ejn\u011b p\u0159iznal, \u017ee produkce ropy je letos ni\u017e\u0161\u00ed, uvedla agentura Reuters. Rusko je t\u0159et\u00edm nejv\u011bt\u0161\u00edm producentem ropy na sv\u011bt\u011b. \u00dadaje o t\u011b\u017eb\u011b p\u0159estala zem\u011b zve\u0159ej\u0148ovat v dubnu 2023, v\u00edce ne\u017e rok po za\u010d\u00e1tku rusk\u00e9 vojensk\u00e9 invaze na Ukrajinu.<\/p>\n<p>D\u016fvod, pro\u010d rusk\u00e9 rafinerie p\u0159i zpracov\u00e1n\u00ed ropy musej\u00ed p\u0159istupovat k odst\u00e1vk\u00e1m, vicepremi\u00e9r neuvedl. Ukrajina ale v posledn\u00edch m\u011bs\u00edc\u00edch zes\u00edlila \u00fatoky na rusk\u00e9 rafinerie.<\/p>\n<p>\u201eSou\u010dasn\u00e1 produkce je skute\u010dn\u011b o n\u011bco ni\u017e\u0161\u00ed ne\u017e na za\u010d\u00e1tku roku,\u201c \u0159ekl Novak novin\u00e1\u0159\u016fm na Petrohradsk\u00e9m mezin\u00e1rodn\u00edm ekonomick\u00e9m f\u00f3ru. \u201cJe to zp\u016fsobeno t\u00edm, \u017ee n\u011bkolik na\u0161ich rafineri\u00ed v sou\u010dasnosti proch\u00e1z\u00ed nepl\u00e1novanou \u00fadr\u017ebou,\u201e pokra\u010doval vicepremi\u00e9r. \u201cP\u0159irozen\u011b vyu\u017e\u00edv\u00e1me na\u0161i exportn\u00ed infrastrukturu na maximum. Jakmile se rafinerie vr\u00e1t\u00ed do pln\u00e9ho provozu, produkce vzroste a vr\u00e1t\u00ed se na p\u0159edchoz\u00ed \u00farove\u0148,\u201e dodal.<\/p>\n<p>Mezin\u00e1rodn\u00ed agentura pro energii (IEA) uv\u00e1d\u00ed, \u017ee t\u011b\u017eba ropy v Rusku v dubnu meziro\u010dn\u011b klesla o 460 tis\u00edc barel\u016f denn\u011b a \u010dinila p\u0159ibli\u017en\u011b 8,8 milionu barel\u016f denn\u011b.<\/p>\n<p>Novak tak\u00e9 \u0159ekl, \u017ee skupina OPEC+ na sv\u011btov\u00e9m trhu s ropou i nad\u00e1le hraje d\u016fle\u017eitou roli, p\u0159esto\u017ee ji opustily Spojen\u00e9 arabsk\u00e9 emir\u00e1ty. Skupina OPEC+ zahrnuje Organizaci zem\u00ed vyv\u00e1\u017eej\u00edc\u00edch ropu (OPEC) a jej\u00ed spojence v \u010dele s Ruskem. \u201cV ka\u017ed\u00e9m p\u0159\u00edpad\u011b OPEC a na\u0161e dohody, kter\u00e9 prok\u00e1zaly svou \u00fa\u010dinnost, pom\u00e1haj\u00ed zm\u00edr\u0148ovat v\u00fdkyvy a nestabilitu na glob\u00e1ln\u00edch trz\u00edch,\u201c \u0159ekl Novak.<\/p>\n<p>Petrohradsk\u00e9 f\u00f3rum jako v\u00fdkladn\u00ed sk\u0159\u00ed\u0148 Moskvy<\/p>\n<p>Mezin\u00e1rodn\u00edmu ekonomick\u00e9mu f\u00f3ru v Petrohrad\u011b se \u010dasto p\u0159ezd\u00edv\u00e1 &#8218;Rusk\u00fd Davos&#8216;, akce je toti\u017e pova\u017eov\u00e1na za alternativu ke ka\u017edoro\u010dn\u00edmu setk\u00e1n\u00ed podnikatel\u016f a politik\u016f ve \u0161v\u00fdcarsk\u00e9m horsk\u00e9m letovisku Davos. Petrohradsk\u00e9 f\u00f3rum pat\u0159\u00ed k nejv\u00fdznamn\u011bj\u0161\u00edm mezin\u00e1rodn\u00edm akc\u00edm, kter\u00e9 Rusko po\u0159\u00e1d\u00e1, \u00fa\u010dastn\u00ed se ho i prezident Vladimir Putin. Leto\u0161n\u00edho ro\u010dn\u00edku, kter\u00fd se kon\u00e1 od 3. do 6. \u010dervna, by se podle organiz\u00e1tor\u016f m\u011blo z\u00fa\u010dastnit kolem 20 tis\u00edc host\u016f z v\u00edce ne\u017e 130 zem\u00ed sv\u011bta.<\/p>\n<p>F\u00f3rum slou\u017e\u00ed jako hlavn\u00ed platforma pro setk\u00e1v\u00e1n\u00ed rusk\u00fdch politik\u016f, byznysmen\u016f a zahrani\u010dn\u00edch partner\u016f. Po odchodu v\u011bt\u0161iny z\u00e1padn\u00edch firem z rusk\u00e9ho trhu po rusk\u00e9 vojensk\u00e9 invazi na Ukrajinu z \u00fanora 2022 se akce zam\u011b\u0159uje hlavn\u011b na zem\u011b v Asii, Africe, na Bl\u00edzk\u00e9m v\u00fdchod\u011b a v Latinsk\u00e9 Americe. Ze z\u00e1padn\u00edch politik\u016f se spekulovalo o \u00fa\u010dasti b\u00fdval\u00e9ho n\u011bmeck\u00e9ho kancl\u00e9\u0159e Gerharda Schr\u00f6dera, zat\u00edm se ale neobjevily zpr\u00e1vy, \u017ee petrohradsk\u00e9 f\u00f3rum nav\u0161t\u00edvil.<\/p>\n","protected":false},"excerpt":{"rendered":"T\u011b\u017eba ropy v Rusku se od za\u010d\u00e1tku leto\u0161n\u00edho roku sn\u00ed\u017eila, \u0159ekl ve \u010dtvrtek vicepremi\u00e9r Alexandr Novak. Pokles p\u0159i\u010detl&hellip;\n","protected":false},"author":2,"featured_media":108197,"comment_status":"","ping_status":"","sticky":false,"template":"","format":"standard","meta":{"footnotes":"","_share_on_mastodon":"0"},"categories":[11],"tags":[31460,9481,1726,16106,205,1730,61,54,3199,30625,53,52],"class_list":["post-108196","post","type-post","status-publish","format-standard","has-post-thumbnail","category-svet","tag-alexandr-novak","tag-mezinarodni-agentura-pro-energii","tag-moskva","tag-opec","tag-ropa","tag-ruska-invaze-na-ukrajinu","tag-rusko","tag-svet","tag-tezba","tag-vlada-ruske-federace","tag-world","tag-world-news"],"share_on_mastodon":{"url":"https:\/\/pubeurope.com\/@cz\/116697221766519628","error":""},"_links":{"self":[{"href":"https:\/\/www.europesays.com\/cz\/wp-json\/wp\/v2\/posts\/108196","targetHints":{"allow":["GET"]}}],"collection":[{"href":"https:\/\/www.europesays.com\/cz\/wp-json\/wp\/v2\/posts"}],"about":[{"href":"https:\/\/www.europesays.com\/cz\/wp-json\/wp\/v2\/types\/post"}],"author":[{"embeddable":true,"href":"https:\/\/www.europesays.com\/cz\/wp-json\/wp\/v2\/users\/2"}],"replies":[{"embeddable":true,"href":"https:\/\/www.europesays.com\/cz\/wp-json\/wp\/v2\/comments?post=108196"}],"version-history":[{"count":0,"href":"https:\/\/www.europesays.com\/cz\/wp-json\/wp\/v2\/posts\/108196\/revisions"}],"wp:featuredmedia":[{"embeddable":true,"href":"https:\/\/www.europesays.com\/cz\/wp-json\/wp\/v2\/media\/108197"}],"wp:attachment":[{"href":"https:\/\/www.europesays.com\/cz\/wp-json\/wp\/v2\/media?parent=108196"}],"wp:term":[{"taxonomy":"category","embeddable":true,"href":"https:\/\/www.europesays.com\/cz\/wp-json\/wp\/v2\/categories?post=108196"},{"taxonomy":"post_tag","embeddable":true,"href":"https:\/\/www.europesays.com\/cz\/wp-json\/wp\/v2\/tags?post=108196"}],"curies":[{"name":"wp","href":"https:\/\/api.w.org\/{rel}","templated":true}]}}