{"id":108433,"date":"2026-06-05T15:22:09","date_gmt":"2026-06-05T15:22:09","guid":{"rendered":"https:\/\/www.europesays.com\/cz\/108433\/"},"modified":"2026-06-05T15:22:09","modified_gmt":"2026-06-05T15:22:09","slug":"jindrich-rajchl-povede-komisi-k-dozimetru-a-uz-se-tesi","status":"publish","type":"post","link":"https:\/\/www.europesays.com\/cz\/108433\/","title":{"rendered":"Jind\u0159ich Rajchl povede komisi k Dozimetru. A u\u017e se t\u011b\u0161\u00ed"},"content":{"rendered":"<p>&#13;<br \/>\n\tSn\u011bmovn\u00ed vy\u0161et\u0159ovac\u00ed komisi ke korup\u010dn\u00ed kauze Dozimetr povede poslanec Jind\u0159ich Rajchl. V tajn\u00e9 volb\u011b z\u00edskal 90 hlas\u016f poslanc\u016f, ke zvolen\u00ed jich bylo pot\u0159eba nejm\u00e9n\u011b 87. Porazil tak poslance ODS Pavla \u017d\u00e1\u010dka, kter\u00e9ho podpo\u0159ilo 76 z\u00e1konod\u00e1rc\u016f. Zvolen\u00edm p\u0159edsedy m\u016f\u017ee komise naplno zah\u00e1jit svou \u010dinnost.<\/p>\n<p>&#13;<br \/>\n\tRajchl pat\u0159il k inici\u00e1tor\u016fm vzniku komise a dlouhodob\u011b prosazoval, aby se Poslaneck\u00e1 sn\u011bmovna p\u0159\u00edpadem zab\u00fdvala i na parlamentn\u00ed \u00farovni. Kauzu Dozimetr opakovan\u011b ozna\u010doval za jednu z nejz\u00e1va\u017en\u011bj\u0161\u00edch korup\u010dn\u00edch af\u00e9r posledn\u00edch let.<\/p>\n<p>&#13;<br \/>\n\tKritizoval p\u0159edev\u0161\u00edm jej\u00ed politick\u00e9 souvislosti a tvrdil, \u017ee je nutn\u00e9 prov\u011b\u0159it nejen samotn\u00e9 trestn\u00ed \u0159\u00edzen\u00ed, ale i \u0161ir\u0161\u00ed vazby kolem pra\u017esk\u00e9ho Dopravn\u00edho podniku, ve\u0159ejn\u00fdch zak\u00e1zek a politick\u00e9ho vlivu.<\/p>\n<p>&#13;<br \/>\n\tRajchl: Nejde o hon na \u010darod\u011bjnice<\/p>\n<p>&#13;<br \/>\n\tPo sv\u00e9m zvolen\u00ed Rajchl <a href=\"https:\/\/www.ceskenoviny.cz\/zpravy\/2803054\" rel=\"nofollow noopener\" target=\"_blank\">uvedl<\/a>, \u017ee pr\u00e1ce komise nem\u00e1 b\u00fdt \u201ehonem na \u010darod\u011bjnice\u201c, ale snahou o maxim\u00e1ln\u00ed transparentnost v\u016f\u010di ve\u0159ejnosti. Z\u00e1rove\u0148 deklaroval, \u017ee chce spolupracovat se v\u0161emi \u010dleny komise bez ohledu na stranickou p\u0159\u00edslu\u0161nost, v\u010detn\u011b sv\u00e9ho protikandid\u00e1ta Pavel \u017d\u00e1\u010dka.<\/p>\n<p>&#13;<\/p>\n<p>    Anketa<\/p>\n<p>Jak jste zat\u00edm spokojeni s \u010dinnost\u00ed Babi\u0161ovy vl\u00e1dy?<\/p>\n<p>hlasovalo: 8885 lid\u00ed<\/p>\n<p>Pro Parlamentn\u00edListy.cz Rajchl nyn\u00ed uvedl, \u017ee se na pr\u00e1ci komise velmi t\u011b\u0161\u00ed. V\u011b\u0159\u00ed, \u017ee jej\u00ed \u010dinnost pom\u016f\u017ee objasnit okolnosti, kter\u00e9 podle n\u011bj dosud z\u016fst\u00e1vaj\u00ed zahaleny tajemstv\u00edm. \u201eNa pr\u00e1ci t\u00e9to komise, jej\u00ed\u017e vznik jsem velmi aktivn\u011b prosazoval, se velmi t\u011b\u0161\u00edm. Komise m\u00e1 k dispozici celou \u0159adu velmi \u00fa\u010dinn\u00fdch n\u00e1stroj\u016f, je\u017e j\u00ed umo\u017en\u00ed detailn\u011b rozkr\u00fdt okolnosti, kter\u00e9 jsou dodnes zahaleny rou\u0161kou tajemstv\u00ed,\u201c sd\u011bll poslanec.<\/p>\n<p>&#13;<br \/>\n\tPodle Rajchla bude c\u00edlem komise nejen prov\u011b\u0159it okolnosti kauzy Dozimetr, ale tak\u00e9 pos\u00edlit d\u016fv\u011bru ve\u0159ejnosti ve fungov\u00e1n\u00ed st\u00e1tu a jeho instituc\u00ed. \u201eS kolegy z komise ud\u011bl\u00e1me maximum pro to, aby tato komise byla \u00fasp\u011b\u0161n\u00e1 a alespo\u0148 \u010d\u00e1ste\u010dn\u011b vr\u00e1tila na\u0161im ob\u010dan\u016fm v\u00edru v to, \u017ee spravedlnost st\u00e1le je\u0161t\u011b nen\u00ed mrtv\u00fdm pojmem,\u201c dodal nov\u011b zvolen\u00fd p\u0159edseda komise.<\/p>\n<p>&#13;<br \/>\n\tRajchl se ke kauze Dozimetr pro <a href=\"https:\/\/www.parlamentnilisty.cz\/arena\/rozhovory\/Rajchl-Naprosto-zasadni-Pokud-je-to-pravda-Rakusan-musi-skoncit-789293\" rel=\"noopener nofollow\" target=\"_blank\">Parlamentn\u00edListy.cz<\/a> vyjad\u0159oval u\u017e v b\u0159eznu. Tehdy zd\u016fraz\u0148oval, \u017ee vy\u0161et\u0159ovac\u00ed komise m\u00e1 podle n\u011bj smysl, proto\u017ee nejde jen o samotn\u00e9 trestn\u00ed \u0159\u00edzen\u00ed, ale i o \u0161ir\u0161\u00ed politick\u00e9 okolnosti a mo\u017en\u00e9 vazby na hnut\u00ed STAN a TOP 09. Tvrdil tak\u00e9, \u017ee dosavadn\u00ed vy\u0161et\u0159ovac\u00ed komise podle n\u011bj \u010dasto nic nevy\u0161et\u0159ily, proto\u017ee to ani nebylo jejich skute\u010dn\u00fdm c\u00edlem.<\/p>\n<p>&#13;<br \/>\n\tRajchl tehdy uvedl, \u017ee tentokr\u00e1t m\u00e1 b\u00fdt situace jin\u00e1. \u201eNyn\u00ed to bude jin\u00e9, proto\u017ee my skute\u010dn\u011b vy\u0161et\u0159ovat chceme. Krom\u011b toho jsme sl\u00edbili voli\u010d\u016fm, \u017ee tato komise vznikne, a nenech\u00e1me tu ob\u0159\u00ed korup\u010dn\u00ed kauzu vy\u0161um\u011bt do ztracena,\u201c \u0159ekl.<\/p>\n<p>&#13;<\/p>\n<p>\t\t\t\tFotogalerie: &#8211; Zeman navr\u017een<\/p>\n<p>&#13;<br \/>\n\tPodle Rajchla m\u00e1 komise prostor zab\u00fdvat se mimo jin\u00e9 t\u00edm, co vypov\u00eddaj\u00ed sv\u011bdci u soudu, i okolnostmi kolem \u00fadajn\u00e9ho p\u0159\u00edstupu k informac\u00edm z policejn\u00edho spisu. \u201eDal\u0161\u00ed podstatnou v\u011bc\u00ed je, \u017ee V\u00edt Raku\u0161an m\u011bl dle p\u0159episu sch\u016fzku, kter\u00e1 se m\u011bla uskute\u010dnit se \u0161pi\u010dkami STAN, p\u0159\u00edstup do \u017eiv\u00e9ho policejn\u00edho spisu. To je p\u0159ece naprosto z\u00e1sadn\u00ed v\u011bc a v p\u0159\u00edpad\u011b, \u017ee by se uk\u00e1zala jako pravdiv\u00e1, bude muset V\u00edt Raku\u0161an okam\u017eit\u011b skon\u010dit v politice. Jednalo by se o hrub\u00e9 provin\u011bn\u00ed v\u016f\u010di z\u00e1kladn\u00edm princip\u016fm teorie d\u011blby moci, \u0161lo by o zcela prokazateln\u00e9 zneu\u017eit\u00ed jeho ministersk\u00fdch pravomoc\u00ed,\u201c uvedl Rajchl.<\/p>\n<p>&#13;<br \/>\n\tV rozhovoru z\u00e1rove\u0148 upozor\u0148oval i na pokra\u010duj\u00edc\u00ed soudn\u00ed \u0159\u00edzen\u00ed v kauze Dozimetr a na v\u00fdpov\u011bdi sv\u011bdk\u016f. Zm\u00ednil, \u017ee podle n\u011bj nelze ignorovat tvrzen\u00ed o tlaku a v\u00fdhr\u016f\u017ek\u00e1ch v\u016f\u010di lidem, kte\u0159\u00ed v kauze vypov\u00eddaj\u00ed. \u201eV neposledn\u00ed \u0159ad\u011b zde prob\u00edh\u00e1 d\u00e1l soudn\u00ed \u0159\u00edzen\u00ed v cel\u00e9 kauze Dozimetr a p\u0159ipomenu, \u017ee dva soudci to odm\u00edtli soudit a minul\u00fd t\u00fdden p\u0159i\u0161el vypov\u00eddat sv\u011bdek, kter\u00fd vyslovil obavy o sv\u016fj \u017eivot a \u0159ekl, \u017ee kv\u016fli v\u00fdhr\u016f\u017ek\u00e1m a tlaku na jeho osobu nebude vypov\u00eddat,\u201c \u0159ekl Rajchl.<\/p>\n<p>&#13;<br \/>\n\tNa z\u00e1v\u011br tehdy zd\u016fraznil, \u017ee pr\u00e1v\u011b tyto okolnosti jsou podle n\u011bj d\u016fvodem, pro\u010d se kauzou mus\u00ed zab\u00fdvat parlamentn\u00ed komise. \u201eTohle v\u0161echno nikoho neznepokojuje a nech\u00e1v\u00e1 to politiky v klidu? M\u011b to rozhodn\u011b v klidu nenech\u00e1v\u00e1 a je to pro m\u011b velmi z\u00e1sadn\u00ed v\u011bc, kterou mus\u00edme \u0159e\u0161it. Nechceme-li \u017e\u00edt ve st\u00e1t\u011b, kde je mafie schopna zastra\u0161ovat sv\u011bdky a p\u011bt sv\u011bdk\u016f vypov\u00ed, \u017ee dv\u011b politick\u00e9 strany jsou napojeny na organizovan\u00fd zlo\u010din a nestane se v\u016fbec nic, je nutn\u00e9 se t\u00edm zab\u00fdvat a rozkr\u00fdt to,\u201c dodal Rajchl.<\/p>\n<p>&#13;<br \/>\n\tPoslaneck\u00e1 sn\u011bmovna schv\u00e1lila vznik vy\u0161et\u0159ovac\u00ed komise ke kauze Dozimetr letos v b\u0159eznu. V komisi zasedne celkem t\u0159in\u00e1ct poslanc\u016f. Osm z nich zastupuje vl\u00e1dn\u00ed strany a p\u011bt opozici. Poslanci od jej\u00ed pr\u00e1ce o\u010dek\u00e1vaj\u00ed, \u017ee objasn\u00ed \u0161ir\u0161\u00ed okolnosti p\u0159\u00edpadu a navrhne opat\u0159en\u00ed, kter\u00e1 by m\u011bla zabr\u00e1nit opakov\u00e1n\u00ed podobn\u00fdch kauz v budoucnu.<\/p>\n<p>&#13;<br \/>\n\tVy\u0161et\u0159ov\u00e1n\u00ed se net\u00fdk\u00e1 pouze pra\u017esk\u00e9ho Dopravn\u00edho podniku. Poslanci do p\u016fsobnosti komise zahrnuli tak\u00e9 dal\u0161\u00ed v\u011btve p\u0159\u00edpadu, kter\u00e9 se t\u00fdkaj\u00ed st\u0159edo\u010desk\u00fdch silni\u010d\u00e1\u0159\u016f a V\u0161eobecn\u00e9 zdravotn\u00ed poji\u0161\u0165ovny.<\/p>\n<p>&#13;<br \/>\n\tKomise m\u00e1 podle zad\u00e1n\u00ed prov\u011b\u0159it vznik, fungov\u00e1n\u00ed a rozsah struktur a vazeb, kter\u00e9 mohly ovliv\u0148ovat rozhodov\u00e1n\u00ed ve ve\u0159ejn\u00e9m sektoru. Sv\u00e9 z\u00e1v\u011bry by m\u011bla Poslaneck\u00e9 sn\u011bmovn\u011b p\u0159edlo\u017eit do jednoho roku od sv\u00e9ho z\u0159\u00edzen\u00ed na konci leto\u0161n\u00edho b\u0159ezna.<\/p>\n<p>&#13;<br \/>\n\tKauza Dozimetr je spojov\u00e1na p\u0159edev\u0161\u00edm se zl\u00ednsk\u00fdm podnikatelem a lobbistou Michalem Redlem, kter\u00fd je podle ob\u017ealoby ozna\u010dov\u00e1n za hlavn\u00ed postavu organizovan\u00e9 skupiny. Redl m\u011bl podle vy\u0161et\u0159ovatel\u016f udr\u017eovat kontakty s politiky hnut\u00ed STAN a skupina podle ob\u017ealoby ovliv\u0148ovala zak\u00e1zky i person\u00e1ln\u00ed obsazen\u00ed v pra\u017esk\u00e9m Dopravn\u00edm podniku.<\/p>\n<p>&#13;<br \/>\n\tMezi nejzn\u00e1m\u011bj\u0161\u00ed ob\u017ealovan\u00e9 pat\u0159\u00ed tak\u00e9 b\u00fdval\u00fd n\u00e1m\u011bstek pra\u017esk\u00e9ho prim\u00e1tora a n\u011bkdej\u0161\u00ed \u010dlen hnut\u00ed STAN Petr Hlubu\u010dek. Ob\u017ealob\u011b v p\u0159\u00edpadu \u010del\u00ed celkem \u0161est mu\u017e\u016f v\u010detn\u011b Redla. V\u0161ichni ob\u017ealovan\u00ed vinu odm\u00edtaj\u00ed a kauzou se nad\u00e1le zab\u00fdv\u00e1 soud.<\/p>\n<p>&#13;<\/p>\n<p>    Psali jsme:<\/p>\n<p>\u00a0<\/p>\n<p>Tento \u010dl\u00e1nek p\u0159\u00edmo v textu aktivn\u011b odakzuje na tyto zdroje:<\/p>\n<p>https:\/\/www.ceskenoviny.cz<\/p>\n<p>https:\/\/www.parlamentnilisty.cz<\/p>\n","protected":false},"excerpt":{"rendered":"&#13; Sn\u011bmovn\u00ed vy\u0161et\u0159ovac\u00ed komisi ke korup\u010dn\u00ed kauze Dozimetr povede poslanec Jind\u0159ich Rajchl. V tajn\u00e9 volb\u011b z\u00edskal 90 hlas\u016f&hellip;\n","protected":false},"author":2,"featured_media":108434,"comment_status":"","ping_status":"","sticky":false,"template":"","format":"standard","meta":{"footnotes":"","_share_on_mastodon":"0"},"categories":[7],"tags":[43,42,41,40,11995,5146,985,31495],"class_list":["post-108433","post","type-post","status-publish","format-standard","has-post-thumbnail","category-cesko","tag-ceska-republika","tag-cesko","tag-czech-republic","tag-czechia","tag-dozimetr","tag-komise","tag-rajchl","tag-zacek"],"share_on_mastodon":{"url":"https:\/\/pubeurope.com\/@cz\/116698188642297764","error":""},"_links":{"self":[{"href":"https:\/\/www.europesays.com\/cz\/wp-json\/wp\/v2\/posts\/108433","targetHints":{"allow":["GET"]}}],"collection":[{"href":"https:\/\/www.europesays.com\/cz\/wp-json\/wp\/v2\/posts"}],"about":[{"href":"https:\/\/www.europesays.com\/cz\/wp-json\/wp\/v2\/types\/post"}],"author":[{"embeddable":true,"href":"https:\/\/www.europesays.com\/cz\/wp-json\/wp\/v2\/users\/2"}],"replies":[{"embeddable":true,"href":"https:\/\/www.europesays.com\/cz\/wp-json\/wp\/v2\/comments?post=108433"}],"version-history":[{"count":0,"href":"https:\/\/www.europesays.com\/cz\/wp-json\/wp\/v2\/posts\/108433\/revisions"}],"wp:featuredmedia":[{"embeddable":true,"href":"https:\/\/www.europesays.com\/cz\/wp-json\/wp\/v2\/media\/108434"}],"wp:attachment":[{"href":"https:\/\/www.europesays.com\/cz\/wp-json\/wp\/v2\/media?parent=108433"}],"wp:term":[{"taxonomy":"category","embeddable":true,"href":"https:\/\/www.europesays.com\/cz\/wp-json\/wp\/v2\/categories?post=108433"},{"taxonomy":"post_tag","embeddable":true,"href":"https:\/\/www.europesays.com\/cz\/wp-json\/wp\/v2\/tags?post=108433"}],"curies":[{"name":"wp","href":"https:\/\/api.w.org\/{rel}","templated":true}]}}