{"id":110398,"date":"2026-06-07T19:02:13","date_gmt":"2026-06-07T19:02:13","guid":{"rendered":"https:\/\/www.europesays.com\/cz\/110398\/"},"modified":"2026-06-07T19:02:13","modified_gmt":"2026-06-07T19:02:13","slug":"bilemu-zralokovi-se-nataceni-nelibilo-zakousl-se-do-kamery","status":"publish","type":"post","link":"https:\/\/www.europesays.com\/cz\/110398\/","title":{"rendered":"B\u00edl\u00e9mu \u017eralokovi se nat\u00e1\u010den\u00ed nel\u00edbilo, zakousl se do kamery"},"content":{"rendered":"<p class=\"c_bz\">Carlos Gauna z\u00a0Kalifornie se ji\u017e dlouho zab\u00fdv\u00e1 nat\u00e1\u010den\u00edm podmo\u0159sk\u00e9ho \u017eivota, zejm\u00e9na \u017eralok\u016f b\u00edl\u00fdch, m\u00e1 s\u00a0t\u00edm tedy ji\u017e dost slu\u0161n\u00e9 zku\u0161enosti. P\u0159esto na konci dubna nebylo zase a\u017e tak daleko k\u00a0tomu, aby se stal ob\u011bt\u00ed jednoho takov\u00e9ho zv\u00ed\u0159ete. Na\u0161t\u011bst\u00ed to odnesla jen kamera.<\/p>\n<p class=\"c_bz\">\u201eStr\u00e1vil jsem s\u00a0nimi u\u017e hodn\u011b \u010dasu a\u00a0v\u011bt\u0161inou takto ne\u00fato\u010d\u00ed,\u201c \u0159ekl lok\u00e1ln\u00ed stanici <a data-dot=\"atm-link\" target=\"_blank\" rel=\"noopener nofollow\" href=\"https:\/\/ktla.com\/news\/local-news\/malibu-shark-bites-camera-filmmaker\/\" class=\"c_N\">KTLA<\/a> a\u00a0doplnil, \u017ee bezpe\u010dnost p\u0159i nat\u00e1\u010den\u00ed nepodce\u0148uje. Obvykle pr\u00fd pou\u017e\u00edv\u00e1 t\u0159i kamery pod vodou, n\u011bkolik p\u0159\u00edmo na kajaku, na n\u011bm\u017e na mo\u0159e vyr\u00e1\u017e\u00ed, a\u00a0ob\u010das m\u00e1 jednu i\u00a0p\u0159\u00edmo na sob\u011b. Shora pak situaci jist\u00ed dronem, s\u00a0jeho\u017e pomoc\u00ed mapuje polohu zv\u00ed\u0159at kolem lodi.<\/p>\n<p class=\"c_bz\">Jen\u017ee onoho dne u\u00a0kalifornsk\u00e9ho pob\u0159e\u017e\u00ed na chv\u00edli ztratil spojen\u00ed s\u00a0kolegou, kter\u00fd dron ovl\u00e1dal. \u201eA kdy\u017e se spojen\u00ed poda\u0159ilo obnovit, tak jsem ho jen sly\u0161el, jak k\u0159i\u010d\u00ed, \u017ee \u017eralok dostal kameru,\u201c popsal s\u00a0t\u00edm, \u017ee p\u0159\u00edmo na kajaku nejprve uc\u00edtil trhnut\u00ed a\u00a0potom zaznamenal znateln\u00e9 \u0161plouchnut\u00ed.<\/p>\n<p class=\"c_bz\">Na\u0161t\u011bst\u00ed si \u017eralok kamery d\u00e1l nev\u0161\u00edmal a\u00a0ani s\u00a0n\u00ed netrhl natolik siln\u011b, aby p\u0159evrhl kajak i\u00a0s Carlosem, nemluv\u011b o\u00a0tom, \u017ee teoreticky mohl na mal\u00e9 plavidlo za\u00fato\u010dit i\u00a0p\u0159\u00edmo. Ve v\u00fdsledku to po\u0161kozen\u00edm odnesla pouze schr\u00e1nka, v\u00a0n\u00ed\u017e byla kamera um\u00edst\u011bna. Odm\u011bnou za potenci\u00e1ln\u011b velk\u00e9 nebezpe\u010d\u00ed v\u0161ak jsou unik\u00e1tn\u00ed z\u00e1b\u011bry, na nich\u017e lze \u017eralokovi nahl\u00e9dnout doslova p\u0159\u00edmo do ch\u0159t\u00e1nu.<\/p>\n<p class=\"c_bz\">Carlos pozd\u011bji vysv\u011btlil, \u017ee zp\u011btn\u011b jej tento incident zase a\u017e tak nep\u0159ekvapil. V\u00a0tu dobu toti\u017e bylo ve vod\u011b hodn\u011b potravy a\u00a0v\u0161iml si tak\u00e9 vysok\u00e9 aktivity lachtan\u016f. \u201eTak\u017ee to vlastn\u011b byla \u00fapln\u011b ide\u00e1ln\u00ed situace pro n\u011bjak\u00e9 takov\u00e9 setk\u00e1n\u00ed,\u201c vyhodnotil s\u00a0ohledem na dan\u00e9 podm\u00ednky.<\/p>\n<p class=\"c_bz\">Jako skute\u010dn\u00fd obdivovatel p\u0159\u00edrody v\u0161ak m\u011bl pro hladov\u00e9ho \u017eraloka pochopen\u00ed. \u201eKdy\u017e vyjedete na vodu, vstupujete do jejich teritoria. A\u00a0to je pot\u0159eba respektovat,\u201c zd\u016fraznil. V\u00a0souladu s\u00a0t\u00edm tak\u00e9 odm\u00edtl up\u0159esnit, kde k\u00a0incidentu do\u0161lo, aby nedal vod\u00edtko lovc\u016fm, kte\u0159\u00ed by se tam za \u017eraloky b\u00edl\u00fdmi mohli vydat.<\/p>\n<p><a data-dot=\"atm-link\" target=\"_self\" href=\"https:\/\/www.novinky.cz\/clanek\/koktejl-zralok-schlamstl-potapecovu-kameru-natocila-jeho-utroby-40550037\" class=\"c_N\" rel=\"nofollow noopener\"><img height=\"1080\" width=\"1920\" src=\"https:\/\/www.europesays.com\/cz\/wp-content\/uploads\/2026\/06\/1780858933_166_image.jpeg\" loading=\"lazy\" decoding=\"async\" class=\"c_t c_r c_l\"\/><\/a><\/p>\n","protected":false},"excerpt":{"rendered":"Carlos Gauna z\u00a0Kalifornie se ji\u017e dlouho zab\u00fdv\u00e1 nat\u00e1\u010den\u00edm podmo\u0159sk\u00e9ho \u017eivota, zejm\u00e9na \u017eralok\u016f b\u00edl\u00fdch, m\u00e1 s\u00a0t\u00edm tedy ji\u017e dost&hellip;\n","protected":false},"author":2,"featured_media":110399,"comment_status":"","ping_status":"","sticky":false,"template":"","format":"standard","meta":{"footnotes":"","_share_on_mastodon":"0"},"categories":[11],"tags":[306,4862,31858,162,54,113,897,20460,53,52,15748,31857],"class_list":["post-110398","post","type-post","status-publish","format-standard","has-post-thumbnail","category-svet","tag-kalifornie","tag-kamery","tag-kousnuti","tag-nataceni","tag-svet","tag-usa","tag-utok","tag-utok-zraloka","tag-world","tag-world-news","tag-zraloci","tag-zralok-bily"],"share_on_mastodon":{"url":"https:\/\/pubeurope.com\/@cz\/116710378638656938","error":""},"_links":{"self":[{"href":"https:\/\/www.europesays.com\/cz\/wp-json\/wp\/v2\/posts\/110398","targetHints":{"allow":["GET"]}}],"collection":[{"href":"https:\/\/www.europesays.com\/cz\/wp-json\/wp\/v2\/posts"}],"about":[{"href":"https:\/\/www.europesays.com\/cz\/wp-json\/wp\/v2\/types\/post"}],"author":[{"embeddable":true,"href":"https:\/\/www.europesays.com\/cz\/wp-json\/wp\/v2\/users\/2"}],"replies":[{"embeddable":true,"href":"https:\/\/www.europesays.com\/cz\/wp-json\/wp\/v2\/comments?post=110398"}],"version-history":[{"count":0,"href":"https:\/\/www.europesays.com\/cz\/wp-json\/wp\/v2\/posts\/110398\/revisions"}],"wp:featuredmedia":[{"embeddable":true,"href":"https:\/\/www.europesays.com\/cz\/wp-json\/wp\/v2\/media\/110399"}],"wp:attachment":[{"href":"https:\/\/www.europesays.com\/cz\/wp-json\/wp\/v2\/media?parent=110398"}],"wp:term":[{"taxonomy":"category","embeddable":true,"href":"https:\/\/www.europesays.com\/cz\/wp-json\/wp\/v2\/categories?post=110398"},{"taxonomy":"post_tag","embeddable":true,"href":"https:\/\/www.europesays.com\/cz\/wp-json\/wp\/v2\/tags?post=110398"}],"curies":[{"name":"wp","href":"https:\/\/api.w.org\/{rel}","templated":true}]}}