{"id":110658,"date":"2026-06-08T05:13:13","date_gmt":"2026-06-08T05:13:13","guid":{"rendered":"https:\/\/www.europesays.com\/cz\/110658\/"},"modified":"2026-06-08T05:13:13","modified_gmt":"2026-06-08T05:13:13","slug":"odsun-nejmene-o-pet-let-promena-dalsi-casti-hlavni-trati-pres-vysocinu-nabira-zpozdeni","status":"publish","type":"post","link":"https:\/\/www.europesays.com\/cz\/110658\/","title":{"rendered":"Odsun nejm\u00e9n\u011b o p\u011bt let. Prom\u011bna dal\u0161\u00ed \u010d\u00e1sti hlavn\u00ed trati p\u0159es Vyso\u010dinu nab\u00edr\u00e1 zpo\u017ed\u011bn\u00ed"},"content":{"rendered":"<p>\n                                        \u00dasek Havl\u00ed\u010dk\u016fv Brod &#8211; Pohled m\u00e1 nov\u011b projektanty.                                     <\/p>\n<p>D\u016fle\u017eit\u00e1 tra\u0165 mezi Kol\u00ednem a Brnem p\u0159es Havl\u00ed\u010dk\u016fv Brod se bude modernizovat podstatn\u011b d\u00e9le, ne\u017e Spr\u00e1va \u017eeleznic p\u016fvodn\u011b pl\u00e1novala. D\u016fvodem je nedostatek pen\u011bz.<\/p>\n<p>Vypl\u00fdv\u00e1 to z informac\u00ed na str\u00e1nk\u00e1ch Spr\u00e1vy \u017eeleznic o term\u00ednech zah\u00e1jen\u00ed stavby a tiskov\u00e9 zpr\u00e1vy k v\u00fdb\u011bru dodavatele projektov\u00e9 dokumentace pro \u00fasek Havl\u00ed\u010dk\u016fv Brod (mimo) \u2013 Pohled (mimo). Je\u0161t\u011b loni p\u0159i vyps\u00e1n\u00ed zak\u00e1zky Spr\u00e1va \u017eeleznic uv\u00e1d\u011bla term\u00edn zah\u00e1jen\u00ed v roce 2027. Nyn\u00ed na sv\u00fdch str\u00e1nk\u00e1ch uv\u00e1d\u00ed term\u00edn \u201epo roce 2032\u201c, v tiskov\u00e9 zpr\u00e1v\u011b mluv\u00ed o p\u0159elomu tohoto a p\u0159\u00ed\u0161t\u00edho desetilet\u00ed.<\/p>\n<p>Zak\u00e1zku na projektovou dokumentaci z\u00edskala spole\u010dnost Sagasta, kter\u00e1 nab\u00eddla v sout\u011b\u017ei s odhadovanou cenou 102 milion\u016f korun nejni\u017e\u0161\u00ed nab\u00eddku: 95,95 milionu korun. Do sout\u011b\u017ee p\u0159i\u0161ly t\u0159i nab\u00eddky.<\/p>\n<p>Spr\u00e1va \u017eeleznic postupn\u011b d\u016fle\u017eitou tra\u0165, kter\u00e1 slou\u017e\u00ed jako odklonov\u00e1 pro koridor p\u0159es \u010ceskou T\u0159ebovou, d\u00e1v\u00e1 do po\u0159\u00e1dku.<\/p>\n<p>\u00dasek Pohled \u2013 Havl\u00ed\u010dk\u016fv Brod je dlouh\u00fd zhruba p\u011bt kilometr\u016f. \u201eC\u00edlem je umo\u017enit zv\u00fd\u0161en\u00ed rychlosti vlak\u016f a\u017e na 140 km\/h. V \u010d\u00e1sti \u00faseku se tra\u0165 p\u0159ibli\u017euje k \u0159ece S\u00e1zav\u011b, p\u0159i povodn\u00edch doch\u00e1z\u00ed k zaplavov\u00e1n\u00ed svahu dr\u00e1\u017en\u00edho t\u011blesa a jeho vyplavov\u00e1n\u00ed. Zde tedy dojde ke zpevn\u011bn\u00ed svahu pohozem z lomov\u00e9ho kamene,\u201c stoj\u00ed v materi\u00e1lech S\u017d.<\/p>\n<p>Zast\u00e1vka Pohled\u0161t\u00ed Dvo\u0159\u00e1ci dostane nov\u00e1 140 metr\u016f dlouh\u00e1 n\u00e1stupi\u0161t\u011b s v\u00fd\u0161kou n\u00e1stupn\u00ed hrany 55 centimetr\u016f nad kolejnic\u00ed. Z\u0159\u00edzen bude bezbari\u00e9rov\u00fd p\u0159\u00edstup. Sou\u010dasn\u00e9 p\u0159\u00edst\u0159e\u0161ky stavba\u0159i zdemoluj\u00ed a m\u00edsto nich zbuduj\u00ed nov\u00e9 \u201etypu antivandal\u201c. Zast\u00e1vka z\u00edsk\u00e1 t\u00e9\u017e nov\u00e9 lavi\u010dky, ko\u0161e na odpadky a infotabule.<\/p>\n<p><a class=\"col-4 mb-2 new-gallery-item\" href=\"https:\/\/zdopravy.cz\/odsun-nejmene-o-pet-let-promena-dalsi-casti-hlavni-trati-pres-vysocinu-nabira-zpozdeni-284623\/?new_gallery=1&amp;photo=1\" data-full=\"https:\/\/zdopravy.cz\/wp-content\/uploads\/2025\/08\/Dvoraci.jpg\" data-index=\"0\" data-caption=\"Tra\u0165 250 v \u00faseku Havl\u00ed\u010dk\u016fv Brod - Pohled \u010dek\u00e1 rekonstrukce. Pramen: S\u017d\" rel=\"nofollow noopener\" target=\"_blank\"><img decoding=\"async\" alt=\"Tra\u0165 250 v \u00faseku Havl\u00ed\u010dk\u016fv Brod - Pohled \u010dek\u00e1 rekonstrukce. Pramen: S\u017d\" loading=\"lazy\" class=\"img-fluid\" src=\"https:\/\/www.europesays.com\/cz\/wp-content\/uploads\/2026\/06\/Dvoraci-298x300.jpg\"\/><\/a><\/p>\n<p>                                                        Tagy<\/p>\n<p>                                                                                                                                                                                                                            <a href=\"https:\/\/zdopravy.cz\/tag\/havlickuv-brod-pohled\/\" type=\"button\" class=\"btn btn-secondary mb-1 btn-sm\" rel=\"nofollow noopener\" target=\"_blank\"><br \/>\n                                                                Havl\u00ed\u010dk\u016fv Brod &#8211; Pohled                                                            <\/a><br \/>\n                                                                                                                                                                                                                                <a href=\"https:\/\/zdopravy.cz\/tag\/sagasta\/\" type=\"button\" class=\"btn btn-secondary mb-1 btn-sm\" rel=\"nofollow noopener\" target=\"_blank\"><br \/>\n                                                                Sagasta                                                            <\/a><br \/>\n                                                                                                                                                                                                                                                                                                                                            <a href=\"https:\/\/zdopravy.cz\/tag\/sprava-zeleznic\/\" type=\"button\" class=\"btn btn-secondary mb-1 btn-sm\" rel=\"nofollow noopener\" target=\"_blank\"><br \/>\n                                                                Spr\u00e1va \u017eeleznic                                                            <\/a><br \/>\n                                                                                                                                                                                                                                <a href=\"https:\/\/zdopravy.cz\/tag\/trat-250\/\" type=\"button\" class=\"btn btn-secondary mb-1 btn-sm\" rel=\"nofollow noopener\" target=\"_blank\"><br \/>\n                                                                tra\u0165 250                                                            <\/a><br \/>\n                                                                                                                                                                                                                                <a href=\"https:\/\/zdopravy.cz\/tag\/trat-kolin-havlickuv-brod-brno\/\" type=\"button\" class=\"btn btn-secondary mb-1 btn-sm\" rel=\"nofollow noopener\" target=\"_blank\"><br \/>\n                                                                tra\u0165 Kol\u00edn &#8211; Havl\u00ed\u010dk\u016fv Brod &#8211; Brno                                                            <\/a><\/p>\n<p>                                                <a href=\"https:\/\/zdopravy.cz\/odsun-nejmene-o-pet-let-promena-dalsi-casti-hlavni-trati-pres-vysocinu-nabira-zpozdeni-284623\/?comments=1#comments\" class=\"ml-3 text-body mb-3 mt-4 d-inline-block\" rel=\"nofollow noopener\" target=\"_blank\"><\/p>\n<p>                                                    4 koment\u00e1\u0159e                                                <\/a><\/p>\n","protected":false},"excerpt":{"rendered":"\u00dasek Havl\u00ed\u010dk\u016fv Brod &#8211; Pohled m\u00e1 nov\u011b projektanty. D\u016fle\u017eit\u00e1 tra\u0165 mezi Kol\u00ednem a Brnem p\u0159es Havl\u00ed\u010dk\u016fv Brod se&hellip;\n","protected":false},"author":2,"featured_media":110659,"comment_status":"","ping_status":"","sticky":false,"template":"","format":"standard","meta":{"footnotes":"","_share_on_mastodon":"0"},"categories":[7],"tags":[43,42,41,40,31897,31898,119,535,2121,2122],"class_list":["post-110658","post","type-post","status-publish","format-standard","has-post-thumbnail","category-cesko","tag-ceska-republika","tag-cesko","tag-czech-republic","tag-czechia","tag-havlickuv-brod-pohled","tag-sagasta","tag-seznam","tag-sprava-zeleznic","tag-trat-250","tag-trat-kolin-havlickuv-brod-brno"],"share_on_mastodon":{"url":"https:\/\/pubeurope.com\/@cz\/116712781050788578","error":""},"_links":{"self":[{"href":"https:\/\/www.europesays.com\/cz\/wp-json\/wp\/v2\/posts\/110658","targetHints":{"allow":["GET"]}}],"collection":[{"href":"https:\/\/www.europesays.com\/cz\/wp-json\/wp\/v2\/posts"}],"about":[{"href":"https:\/\/www.europesays.com\/cz\/wp-json\/wp\/v2\/types\/post"}],"author":[{"embeddable":true,"href":"https:\/\/www.europesays.com\/cz\/wp-json\/wp\/v2\/users\/2"}],"replies":[{"embeddable":true,"href":"https:\/\/www.europesays.com\/cz\/wp-json\/wp\/v2\/comments?post=110658"}],"version-history":[{"count":0,"href":"https:\/\/www.europesays.com\/cz\/wp-json\/wp\/v2\/posts\/110658\/revisions"}],"wp:featuredmedia":[{"embeddable":true,"href":"https:\/\/www.europesays.com\/cz\/wp-json\/wp\/v2\/media\/110659"}],"wp:attachment":[{"href":"https:\/\/www.europesays.com\/cz\/wp-json\/wp\/v2\/media?parent=110658"}],"wp:term":[{"taxonomy":"category","embeddable":true,"href":"https:\/\/www.europesays.com\/cz\/wp-json\/wp\/v2\/categories?post=110658"},{"taxonomy":"post_tag","embeddable":true,"href":"https:\/\/www.europesays.com\/cz\/wp-json\/wp\/v2\/tags?post=110658"}],"curies":[{"name":"wp","href":"https:\/\/api.w.org\/{rel}","templated":true}]}}