{"id":111098,"date":"2026-06-08T12:12:13","date_gmt":"2026-06-08T12:12:13","guid":{"rendered":"https:\/\/www.europesays.com\/cz\/111098\/"},"modified":"2026-06-08T12:12:13","modified_gmt":"2026-06-08T12:12:13","slug":"zlomenina-biatlonovy-sampion-drsne-narazil-a-celi-ultimatu","status":"publish","type":"post","link":"https:\/\/www.europesays.com\/cz\/111098\/","title":{"rendered":"Zlomenina! Biatlonov\u00fd \u0161ampion drsn\u011b narazil a\u00a0\u010del\u00ed ultim\u00e1tu"},"content":{"rendered":"<p class=\"b_bD\">Ve sv\u00e9 kari\u00e9\u0159e ji\u017e z\u00edskal \u010dty\u0159i olympijsk\u00e9 medaile, v\u010detn\u011b zlata se \u0161tafetou na zimn\u00edch hr\u00e1ch 2026, a\u00a0tak\u00e9 p\u011bt titul\u016f mistra sv\u011bta. Po uplynul\u00e9 sezon\u011b se v\u0161ak pustil s\u00a0vervou do cyklistiky, a\u00a0nen\u00ed vylou\u010deno, \u017ee to pro n\u011bj bude m\u00edt neblah\u00e9 n\u00e1sledky.<\/p>\n<p class=\"b_bD\">\u201eOpravdu si zlomil kl\u00ed\u010dn\u00ed kost. Bohu\u017eel je to v\u00a0cyklistice docela b\u011b\u017en\u00e9. Na\u0161t\u011bst\u00ed to nebyla ta kl\u00ed\u010dn\u00ed kost, kter\u00e1 zachyt\u00e1v\u00e1 r\u00e1ny od pa\u017eby pu\u0161ky,\u201c uvedl podle L&#8217;\u00c9quipe Jacquelin\u016fv biatlonov\u00fd tren\u00e9r Simon Fourcade, s\u00e1m b\u00fdval\u00fd \u0161pi\u010dkov\u00fd z\u00e1vodn\u00edk.<\/p>\n<p><a data-dot=\"atm-link\" target=\"_self\" href=\"https:\/\/www.sport.cz\/clanek\/zimni-sporty-biatlon-vedl-davidovou-soukalova-na-nej-utocila-protrely-cesky-trener-ted-odesel-k-sousedum-5473694\" class=\"b_V g_iJ\" rel=\"nofollow noopener\"><img fetchpriority=\"high\" height=\"2592\" width=\"3456\" src=\"https:\/\/www.europesays.com\/cz\/wp-content\/uploads\/2026\/06\/1780920731_265_8dca.jpeg\" loading=\"eager\" decoding=\"sync\" class=\"b_B b_z\"\/><\/a><\/p>\n<p class=\"b_bD\">Jacquelin od 1.\u00a0kv\u011btna zkou\u0161\u00ed \u0161t\u011bst\u00ed ve francouzsk\u00e9m cyklistick\u00e9m t\u00fdmu Decathlon-CMA CGM. T\u0159icetilet\u00fd sportovec z\u00e1hy poc\u00edtil nep\u0159\u00edjemnou str\u00e1nku sportu, kter\u00fd si nov\u011b vyvolil.<\/p>\n<p class=\"b_bD\">Zlomenina jeho nad\u0161en\u00ed a\u00a0ambice utlumila. A\u00a0reaguje i\u00a0okol\u00ed. Jacquelinova budoucnost z\u016fst\u00e1v\u00e1 nejist\u00e1. Fourcade nyn\u00ed p\u0159ipomn\u011bl existenci jasn\u00e9ho ultim\u00e1ta ohledn\u011b \u200b\u200b\u00fa\u010dasti v\u00a0biatlonov\u00e9 sezon\u011b 2026\/27.<\/p>\n<p class=\"b_bD\">\u201eDali jsme \u00c9milienovi \u010dasov\u00fd r\u00e1mec. Pokud chce u\u00a0n\u00e1s zah\u00e1jit biatlonovou sezonu, mus\u00ed se vr\u00e1tit do konce srpna nebo za\u010d\u00e1tku z\u00e1\u0159\u00ed,\u201c zd\u016fraznil Fourcade.<\/p>\n<p><a data-dot=\"atm-link\" target=\"_self\" href=\"https:\/\/www.sport.cz\/clanek\/zimni-sporty-biatlon-pohadkove-saty-jako-odmena-pro-biatlonovou-kralovnu-5473749\" class=\"b_V g_iJ\" rel=\"nofollow noopener\"><img height=\"2730\" width=\"3641\" src=\"https:\/\/www.europesays.com\/cz\/wp-content\/uploads\/2026\/06\/1780689189_694_78c4.jpeg\" loading=\"eager\" decoding=\"sync\" class=\"b_B b_z\"\/><\/a><\/p>\n<p class=\"b_bD\">Jak\u00e1koli jin\u00e1 alternativa se z\u00a0pohledu jeho nejbli\u017e\u0161\u00ed biatlonov\u00e9 budoucnosti jev\u00ed jako mo\u017en\u00fd probl\u00e9m.<\/p>\n<p class=\"b_bD\">\u201ePokud se to odlo\u017e\u00ed, budeme muset zjistit, jak m\u016f\u017eeme \u0159e\u0161it jeho n\u00e1vrat k\u00a0biatlonu. A\u00a0pokud se rozhodne soust\u0159edit se v\u00fdhradn\u011b na sv\u016fj cyklistick\u00fd projekt, zme\u0161k\u00e1 biatlonovou sezonu a\u00a0na konci zimy situaci znovu posoud\u00edme, abychom rozhodli o\u00a0dal\u0161\u00edch kroc\u00edch,\u201c pokra\u010doval Fourcade.<\/p>\n<p class=\"b_bD\">Jin\u00fdmi slovy: zda Jacquelin n\u011bkdy bude znovu z\u00e1vodit jako biatlonista, v\u016fbec nen\u00ed jist\u00e9.<\/p>\n<p class=\"b_bD\">S\u00e1m ned\u00e1vno o\u00a0sv\u00e9 situaci \u0159ekl pro list \u201eL&#8217;\u00c9quipe\u201c: \u201eTento (cyklistick\u00fd) projekt m\u00e1m v\u00a0hlav\u011b u\u017e n\u011bjakou dobu. I\u00a0kdy\u017e m\u00fdm c\u00edlem z\u016fst\u00e1vaj\u00ed zimn\u00ed olympijsk\u00e9 hry 2030\u00a0ve Francii, nyn\u00ed chci objevit n\u011bco nov\u00e9ho a\u00a0sout\u011b\u017eit v\u00a0cyklistice na nejvy\u0161\u0161\u00ed \u00farovni.\u201c<\/p>\n<p><a data-dot=\"atm-link\" target=\"_self\" href=\"https:\/\/www.sport.cz\/clanek\/zimni-sporty-biatlon-o-triumfu-vobornikove-nebylo-pochyb-5473701\" class=\"b_V g_iJ\" rel=\"nofollow noopener\"><img height=\"2730\" width=\"3641\" src=\"https:\/\/www.europesays.com\/cz\/wp-content\/uploads\/2026\/06\/1780391652_232_vobornikova.jpeg\" loading=\"eager\" decoding=\"sync\" class=\"b_B b_z\"\/><\/a><\/p>\n","protected":false},"excerpt":{"rendered":"Ve sv\u00e9 kari\u00e9\u0159e ji\u017e z\u00edskal \u010dty\u0159i olympijsk\u00e9 medaile, v\u010detn\u011b zlata se \u0161tafetou na zimn\u00edch hr\u00e1ch 2026, a\u00a0tak\u00e9 p\u011bt&hellip;\n","protected":false},"author":2,"featured_media":111099,"comment_status":"","ping_status":"","sticky":false,"template":"","format":"standard","meta":{"footnotes":"","_share_on_mastodon":"0"},"categories":[15],"tags":[1109,4967,4060,94,93,146,1296],"class_list":["post-111098","post","type-post","status-publish","format-standard","has-post-thumbnail","category-sport","tag-biatlon","tag-cyklistika","tag-olympiada-2030-ve-francouzskych-alpach","tag-sport","tag-sports","tag-zimni-olympijske-hry-zoh","tag-zraneni"],"share_on_mastodon":{"url":"https:\/\/pubeurope.com\/@cz\/116714428743512176","error":""},"_links":{"self":[{"href":"https:\/\/www.europesays.com\/cz\/wp-json\/wp\/v2\/posts\/111098","targetHints":{"allow":["GET"]}}],"collection":[{"href":"https:\/\/www.europesays.com\/cz\/wp-json\/wp\/v2\/posts"}],"about":[{"href":"https:\/\/www.europesays.com\/cz\/wp-json\/wp\/v2\/types\/post"}],"author":[{"embeddable":true,"href":"https:\/\/www.europesays.com\/cz\/wp-json\/wp\/v2\/users\/2"}],"replies":[{"embeddable":true,"href":"https:\/\/www.europesays.com\/cz\/wp-json\/wp\/v2\/comments?post=111098"}],"version-history":[{"count":0,"href":"https:\/\/www.europesays.com\/cz\/wp-json\/wp\/v2\/posts\/111098\/revisions"}],"wp:featuredmedia":[{"embeddable":true,"href":"https:\/\/www.europesays.com\/cz\/wp-json\/wp\/v2\/media\/111099"}],"wp:attachment":[{"href":"https:\/\/www.europesays.com\/cz\/wp-json\/wp\/v2\/media?parent=111098"}],"wp:term":[{"taxonomy":"category","embeddable":true,"href":"https:\/\/www.europesays.com\/cz\/wp-json\/wp\/v2\/categories?post=111098"},{"taxonomy":"post_tag","embeddable":true,"href":"https:\/\/www.europesays.com\/cz\/wp-json\/wp\/v2\/tags?post=111098"}],"curies":[{"name":"wp","href":"https:\/\/api.w.org\/{rel}","templated":true}]}}