{"id":111381,"date":"2026-06-08T15:56:08","date_gmt":"2026-06-08T15:56:08","guid":{"rendered":"https:\/\/www.europesays.com\/cz\/111381\/"},"modified":"2026-06-08T15:56:08","modified_gmt":"2026-06-08T15:56:08","slug":"myslela-jsem-ze-ma-mrtvici-jill-bidenova-se-vratila-k-debaklu-sveho-muze-v-debate-s-trumpem","status":"publish","type":"post","link":"https:\/\/www.europesays.com\/cz\/111381\/","title":{"rendered":"Myslela jsem, \u017ee m\u00e1 mrtvici. Jill Bidenov\u00e1 se vr\u00e1tila k\u00a0debaklu sv\u00e9ho mu\u017ee v\u00a0debat\u011b s\u00a0Trumpem"},"content":{"rendered":"<p class=\"c_bz\">\u201eByla jsem vyd\u011b\u0161en\u00e1, proto\u017ee jsem Joea nikdy p\u0159edt\u00edm ani potom nevid\u011bla v\u00a0takov\u00e9m stavu. Nikdy,\u201c prohl\u00e1sila Bidenov\u00e1 v\u00a0<a data-dot=\"atm-link\" target=\"_blank\" rel=\"noopener nofollow\" href=\"https:\/\/www.cbsnews.com\/news\/jill-biden-interview-joe-biden-debate-frightened-stroke\/\" class=\"c_N\">rozhovoru<\/a>, kter\u00fd byl odvys\u00edl\u00e1n v\u00a0ned\u011bli. <\/p>\n<p class=\"c_bz\">\u201eNev\u00edm, co se stalo. Kdy\u017e jsem se na to d\u00edvala, pomyslela jsem si: \u201aBo\u017ee m\u016fj, on m\u00e1 mrtvici.\u2018 A\u00a0vyd\u011bsilo m\u011b to k\u00a0smrti,\u201c popsala man\u017eelka nyn\u00ed 83let\u00e9ho exprezidenta.<\/p>\n<p class=\"c_bz\">Americk\u00fd prezident Biden kandidoval i\u00a0na druh\u00e9 funk\u010dn\u00ed obdob\u00ed, v\u00a0\u010dervnu 2024\u00a0v\u0161ak vyho\u0159el b\u011bhem televizn\u00ed debaty se sv\u00fdm republik\u00e1nsk\u00fdm soupe\u0159em Trumpem, kdy\u017e m\u00edsty p\u016fsobil zmaten\u011b a\u00a0odpov\u00eddal nesrozumiteln\u011b. <\/p>\n<p class=\"c_bz\">Z\u00e1b\u011bry z\u00a0prvn\u00ed prezidentsk\u00e9 debaty mezi Joe Bidenem a\u00a0Donaldem TrumpemVideo: CNN PRESIDENTIAL DEBATE, Reuters<\/p>\n<p><a data-dot=\"atm-link\" target=\"_self\" href=\"https:\/\/www.novinky.cz\/clanek\/volby-usa-trump-nabizi-kusy-sveho-saka-z-debaty-s-bidenem-prodava-je-se-superhrdinskymi-kartickami-40487045\" class=\"c_N\" rel=\"nofollow noopener\"><img fetchpriority=\"high\" height=\"891\" width=\"1584\" src=\"https:\/\/www.europesays.com\/cz\/wp-content\/uploads\/2026\/06\/1780934168_387_donald-trump.jpeg\" loading=\"eager\" decoding=\"sync\" class=\"c_t c_r\"\/><\/a><\/p>\n<p class=\"c_bz\">Debata vyvolala v\u00a0t\u00e1bo\u0159e jeho demokrat\u016f paniku a\u00a0Biden pod tlakem o\u00a0m\u011bs\u00edc pozd\u011bji, 107\u00a0dn\u00ed p\u0159ed prezidentsk\u00fdmi volbami, z\u00a0kl\u00e1n\u00ed odstoupil. N\u00e1hradnic\u00ed se stala viceprezidentka Kamala Harrisov\u00e1, kterou v\u0161ak v\u00a0listopadov\u00fdch volb\u00e1ch Trump porazil.<\/p>\n<p class=\"c_bz\">I na tyto ud\u00e1losti vzpom\u00edn\u00e1 Bidenov\u00e1 ve sv\u00fdch nov\u011b vydan\u00fdch kni\u017en\u00edch memo\u00e1rech s\u00a0n\u00e1zvem \u201ePohled z\u00a0v\u00fdchodn\u00edho k\u0159\u00eddla: Pam\u011bti\u201c. <\/p>\n<p class=\"c_bz\">Web <a data-dot=\"atm-link\" target=\"_blank\" rel=\"noopener nofollow\" href=\"https:\/\/www.politico.com\/news\/2026\/05\/28\/biden-democrats-2024-election-00942001?nid=0000014f-1646-d88f-a1cf-5f46b7bd0000&amp;nname=playbook&amp;nrid=0000014e-f115-dd93-ad7f-f91582060000\" class=\"c_N\">Politico<\/a> nicm\u00e9n\u011b v\u00a0t\u00e9to souvislosti poznamenal, \u017ee n\u011bkte\u0159\u00ed p\u0159edstavitel\u00e9 demokrat\u016f nejsou z\u00a0nyn\u011bj\u0161\u00edho vzpom\u00edn\u00e1n\u00ed b\u00fdval\u00e9 prvn\u00ed d\u00e1my p\u0159\u00edli\u0161 nad\u0161eni, proto\u017ee maj\u00ed pocit, \u017ee to odv\u00e1d\u00ed pozornost od aktu\u00e1ln\u00edch t\u00e9mat, kter\u00e9 by strana m\u011bla \u0159e\u0161it.<\/p>\n<p class=\"c_bz\">\u201eUp\u0159\u00edmn\u011b si mysl\u00edm, \u017ee pr\u016fm\u011brn\u00e9mu demokratick\u00e9mu voli\u010di, zejm\u00e9na v\u00a0Nov\u00e9m Mexiku, je ta kniha nebo debata u\u017e \u00fapln\u011b jedno,\u201c citoval server demokratku Michelle Lujan Grishamovou, kter\u00e1 je guvern\u00e9rkou zm\u00edn\u011bn\u00e9ho st\u00e1tu. Dodala, \u017ee se chce sp\u00ed\u0161e zam\u011b\u0159it na to, jak zm\u011bnit \u017eivoty tamn\u00edch obyvatel.<\/p>\n<p><a data-dot=\"atm-link\" target=\"_self\" href=\"https:\/\/www.novinky.cz\/clanek\/zahranicni-amerika-prvni-manzel-jill-bidenove-byl-obvinen-z-vrazdy-sve-zeny-40560937\" class=\"c_N\" rel=\"nofollow noopener\"><img height=\"989\" width=\"1759\" src=\"https:\/\/www.europesays.com\/cz\/wp-content\/uploads\/2026\/06\/bbfc.jpeg\" loading=\"eager\" decoding=\"sync\" class=\"c_t c_r\"\/><\/a><\/p>\n","protected":false},"excerpt":{"rendered":"\u201eByla jsem vyd\u011b\u0161en\u00e1, proto\u017ee jsem Joea nikdy p\u0159edt\u00edm ani potom nevid\u011bla v\u00a0takov\u00e9m stavu. Nikdy,\u201c prohl\u00e1sila Bidenov\u00e1 v\u00a0rozhovoru, kter\u00fd&hellip;\n","protected":false},"author":2,"featured_media":111382,"comment_status":"","ping_status":"","sticky":false,"template":"","format":"standard","meta":{"footnotes":"","_share_on_mastodon":"0"},"categories":[11],"tags":[5651,212,32060,4129,54,113,413,53,52],"class_list":["post-111381","post","type-post","status-publish","format-standard","has-post-thumbnail","category-svet","tag-demokraticka-strana","tag-donald-trump","tag-jill-biden","tag-joe-biden","tag-svet","tag-usa","tag-volby-usa","tag-world","tag-world-news"],"share_on_mastodon":{"url":"https:\/\/pubeurope.com\/@cz\/116715309538761882","error":""},"_links":{"self":[{"href":"https:\/\/www.europesays.com\/cz\/wp-json\/wp\/v2\/posts\/111381","targetHints":{"allow":["GET"]}}],"collection":[{"href":"https:\/\/www.europesays.com\/cz\/wp-json\/wp\/v2\/posts"}],"about":[{"href":"https:\/\/www.europesays.com\/cz\/wp-json\/wp\/v2\/types\/post"}],"author":[{"embeddable":true,"href":"https:\/\/www.europesays.com\/cz\/wp-json\/wp\/v2\/users\/2"}],"replies":[{"embeddable":true,"href":"https:\/\/www.europesays.com\/cz\/wp-json\/wp\/v2\/comments?post=111381"}],"version-history":[{"count":0,"href":"https:\/\/www.europesays.com\/cz\/wp-json\/wp\/v2\/posts\/111381\/revisions"}],"wp:featuredmedia":[{"embeddable":true,"href":"https:\/\/www.europesays.com\/cz\/wp-json\/wp\/v2\/media\/111382"}],"wp:attachment":[{"href":"https:\/\/www.europesays.com\/cz\/wp-json\/wp\/v2\/media?parent=111381"}],"wp:term":[{"taxonomy":"category","embeddable":true,"href":"https:\/\/www.europesays.com\/cz\/wp-json\/wp\/v2\/categories?post=111381"},{"taxonomy":"post_tag","embeddable":true,"href":"https:\/\/www.europesays.com\/cz\/wp-json\/wp\/v2\/tags?post=111381"}],"curies":[{"name":"wp","href":"https:\/\/api.w.org\/{rel}","templated":true}]}}