{"id":111441,"date":"2026-06-08T16:53:26","date_gmt":"2026-06-08T16:53:26","guid":{"rendered":"https:\/\/www.europesays.com\/cz\/111441\/"},"modified":"2026-06-08T16:53:26","modified_gmt":"2026-06-08T16:53:26","slug":"kde-zdrazilo-bydleni-nejvic-cesko-skoncilo-vys-nez-byste-cekali","status":"publish","type":"post","link":"https:\/\/www.europesays.com\/cz\/111441\/","title":{"rendered":"Kde zdra\u017eilo bydlen\u00ed nejv\u00edc? \u010cesko skon\u010dilo v\u00fd\u0161, ne\u017e byste \u010dekali"},"content":{"rendered":"<p>Dostupnost bydlen\u00ed je pal\u010div\u00fdm t\u00e9matem pro \u0159adu evropsk\u00fdch zem\u00ed. Ve dvou z nich se ceny byt\u016f a dom\u016f za posledn\u00edch deset let zdvojn\u00e1sobily, jak vypl\u00fdv\u00e1 z dat <a href=\"https:\/\/www.oecd.org\/en\/data\/indicators\/housing-prices.html\" target=\"_blank\" rel=\"noopener nofollow\">OECD<\/a>.\u00a0V \u017eeb\u0159\u00ed\u010dku deseti zem\u00ed, kde bydlen\u00ed od roku 2015 zdra\u017eilo nejv\u00edce, se um\u00edstilo i \u010cesko.\u00a0<\/p>\n<p>10. Irsko<\/p>\n<p>V\u00edte, \u017ee od roku 1962 se na Den svat\u00e9ho Patrika dodr\u017euje tradice barven\u00ed \u0159eky Chicago na zeleno? Na po\u010dest svat\u00e9ho Patrika Ameri\u010dan\u00e9 barv\u00ed na zeleno dokonce i sjezdovky. | Zdroj: Foto: ara<\/p>\n<p>Irsko v posledn\u00edch letech za\u017e\u00edv\u00e1 siln\u00fd ekonomick\u00fd r\u016fst podporovan\u00fd p\u0159\u00edtomnost\u00ed nadn\u00e1rodn\u00edch korporac\u00ed, co\u017e p\u0159isp\u00edv\u00e1 k r\u016fstu populace i p\u0159\u00edlivu kvalifikovan\u00fdch pracovn\u00edk\u016f. Tempo v\u00fdstavby nov\u00fdch byt\u016f a dom\u016f ale za t\u00edmto v\u00fdvojem zaost\u00e1v\u00e1. Podle OECD z\u016fst\u00e1v\u00e1 dostupnost bydlen\u00ed jedn\u00edm z nejv\u011bt\u0161\u00edch struktur\u00e1ln\u00edch probl\u00e9m\u016f irsk\u00e9 ekonomiky a st\u00e1vaj\u00edc\u00ed nab\u00eddka nesta\u010d\u00ed pokr\u00fdvat pot\u0159eby rostouc\u00ed populace. Situaci d\u00e1le komplikuj\u00ed omezen\u00ed v \u00fazemn\u00edm pl\u00e1nov\u00e1n\u00ed, vysok\u00e9 stavebn\u00ed n\u00e1klady a nedostatek vhodn\u00fdch pozemk\u016f pro v\u00fdstavbu.\u00a0<\/p>\n<p>R\u016fst cen pokra\u010doval tak\u00e9 v roce 2025. Oproti roku 2015 se v Irsku bydlen\u00ed zdra\u017eilo o 47 procent. Podle irsk\u00e9ho statistick\u00e9ho \u00fa\u0159adu vzrostly ceny dom\u016f a byt\u016f meziro\u010dn\u011b t\u00e9m\u011b\u0159 o osm procent, p\u0159i\u010dem\u017e mimo Dublin byl r\u016fst je\u0161t\u011b v\u00fdrazn\u011bj\u0161\u00ed ne\u017e v hlavn\u00edm m\u011bst\u011b. Medi\u00e1n ceny prodan\u00e9ho bydlen\u00ed dos\u00e1hl 370 tis\u00edc eur, co\u017e d\u00e1le zhor\u0161uje dostupnost vlastnick\u00e9ho bydlen\u00ed zejm\u00e9na pro mlad\u00e9 dom\u00e1cnosti a prvn\u00ed kupuj\u00edc\u00ed.\u00a0<\/p>\n","protected":false},"excerpt":{"rendered":"Dostupnost bydlen\u00ed je pal\u010div\u00fdm t\u00e9matem pro \u0159adu evropsk\u00fdch zem\u00ed. Ve dvou z nich se ceny byt\u016f a dom\u016f&hellip;\n","protected":false},"author":2,"featured_media":111442,"comment_status":"","ping_status":"","sticky":false,"template":"","format":"standard","meta":{"footnotes":"","_share_on_mastodon":"0"},"categories":[7],"tags":[1311,43,42,41,40,949,1667,4403,9501,893,4771],"class_list":["post-111441","post","type-post","status-publish","format-standard","has-post-thumbnail","category-cesko","tag-bydleni","tag-ceska-republika","tag-cesko","tag-czech-republic","tag-czechia","tag-irsko","tag-listovackae15","tag-nemovitost","tag-oecd","tag-portugalsko","tag-turecko"],"share_on_mastodon":{"url":"https:\/\/pubeurope.com\/@cz\/116715533540432530","error":""},"_links":{"self":[{"href":"https:\/\/www.europesays.com\/cz\/wp-json\/wp\/v2\/posts\/111441","targetHints":{"allow":["GET"]}}],"collection":[{"href":"https:\/\/www.europesays.com\/cz\/wp-json\/wp\/v2\/posts"}],"about":[{"href":"https:\/\/www.europesays.com\/cz\/wp-json\/wp\/v2\/types\/post"}],"author":[{"embeddable":true,"href":"https:\/\/www.europesays.com\/cz\/wp-json\/wp\/v2\/users\/2"}],"replies":[{"embeddable":true,"href":"https:\/\/www.europesays.com\/cz\/wp-json\/wp\/v2\/comments?post=111441"}],"version-history":[{"count":0,"href":"https:\/\/www.europesays.com\/cz\/wp-json\/wp\/v2\/posts\/111441\/revisions"}],"wp:featuredmedia":[{"embeddable":true,"href":"https:\/\/www.europesays.com\/cz\/wp-json\/wp\/v2\/media\/111442"}],"wp:attachment":[{"href":"https:\/\/www.europesays.com\/cz\/wp-json\/wp\/v2\/media?parent=111441"}],"wp:term":[{"taxonomy":"category","embeddable":true,"href":"https:\/\/www.europesays.com\/cz\/wp-json\/wp\/v2\/categories?post=111441"},{"taxonomy":"post_tag","embeddable":true,"href":"https:\/\/www.europesays.com\/cz\/wp-json\/wp\/v2\/tags?post=111441"}],"curies":[{"name":"wp","href":"https:\/\/api.w.org\/{rel}","templated":true}]}}