{"id":113046,"date":"2026-06-10T06:01:19","date_gmt":"2026-06-10T06:01:19","guid":{"rendered":"https:\/\/www.europesays.com\/cz\/113046\/"},"modified":"2026-06-10T06:01:19","modified_gmt":"2026-06-10T06:01:19","slug":"rekordni-super-el-nino-s-extremnimi-teplotami-klimatolog-popsal-jak-ovlivni-pocasi-v-cesku","status":"publish","type":"post","link":"https:\/\/www.europesays.com\/cz\/113046\/","title":{"rendered":"Rekordn\u00ed super El Ni\u00f1o s extr\u00e9mn\u00edmi teplotami? Klimatolog popsal, jak ovlivn\u00ed po\u010das\u00ed v \u010cesku"},"content":{"rendered":"<p>\n                        Leto\u0161n\u00ed l\u00e9to bude podle n\u011bkter\u00fdch progn\u00f3z mimo\u0159\u00e1dn\u011b hork\u00e9, m\u00edsty a\u017e extr\u00e9mn\u00ed. M\u016f\u017ee za to klimatick\u00fd jev El Ni\u00f1o, kter\u00fd zvy\u0161uje teplotu planety a letos m\u00e1 b\u00fdt hodn\u011b siln\u00fd. V r\u016fzn\u00fdch \u010d\u00e1stech sv\u011bta tak m\u016f\u017ee p\u0159in\u00e9st extr\u00e9my. Od povodn\u00ed a\u017e po sucho. Redakce CNN Prima NEWS proto oslovila \u010desk\u00e9ho klimatologa Miloslava M\u00fcllera s ot\u00e1zkou, jak siln\u00fd dopad bude m\u00edt El Ni\u00f1o na Evropu.\n                    <\/p>\n<p>Klimatologov\u00e9 jsou si u\u017e prakticky jist\u00ed, \u017ee <a target=\"_blank\" href=\"https:\/\/cnn.iprima.cz\/pocasi-el-nino\" rel=\"nofollow noopener\">El Ni\u00f1o <\/a>letos doraz\u00ed. Ukazuj\u00ed to satelitn\u00ed sn\u00edmky, kter\u00e9 monitoruj\u00ed oteplov\u00e1n\u00ed vod v oblasti rovn\u00edkov\u00e9ho Pacifiku. \u201eU\u017e v sou\u010dasnosti teplota v Pacifiku stoup\u00e1 n\u011bkam na hranu, abychom se z neutr\u00e1ln\u00edch podm\u00ednek p\u0159esunuli do f\u00e1ze El Ni\u00f1o,\u201c \u0159ekl pro CNN Prima NEWS klimatolog Miloslav M\u00fcller z P\u0159\u00edrodov\u011bdeck\u00e9 fakulty UK a \u00dastavu fyziky atmosf\u00e9ry AV \u010cR.<\/p>\n<p>\u010cT\u011aTE TAK\u00c9: <a target=\"_blank\" class=\"hover:underline block mb-2\" href=\"https:\/\/cnn.iprima.cz\/kazachstan-ockuje-mraky-v-boji-se-suchem-kradou-nam-deste-stezuji-si-sousedni-zeme-514240\" rel=\"nofollow noopener\">Kazachst\u00e1n \u201eo\u010dkuje\u201c mraky v boji se suchem. Kradou n\u00e1m de\u0161t\u011b, st\u011b\u017euj\u00ed si sousedn\u00ed zem\u011b<\/a><\/p>\n<p>Jin\u00fdmi slovy, klimatick\u00fd jev pr\u00e1v\u011b za\u010d\u00edn\u00e1. Odhady jeho s\u00edly se ale r\u016fzn\u00ed. \u201eIntenzita El Ni\u00f1o z\u00e1vis\u00ed na n\u011bkolika faktorech. Podle na\u0161ich progn\u00f3z za\u017eijeme jev El Ni\u00f1o v rozmez\u00ed od m\u00edrn\u00e9ho a\u017e po siln\u00fd,\u201c \u0159ekl vedouc\u00ed odd\u011blen\u00ed klimatick\u00fdch p\u0159edpov\u011bd\u00ed Sv\u011btov\u00e9 meteorologick\u00e9 organizace (WMO) Wilfran Moufouma Okia citovan\u00fd <a target=\"_blank\" href=\"https:\/\/www.newbusinessage.com\/news\/48898\/each-el-nino-is-unique--says-wmo-s-climate-prediction-chief\/\" rel=\"nofollow noopener\">magaz\u00ednem New Business Age<\/a>.<\/p>\n<p>Mapy zbarven\u00e9 rud\u011b? V\u011bdec m\u00edrn\u00ed obavy<\/p>\n<p>Nicm\u00e9n\u011b podle mapy zve\u0159ejn\u011bn\u00e9 v britsk\u00e9m <a target=\"_blank\" href=\"https:\/\/www.dailymail.com\/sciencetech\/article-15882089\/Super-El-Nino-strongest-recorded.html?ns_mchannel=rss&amp;ns_campaign=1490&amp;ito=social-twitter_mailonline\" rel=\"nofollow noopener\">den\u00edku Daily Mail<\/a> p\u0159inese El Ni\u00f1o extr\u00e9mn\u00ed teploty skoro v\u0161ude na zemi. Dokonce i ve st\u0159edn\u00ed Evrop\u011b. \u010ce\u0161t\u00ed v\u011bdci situaci v\u0161ak tak \u201erud\u011b\u201c jako n\u011bkter\u00e9 progn\u00f3zy nevid\u00ed. \u201eSkute\u010dn\u011b nikoliv. Vztah mezi danou oscilac\u00ed a po\u010das\u00edm nebo charakterem sez\u00f3n ve st\u0159edn\u00ed Evrop\u011b nen\u00ed prok\u00e1zan\u00fd, tak\u017ee nemus\u00edme \u010dekat nic zvl\u00e1\u0161tn\u00edho,\u201c m\u00edrn\u00ed extr\u00e9mn\u00ed sc\u00e9n\u00e1\u0159e klimatolog M\u00fcller.<\/p>\n<p>Jin\u00e9 oblasti sv\u011bta by extr\u00e9my ale potkat mohly. N\u011bkter\u00e1 \u00fazem\u00ed by kv\u016fli El Ni\u00f1o mohla potkat velk\u00e1 sucha, nebo naopak povodn\u011b. Jev pravd\u011bpodobn\u011b ovlivn\u00ed leto\u0161n\u00ed hurik\u00e1novou sez\u00f3nu v Pacifiku i Atlantiku. \u201e\u010casto vid\u00edme velmi aktivn\u00ed pacifickou sez\u00f3nu s El Ni\u00f1o. A tak se mus\u00ed znepokojovat lid\u00e9 na Havaji, proto\u017ee bou\u0159e, kter\u00e9 se \u0161\u00ed\u0159\u00ed p\u0159es Pacifik, ohro\u017euj\u00ed i ostrovy,\u201c tvrd\u00ed meteorolog Robbie Berg zodpov\u011bdn\u00fd za koordinaci syst\u00e9mu varov\u00e1n\u00ed ze z\u00e1mo\u0159sk\u00e9ho N\u00e1rodn\u00edho centra pro hurik\u00e1ny NCC.<\/p>\n<p class=\"intro-title-mobile\">\n        \u010ct\u011bte tak\u00e9\n    <\/p>\n<p>        <a href=\"https:\/\/cnn.iprima.cz\/pocasi-el-nino\" class=\"image-link\" rel=\"nofollow noopener\" target=\"_blank\"><\/p>\n<p>            <img decoding=\"async\" loading=\"lazy\" class=\"image\" src=\"https:\/\/www.europesays.com\/cz\/wp-content\/uploads\/2026\/06\/3e143bf2d670642be70360a55dd8611e.jpg\" alt=\"El Nino: tepl\u00e1 f\u00e1ze cyklu ENSO na ilustra\u010dn\u00edm obr\u00e1zku Zem\u011b\"\/><\/p>\n<p>            <\/a><\/p>\n<p class=\"intro-title-desktop\">\n            \u010ct\u011bte tak\u00e9\n        <\/p>\n<p>                <a href=\"https:\/\/cnn.iprima.cz\/pocasi-el-nino\" class=\"title-link\" rel=\"nofollow noopener\" target=\"_blank\"><\/p>\n<p class=\"title\">\n                Jev, kter\u00fd stra\u0161\u00ed sv\u011bt: El Ni\u00f1o ude\u0159\u00ed je\u0161t\u011b siln\u011bji. M\u016f\u017ee p\u0159in\u00e9st extr\u00e9mn\u00ed po\u010das\u00ed\n            <\/p>\n<p>        <\/a><\/p>\n<p>                                                                                                31. b\u0159e 2026, 09:10<\/p>\n<p>                6 min \u010dten\u00ed<\/p>\n<p>N\u00e1rodn\u00ed \u00fa\u0159ad pro oce\u00e1n a atmosf\u00e9ru (NOAA) pod ministerstvem obchodu Spojen\u00fdch st\u00e1t\u016f v\u0161ak pro rok 2026 p\u0159edv\u00edd\u00e1 v\u00fdskyt hurik\u00e1n\u016f v Atlantiku pod standardn\u00edm pr\u016fm\u011brem, vypl\u00fdv\u00e1 z jeho stanoviska <a target=\"_blank\" href=\"https:\/\/www.noaa.gov\/news-release\/noaa-predicts-below-normal-2026-atlantic-hurricane-season\" rel=\"nofollow noopener\">z druh\u00e9 poloviny kv\u011btna<\/a>.<\/p>\n<p>Jev El Ni\u00f1o bude ovliv\u0148ovat po\u010das\u00ed dev\u011bt a\u017e dvan\u00e1ct m\u011bs\u00edc\u016f. Nejsiln\u011bj\u0161\u00ed b\u00fdv\u00e1 za\u010d\u00e1tkem zimy. Sp\u00ed\u0161e ne\u017e extr\u00e9mn\u00ed vedra by tak v Evrop\u011b mohl p\u0159in\u00e9st m\u00edrnou zimu. Podle n\u011bkter\u00fdch m\u00e9di\u00ed bude nadch\u00e1zej\u00edc\u00ed El Ni\u00f1o super siln\u00e9, pop\u0159\u00edpad\u011b m\u00e1 hrozit dokonce hydrometeorologick\u00e1 \u201eGodzilla\u201c. Takov\u00e1 hodnocen\u00ed ale \u010de\u0161t\u00ed v\u011bdci r\u00e1zn\u011b odm\u00edtaj\u00ed.<\/p>\n<p>MOHLO V\u00c1M UNIKNOUT: <a target=\"_blank\" class=\"hover:underline block mb-2\" href=\"https:\/\/cnn.iprima.cz\/nastane-velky-teplotni-obrat-514259\" rel=\"nofollow noopener\">Velk\u00fd teplotn\u00ed obrat: Modely barv\u00ed mapu \u010ceska doruda. Kdy se vr\u00e1t\u00ed tropy?<\/a><\/p>\n","protected":false},"excerpt":{"rendered":"Leto\u0161n\u00ed l\u00e9to bude podle n\u011bkter\u00fdch progn\u00f3z mimo\u0159\u00e1dn\u011b hork\u00e9, m\u00edsty a\u017e extr\u00e9mn\u00ed. M\u016f\u017ee za to klimatick\u00fd jev El Ni\u00f1o,&hellip;\n","protected":false},"author":2,"featured_media":113047,"comment_status":"","ping_status":"","sticky":false,"template":"","format":"standard","meta":{"footnotes":"","_share_on_mastodon":"0"},"categories":[11],"tags":[54,53,52],"class_list":["post-113046","post","type-post","status-publish","format-standard","has-post-thumbnail","category-svet","tag-svet","tag-world","tag-world-news"],"share_on_mastodon":{"url":"https:\/\/pubeurope.com\/@cz\/116724294803901577","error":""},"_links":{"self":[{"href":"https:\/\/www.europesays.com\/cz\/wp-json\/wp\/v2\/posts\/113046","targetHints":{"allow":["GET"]}}],"collection":[{"href":"https:\/\/www.europesays.com\/cz\/wp-json\/wp\/v2\/posts"}],"about":[{"href":"https:\/\/www.europesays.com\/cz\/wp-json\/wp\/v2\/types\/post"}],"author":[{"embeddable":true,"href":"https:\/\/www.europesays.com\/cz\/wp-json\/wp\/v2\/users\/2"}],"replies":[{"embeddable":true,"href":"https:\/\/www.europesays.com\/cz\/wp-json\/wp\/v2\/comments?post=113046"}],"version-history":[{"count":0,"href":"https:\/\/www.europesays.com\/cz\/wp-json\/wp\/v2\/posts\/113046\/revisions"}],"wp:featuredmedia":[{"embeddable":true,"href":"https:\/\/www.europesays.com\/cz\/wp-json\/wp\/v2\/media\/113047"}],"wp:attachment":[{"href":"https:\/\/www.europesays.com\/cz\/wp-json\/wp\/v2\/media?parent=113046"}],"wp:term":[{"taxonomy":"category","embeddable":true,"href":"https:\/\/www.europesays.com\/cz\/wp-json\/wp\/v2\/categories?post=113046"},{"taxonomy":"post_tag","embeddable":true,"href":"https:\/\/www.europesays.com\/cz\/wp-json\/wp\/v2\/tags?post=113046"}],"curies":[{"name":"wp","href":"https:\/\/api.w.org\/{rel}","templated":true}]}}