{"id":113531,"date":"2026-06-10T14:20:20","date_gmt":"2026-06-10T14:20:20","guid":{"rendered":"https:\/\/www.europesays.com\/cz\/113531\/"},"modified":"2026-06-10T14:20:20","modified_gmt":"2026-06-10T14:20:20","slug":"vytvarim-velky-tlak-schillerova-chce-presunout","status":"publish","type":"post","link":"https:\/\/www.europesays.com\/cz\/113531\/","title":{"rendered":"\u201eVytv\u00e1\u0159\u00edm velk\u00fd tlak.\u201c Schillerov\u00e1 chce p\u0159esunout&#8230;"},"content":{"rendered":"<p>Ministerstvo financ\u00ed pod veden\u00edm ministryn\u011b Aleny Schillerov\u00e9 (ANO) chce, aby veden\u00ed samospr\u00e1v m\u011blo v\u00fdznamnou \u010d\u00e1st z voln\u00fdch pen\u011bz ulo\u017eenou u \u010cesk\u00e9 n\u00e1rodn\u00ed banky (\u010cNB). Ke konci lo\u0148sk\u00e9ho roku m\u011bly obce a kraje na \u00fa\u010dtech zhruba 542 miliard korun. Zat\u00edmco st\u00e1t by d\u00edky tomuto kroku mohl u\u0161et\u0159it na obsluze vlastn\u00edho dluhu, Svaz m\u011bst a obc\u00ed upozor\u0148uje na mo\u017en\u00e1 rizika spojen\u00e1 s budouc\u00edm financov\u00e1n\u00edm obecn\u00edch investic.<\/p>\n<p>Podle \u00fadaj\u016f ministerstva financ\u00ed maj\u00ed v sou\u010dasnosti samospr\u00e1vy ulo\u017eena u centr\u00e1ln\u00ed banky pouze zhruba t\u0159i procenta sv\u00fdch \u00faspor. V\u011bt\u0161ina prost\u0159edk\u016f se nach\u00e1z\u00ed na \u00fa\u010dtech komer\u010dn\u00edch bank. Ministryn\u011b financ\u00ed Alena Schillerov\u00e1 (ANO) uvedla, \u017ee resort ve spolupr\u00e1ci s \u010cNB aktu\u00e1ln\u011b pracuje na vytvo\u0159en\u00ed takov\u00fdch podm\u00ednek, kter\u00e9 by pro m\u011bsta a obce ud\u011blaly p\u0159esun pen\u011bz do centr\u00e1ln\u00ed banky atraktivn\u00edm. Pokud by st\u00e1t mohl t\u011bmito prost\u0159edky disponovat, sn\u00ed\u017eila by se jeho pot\u0159eba p\u016fj\u010dovat si pen\u00edze na finan\u010dn\u00edch trz\u00edch.<\/p>\n<p>\u201eVytv\u00e1\u0159\u00edm tlak, velk\u00fd tlak, aby \u010cesk\u00e1 n\u00e1rodn\u00ed banka vytvo\u0159ila podm\u00ednky, aby municipality m\u011bly ulo\u017een\u00e9 pen\u00edze u \u010cNB,\u201c \u0159ekla \u0161\u00e9fka st\u00e1tn\u00ed kasy p\u0159ed dv\u011bma t\u00fddny b\u011bhem sv\u00e9 \u00favodn\u00ed \u0159e\u010di na N\u00e1rodn\u00edm ekonomick\u00e9m f\u00f3ru s t\u00edm, \u017ee sou\u010dasn\u00fd t\u0159\u00edprocentn\u00ed pod\u00edl v centr\u00e1ln\u00ed bance podle n\u00ed \u201enen\u00ed dob\u0159e.\u201c<\/p>\n<p>Proti z\u00e1m\u011bru se ohrazuje Svaz m\u011bst a obc\u00ed \u010cR. Jeho v\u00fdkonn\u00e1 \u0159editelka Radka Vladykov\u00e1 upozor\u0148uje, \u017ee p\u0159esun \u00faspor z komer\u010dn\u00edch bank m\u016f\u017ee naru\u0161it klientsk\u00e9 vztahy.<\/p>\n<p>\u201eKdy\u017e obce a m\u011bsta pot\u0159ebuj\u00ed p\u016fj\u010dit pen\u00edze na investice, mus\u00ed b\u00fdt dobr\u00fdm klientem pro svoji banku. Pokud oslab\u00edte z\u00e1sahem st\u00e1tu konkuren\u010dn\u00ed prost\u0159ed\u00ed a st\u00e1hnete bank\u00e1m depozita, banka v\u00e1s jako nestabiln\u00edho klienta prov\u011b\u0159\u00ed a m\u016f\u017ee v\u00e1m d\u00e1t vy\u0161\u0161\u00ed \u00farokovou sazbu,\u201c vysv\u011btlila Vladykov\u00e1 mo\u017en\u00e1 rizika pro budouc\u00ed rozpo\u010dty samospr\u00e1v.<\/p>\n<p>Z\u00e1stupci bankovn\u00edho sektoru jsou zat\u00edm v hodnocen\u00ed situace zdr\u017eenliv\u00ed, proto\u017ee konkr\u00e9tn\u00ed obrysy pl\u00e1nu je\u0161t\u011b nebyly p\u0159edstaveny. Mluv\u010d\u00ed \u010cNB Jaroslav Krej\u010d\u00ed potvrdil, \u017ee jedn\u00e1n\u00ed o parametrech nov\u00e9ho produktu nejsou uzav\u0159ena, jak napsal web <a rel=\"noreferrer noopener nofollow\" href=\"https:\/\/zpravy.aktualne.cz\/domaci\/obri-penize-lezi-ladem-u-bank-schillerova-chysta-hromadny-presun-narazi-na-odpor\/r~aaa297ed45a514b4a6820fef8563c2c0\/\" data-type=\"URL\" data-id=\"https:\/\/zpravy.aktualne.cz\/domaci\/obri-penize-lezi-ladem-u-bank-schillerova-chysta-hromadny-presun-narazi-na-odpor\/r~aaa297ed45a514b4a6820fef8563c2c0\/\" target=\"_blank\">Aktu\u00e1ln\u011b.cz<\/a>.<\/p>\n<p>\u010cesk\u00e1 bankovn\u00ed asociace (\u010cBA) upozornila, \u017ee komer\u010dn\u00ed banky neposkytuj\u00ed obc\u00edm pouze \u00faro\u010den\u00ed vklad\u016f, ale komplexn\u00ed slu\u017eby zahrnuj\u00edc\u00ed platebn\u00ed styk, financov\u00e1n\u00ed a spr\u00e1vu likvidity. B\u00fdval\u00fd guvern\u00e9r \u010cNB Miroslav Singer k t\u00e9matu dodal, \u017ee p\u0159\u00edpadn\u00fd odliv prost\u0159edk\u016f (nap\u0159\u00edklad v objemu 100 miliard korun) by sice komer\u010dn\u00ed banky poc\u00edtily, konkuren\u010dn\u00ed prost\u0159ed\u00ed na bankovn\u00edm trhu by to ale z\u00e1sadn\u011b nenaru\u0161ilo.<\/p>\n","protected":false},"excerpt":{"rendered":"Ministerstvo financ\u00ed pod veden\u00edm ministryn\u011b Aleny Schillerov\u00e9 (ANO) chce, aby veden\u00ed samospr\u00e1v m\u011blo v\u00fdznamnou \u010d\u00e1st z voln\u00fdch pen\u011bz&hellip;\n","protected":false},"author":2,"featured_media":113532,"comment_status":"","ping_status":"","sticky":false,"template":"","format":"standard","meta":{"footnotes":"","_share_on_mastodon":"0"},"categories":[7],"tags":[43,42,41,40],"class_list":["post-113531","post","type-post","status-publish","format-standard","has-post-thumbnail","category-cesko","tag-ceska-republika","tag-cesko","tag-czech-republic","tag-czechia"],"share_on_mastodon":{"url":"https:\/\/pubeurope.com\/@cz\/116726256719463317","error":""},"_links":{"self":[{"href":"https:\/\/www.europesays.com\/cz\/wp-json\/wp\/v2\/posts\/113531","targetHints":{"allow":["GET"]}}],"collection":[{"href":"https:\/\/www.europesays.com\/cz\/wp-json\/wp\/v2\/posts"}],"about":[{"href":"https:\/\/www.europesays.com\/cz\/wp-json\/wp\/v2\/types\/post"}],"author":[{"embeddable":true,"href":"https:\/\/www.europesays.com\/cz\/wp-json\/wp\/v2\/users\/2"}],"replies":[{"embeddable":true,"href":"https:\/\/www.europesays.com\/cz\/wp-json\/wp\/v2\/comments?post=113531"}],"version-history":[{"count":0,"href":"https:\/\/www.europesays.com\/cz\/wp-json\/wp\/v2\/posts\/113531\/revisions"}],"wp:featuredmedia":[{"embeddable":true,"href":"https:\/\/www.europesays.com\/cz\/wp-json\/wp\/v2\/media\/113532"}],"wp:attachment":[{"href":"https:\/\/www.europesays.com\/cz\/wp-json\/wp\/v2\/media?parent=113531"}],"wp:term":[{"taxonomy":"category","embeddable":true,"href":"https:\/\/www.europesays.com\/cz\/wp-json\/wp\/v2\/categories?post=113531"},{"taxonomy":"post_tag","embeddable":true,"href":"https:\/\/www.europesays.com\/cz\/wp-json\/wp\/v2\/tags?post=113531"}],"curies":[{"name":"wp","href":"https:\/\/api.w.org\/{rel}","templated":true}]}}