{"id":114523,"date":"2026-06-11T11:56:07","date_gmt":"2026-06-11T11:56:07","guid":{"rendered":"https:\/\/www.europesays.com\/cz\/114523\/"},"modified":"2026-06-11T11:56:07","modified_gmt":"2026-06-11T11:56:07","slug":"usa-znovu-uderily-na-iran-teheran-oznamil-uplne-uzavreni-hormuzskeho-prulivu-2","status":"publish","type":"post","link":"https:\/\/www.europesays.com\/cz\/114523\/","title":{"rendered":"USA znovu ude\u0159ily na \u00cdr\u00e1n, Teher\u00e1n ozn\u00e1mil \u00fapln\u00e9 uzav\u0159en\u00ed Hormuzsk\u00e9ho pr\u016flivu"},"content":{"rendered":"<p>&#13;<br \/>\n  Komer\u010dn\u00ed prezentace Aktual.: 11.06.2026 11:59&#13;<br \/>\n  Vyd\u00e1no: 11.06.2026, 05:46&#13;\n<\/p>\n<p class=\"big\" itemprop=\"description\">    Teher\u00e1n\/Washington &#8211; Americk\u00e1 arm\u00e1da dnes nad r\u00e1nem SEL\u010c ozn\u00e1mila, \u017ee dokon\u010dila dal\u0161\u00ed kolo \u00fatok\u016f proti \u00cdr\u00e1nu, p\u0159i kter\u00e9m se zam\u011b\u0159ila na protivzdu\u0161nou obranu \u010di komunika\u010dn\u00ed techniku \u00edr\u00e1nsk\u00e9 arm\u00e1dy po cel\u00e9 zemi, podobn\u011b jako p\u0159i \u00fatoku o den d\u0159\u00edve. \u00cdr\u00e1n reagoval ozn\u00e1men\u00edm, \u017ee zcela uzav\u0159el Hormuzsk\u00fd pr\u016fliv a \u017ee za\u00fato\u010dil na americk\u00e9 z\u00e1kladny v Bahrajnu a Kuvajtu a na z\u00e1kladnu s americkou vojenskou technikou v Jord\u00e1nsku. Kv\u016fli nov\u00e9 eskalaci v\u00e1lky, kter\u00e1 za\u010dala 28. \u00fanora americk\u00fdmi a izraelsk\u00fdmi \u00fadery, se dnes op\u011bt zv\u00fd\u0161ily ceny ropy, pozd\u011bji se v\u0161ak tento r\u016fst zm\u00edrnil.<\/p>\n<p>Americk\u00e9 \u00fatoky n\u00e1sledovaly po varov\u00e1n\u00ed prezidenta Donalda Trumpa, \u017ee USA budou \u00fato\u010dit, pokud Teher\u00e1n nepodep\u00ed\u0161e m\u00edrovou dohodu. \u00danorov\u00fd \u00fatok USA a Izrael zd\u016fvodnily obavami o bezpe\u010dnost a snahou zabr\u00e1nit Teher\u00e1nu ve v\u00fdvoji jadern\u00e9 zbran\u011b. Teher\u00e1n v odvet\u011b \u00fato\u010dil na Izrael i zem\u011b Persk\u00e9ho z\u00e1livu, kde c\u00edlil na m\u00edsta spojen\u00e1 s USA a pr\u016fmyslovou, zejm\u00e9na ropnou infrastrukturu. Od 8. dubna plat\u00ed p\u0159\u00edm\u011b\u0159\u00ed, kter\u00e9 je ale u\u017e n\u011bkolik t\u00fddn\u016f poru\u0161ov\u00e1no. M\u00edrov\u00e1 jedn\u00e1n\u00ed, zprost\u0159edkov\u00e1van\u00e1 P\u00e1kist\u00e1nem, uv\u00e1zla na mrtv\u00e9m bod\u011b, konalo se jen jedno kolo p\u0159\u00edm\u00fdch rozhovor\u016f 11. dubna.<\/p>\n<p>Minul\u00fd t\u00fdden v ned\u011bli \u00cdr\u00e1n vyslal n\u011bkolik balistick\u00fdch st\u0159el na Izrael s t\u00edm, \u017ee tak \u010din\u00ed v odvet\u011b za izraelsk\u00e9 \u00fatoky na ji\u017en\u00edm p\u0159edm\u011bst\u00ed Bejr\u00fatu. Izraelsk\u00e1 arm\u00e1da posl\u00e9ze uskute\u010dnila vzdu\u0161n\u00e9 \u00fadery v n\u011bkolika oblastech \u00cdr\u00e1nu. Tyto vz\u00e1jemn\u00e9 \u00fatoky byly prvn\u00ed od p\u0159\u00edm\u011b\u0159\u00ed z 8. dubna, Izrael ale opakovan\u011b tvrdil, \u017ee p\u0159\u00edm\u011b\u0159\u00ed se nevztahuje na jeho boj s libanonsk\u00fdm hnut\u00edm Hizball\u00e1h.<\/p>\n<p>Trump v ned\u011bli ne\u00fasp\u011b\u0161n\u011b vyzval izraelskou vl\u00e1du, aby na ned\u011bln\u00ed \u00edr\u00e1nsk\u00e9 \u00fatoky neodpov\u011bd\u011bla. V \u00fater\u00fd pak ale americk\u00fd prezident obvinil \u00cdr\u00e1n, \u017ee nad Hormuzsk\u00fdm pr\u016flivem sest\u0159elil americk\u00fd vrtuln\u00edk Apache, a na\u0159\u00eddil odvetu.<\/p>\n<p>Nejnov\u011bj\u0161\u00ed americk\u00e9 \u00fadery za\u010daly dnes kr\u00e1tce po p\u016flnoci \u00edr\u00e1nsk\u00e9ho \u010dasu (ve st\u0159edu 23:15 SEL\u010c) a jejich ukon\u010den\u00ed ozn\u00e1mily USA po \u010dty\u0159ech hodin\u00e1ch. V oblasti Teher\u00e1nu byli zran\u011bni t\u0159i lid\u00e9, uvedla \u00edr\u00e1nsk\u00e1 agentura Fars. V\u011bt\u0161ina \u00fader\u016f m\u00ed\u0159ila na jih \u00cdr\u00e1nu, v\u010detn\u011b p\u0159\u00edstavu Bandar Abb\u00e1s, kter\u00e9 je jedn\u00edm nejd\u016fle\u017eit\u011bj\u0161\u00edch \u00edr\u00e1nsk\u00fdch vojensk\u00fdch center v oblasti Persk\u00e9ho z\u00e1livu.<\/p>\n<p>\u00cdr\u00e1nsk\u00e1 arm\u00e1da kr\u00e1tce po za\u010d\u00e1tku nejnov\u011bj\u0161\u00edch americk\u00fdch \u00fatok\u016f ozn\u00e1mila, \u017ee zcela uzav\u0159ela Hormuzsk\u00fd pr\u016fliv a zas\u00e1hla dv\u011b lod\u011b, kter\u00e9 se sna\u017eily \u00fa\u017einou proplout. Washington ale informaci o uzav\u0159en\u00ed \u00fa\u017einy ozna\u010dil za nepravdivou.<\/p>\n<p>Hormuzsk\u00fd pr\u016fliv, j\u00edm\u017e p\u0159ed v\u00e1lkou proch\u00e1zela asi p\u011btina sv\u011btov\u00fdch dod\u00e1vek ropy a zkapaln\u011bn\u00e9ho zemn\u00edho plynu, \u00cdr\u00e1n blokuje od za\u010d\u00e1tku v\u00e1lky a nech\u00e1v\u00e1 proplouvat jen mal\u00e9 mno\u017estv\u00ed lod\u00ed, nap\u0159\u00edklad indick\u00e9 \u010di japonsk\u00e9. USA v odvet\u011b od poloviny dubna blokuj\u00ed \u00edr\u00e1nsk\u00e9 p\u0159\u00edstavy. Ve st\u0159edu americk\u00e9 jednotky za\u00fato\u010dily na indick\u00fd ropn\u00fd tanker v Om\u00e1nsk\u00e9m z\u00e1livu a zabily p\u0159i tom t\u0159i indick\u00e9 n\u00e1mo\u0159n\u00edky, dal\u0161\u00edch 21 Ind\u016f z tankeru se zachr\u00e1nilo.<\/p>\n<p>Kuvajt dnes ozn\u00e1mil, \u017ee kv\u016fli \u00edr\u00e1nsk\u00fdm \u00fatok\u016fm uzav\u0159el sv\u016fj vzdu\u0161n\u00fd prostor. Tak\u00e9 v Bahrajnu opakovan\u011b zn\u011bly sir\u00e9ny a v d\u016fsledku \u00edr\u00e1nsk\u00fdch \u00fatok\u016f byla lehce zran\u011bna 11let\u00e1 d\u00edvka. \u00cdr\u00e1nsk\u00e1 arm\u00e1da b\u011bhem noci uvedla, \u017ee \u00fato\u010d\u00ed na americk\u00e9 z\u00e1kladny v obou zem\u00edch a pozd\u011bji ozn\u00e1mila, \u017ee vyslala 12 balistick\u00fdch st\u0159el tak\u00e9 na z\u00e1kladnu s americkou vojenskou technikou v Jord\u00e1nsku.<\/p>\n<p class=\"tags\">&#13;<br \/>\n<a href=\"https:\/\/www.ceskenoviny.cz\/tema\/usa\/196\" class=\"tag blue\" itemprop=\"about\" rel=\"tag nofollow noopener\" target=\"_blank\">USA<\/a>&#13;<br \/>\n&#13;<br \/>\n&#13;<br \/>\n&#13;<br \/>\n<a href=\"https:\/\/www.ceskenoviny.cz\/tema\/kuvajt\/74\" class=\"tag blue\" itemprop=\"about\" rel=\"tag nofollow noopener\" target=\"_blank\">Kuvajt<\/a>&#13;<br \/>\n&#13;<br \/>\n&#13;<br \/>\n&#13;<br \/>\n<a href=\"https:\/\/www.ceskenoviny.cz\/tema\/jordansko\/72\" class=\"tag blue\" itemprop=\"about\" rel=\"tag nofollow noopener\" target=\"_blank\">Jord\u00e1nsko<\/a>&#13;<br \/>\n&#13;<br \/>\n&#13;<br \/>\n&#13;<br \/>\n<a href=\"https:\/\/www.ceskenoviny.cz\/tema\/iran\/69\" class=\"tag blue\" itemprop=\"about\" rel=\"tag nofollow noopener\" target=\"_blank\">\u00cdr\u00e1n<\/a>&#13;<br \/>\n&#13;<br \/>\n&#13;<br \/>\n&#13;<br \/>\n<a href=\"https:\/\/www.ceskenoviny.cz\/tema\/bahrajn\/66\" class=\"tag blue\" itemprop=\"about\" rel=\"tag nofollow noopener\" target=\"_blank\">Bahrajn<\/a>&#13;<br \/>\n&#13;<br \/>\n&#13;<br \/>\n&#13;<br \/>\n<a href=\"https:\/\/www.ceskenoviny.cz\/tema\/boje\/306\" class=\"tag blue\" itemprop=\"about\" rel=\"tag nofollow noopener\" target=\"_blank\">boje<\/a>&#13;<br \/>\n&#13;<br \/>\n&#13;<br \/>\n&#13;<br \/>\n &#13;<\/p>\n","protected":false},"excerpt":{"rendered":"&#13; Komer\u010dn\u00ed prezentace Aktual.: 11.06.2026 11:59&#13; Vyd\u00e1no: 11.06.2026, 05:46&#13; Teher\u00e1n\/Washington &#8211; Americk\u00e1 arm\u00e1da dnes nad r\u00e1nem SEL\u010c ozn\u00e1mila,&hellip;\n","protected":false},"author":2,"featured_media":114155,"comment_status":"","ping_status":"","sticky":false,"template":"","format":"standard","meta":{"footnotes":"","_share_on_mastodon":"0"},"categories":[11],"tags":[7480,64,302,304,305,303,808,1305,7301,54,113,53,52],"class_list":["post-114523","post","type-post","status-publish","format-standard","has-post-thumbnail","category-svet","tag-bahrajn","tag-boje","tag-ceskenoviny-cz","tag-cn","tag-cn-cz","tag-ctk","tag-iran","tag-jordansko","tag-kuvajt","tag-svet","tag-usa","tag-world","tag-world-news"],"share_on_mastodon":{"url":"https:\/\/pubeurope.com\/@cz\/116731352403805086","error":""},"_links":{"self":[{"href":"https:\/\/www.europesays.com\/cz\/wp-json\/wp\/v2\/posts\/114523","targetHints":{"allow":["GET"]}}],"collection":[{"href":"https:\/\/www.europesays.com\/cz\/wp-json\/wp\/v2\/posts"}],"about":[{"href":"https:\/\/www.europesays.com\/cz\/wp-json\/wp\/v2\/types\/post"}],"author":[{"embeddable":true,"href":"https:\/\/www.europesays.com\/cz\/wp-json\/wp\/v2\/users\/2"}],"replies":[{"embeddable":true,"href":"https:\/\/www.europesays.com\/cz\/wp-json\/wp\/v2\/comments?post=114523"}],"version-history":[{"count":0,"href":"https:\/\/www.europesays.com\/cz\/wp-json\/wp\/v2\/posts\/114523\/revisions"}],"wp:featuredmedia":[{"embeddable":true,"href":"https:\/\/www.europesays.com\/cz\/wp-json\/wp\/v2\/media\/114155"}],"wp:attachment":[{"href":"https:\/\/www.europesays.com\/cz\/wp-json\/wp\/v2\/media?parent=114523"}],"wp:term":[{"taxonomy":"category","embeddable":true,"href":"https:\/\/www.europesays.com\/cz\/wp-json\/wp\/v2\/categories?post=114523"},{"taxonomy":"post_tag","embeddable":true,"href":"https:\/\/www.europesays.com\/cz\/wp-json\/wp\/v2\/tags?post=114523"}],"curies":[{"name":"wp","href":"https:\/\/api.w.org\/{rel}","templated":true}]}}